{"id":101889,"date":"2025-02-05T11:00:00","date_gmt":"2025-02-05T10:00:00","guid":{"rendered":"https:\/\/www.manquepierda.com\/historiarealbetis\/?p=101889"},"modified":"2025-02-02T11:24:37","modified_gmt":"2025-02-02T10:24:37","slug":"fotografia-oficial-de-la-plantilla-temporada-1975-76","status":"publish","type":"post","link":"https:\/\/www.manquepierda.com\/historiarealbetis\/fotografia-oficial-de-la-plantilla-temporada-1975-76\/","title":{"rendered":"Fotograf\u00eda oficial de la plantilla. Temporada 1975-76."},"content":{"rendered":"\n<figure class=\"wp-block-image size-large\"><img data-recalc-dims=\"1\" loading=\"lazy\" decoding=\"async\" width=\"960\" height=\"626\" src=\"https:\/\/i0.wp.com\/www.manquepierda.com\/historiarealbetis\/files\/2025\/02\/Fotografia-oficial-1975-76.jpg?resize=960%2C626&#038;ssl=1\" alt=\"\" class=\"wp-image-101890\" srcset=\"https:\/\/i0.wp.com\/www.manquepierda.com\/historiarealbetis\/files\/2025\/02\/Fotografia-oficial-1975-76-scaled.jpg?resize=960%2C626&amp;ssl=1 960w, https:\/\/i0.wp.com\/www.manquepierda.com\/historiarealbetis\/files\/2025\/02\/Fotografia-oficial-1975-76-scaled.jpg?resize=680%2C443&amp;ssl=1 680w, https:\/\/i0.wp.com\/www.manquepierda.com\/historiarealbetis\/files\/2025\/02\/Fotografia-oficial-1975-76-scaled.jpg?resize=220%2C143&amp;ssl=1 220w, https:\/\/i0.wp.com\/www.manquepierda.com\/historiarealbetis\/files\/2025\/02\/Fotografia-oficial-1975-76-scaled.jpg?resize=768%2C501&amp;ssl=1 768w, https:\/\/i0.wp.com\/www.manquepierda.com\/historiarealbetis\/files\/2025\/02\/Fotografia-oficial-1975-76-scaled.jpg?resize=1536%2C1002&amp;ssl=1 1536w, https:\/\/i0.wp.com\/www.manquepierda.com\/historiarealbetis\/files\/2025\/02\/Fotografia-oficial-1975-76-scaled.jpg?resize=2048%2C1336&amp;ssl=1 2048w\" sizes=\"auto, (max-width: 960px) 100vw, 960px\" \/><\/figure>\n\n\n<p>\u00a0<\/p>\n<p>Fotograf\u00eda oficial de la plantilla del Real Betis Balompi\u00e9 en la temporada 1975-76 con la tribuna de Gol Norte de fondo.<\/p>\n<p>En la imagen Esteban Areta, Vicente Montiel, Escalante, Cobo, Mendieta, Rogelio, Alabanda, Lobato, Cui\u00f1as, Biosca, Ladinszky, Iglesias, Sabat\u00e9, Garc\u00eda Soriano, Bizcocho, Blanco, L\u00f3pez, Carde\u00f1osa, Ben\u00edtez, Anzarda, Del Pozo y Ferenc Szusza; delante los guardametas Javier, Garc\u00eda Fern\u00e1ndez y Esnaola.\u00a0\u00a0<\/p>","protected":false},"excerpt":{"rendered":"<p>\u00a0 Fotograf\u00eda oficial de la plantilla del Real Betis Balompi\u00e9 en la temporada 1975-76 con la tribuna de Gol Norte de fondo. En la imagen Esteban Areta, Vicente Montiel, Escalante, Cobo, Mendieta, Rogelio, Alabanda, Lobato, Cui\u00f1as, Biosca, Ladinszky, Iglesias, Sabat\u00e9, Garc\u00eda Soriano, Bizcocho, Blanco, L\u00f3pez, Carde\u00f1osa, Ben\u00edtez, Anzarda, Del Pozo y Ferenc Szusza; delante los&#8230;<\/p>\n","protected":false},"author":5,"featured_media":101890,"comment_status":"open","ping_status":"open","sticky":false,"template":"","format":"standard","meta":{"_kad_post_transparent":"","_kad_post_title":"","_kad_post_layout":"","_kad_post_sidebar_id":"","_kad_post_content_style":"","_kad_post_vertical_padding":"","_kad_post_feature":"","_kad_post_feature_position":"","_kad_post_header":false,"_kad_post_footer":false,"_kad_post_classname":"","_jetpack_memberships_contains_paid_content":false,"footnotes":"","jetpack_publicize_message":"","jetpack_publicize_feature_enabled":true,"jetpack_social_post_already_shared":true,"jetpack_social_options":{"image_generator_settings":{"template":"highway","default_image_id":0,"font":"","enabled":false},"version":2}},"categories":[903,1],"tags":[2504,1120,1157,18132,1045,1179,1567,1317,1092,4964,1245,1304,1178,10370,1566,1302,1346,1505,1181,1155,3862,1123,1632,1396,1164,1606],"class_list":["post-101889","post","type-post","status-publish","format-standard","has-post-thumbnail","hentry","category-1970-1979","category-portada","tag-1975-76","tag-antonio-benitez","tag-antonio-biosca","tag-attila-ladinszky","tag-celso-mendieta","tag-eduardo-anzarda","tag-eduardo-garcia-fernandez","tag-esteban-areta","tag-ferenc-szusza","tag-fernando-lobato","tag-francisco-bizcocho","tag-jaume-sabate","tag-javier-lopez","tag-javier-molero","tag-jose-cuinas","tag-jose-ramon-esnaola","tag-jose-tomas-escalante","tag-juan-antonio-garcia-soriano","tag-juan-manuel-cobo","tag-julio-cardenosa","tag-julio-iglesias","tag-rafael-del-pozo","tag-ramon-blanco","tag-rogelio-sosa","tag-sebastian-alabanda","tag-vicente-montiel"],"jetpack_publicize_connections":[],"jetpack_featured_media_url":"https:\/\/i0.wp.com\/www.manquepierda.com\/historiarealbetis\/files\/2025\/02\/Fotografia-oficial-1975-76-scaled.jpg?fit=2560%2C1670&ssl=1","jetpack_sharing_enabled":true,"jetpack_shortlink":"https:\/\/wp.me\/p1ij08-qvn","jetpack-related-posts":[],"_links":{"self":[{"href":"https:\/\/www.manquepierda.com\/historiarealbetis\/wp-json\/wp\/v2\/posts\/101889","targetHints":{"allow":["GET"]}}],"collection":[{"href":"https:\/\/www.manquepierda.com\/historiarealbetis\/wp-json\/wp\/v2\/posts"}],"about":[{"href":"https:\/\/www.manquepierda.com\/historiarealbetis\/wp-json\/wp\/v2\/types\/post"}],"author":[{"embeddable":true,"href":"https:\/\/www.manquepierda.com\/historiarealbetis\/wp-json\/wp\/v2\/users\/5"}],"replies":[{"embeddable":true,"href":"https:\/\/www.manquepierda.com\/historiarealbetis\/wp-json\/wp\/v2\/comments?post=101889"}],"version-history":[{"count":2,"href":"https:\/\/www.manquepierda.com\/historiarealbetis\/wp-json\/wp\/v2\/posts\/101889\/revisions"}],"predecessor-version":[{"id":101892,"href":"https:\/\/www.manquepierda.com\/historiarealbetis\/wp-json\/wp\/v2\/posts\/101889\/revisions\/101892"}],"wp:featuredmedia":[{"embeddable":true,"href":"https:\/\/www.manquepierda.com\/historiarealbetis\/wp-json\/wp\/v2\/media\/101890"}],"wp:attachment":[{"href":"https:\/\/www.manquepierda.com\/historiarealbetis\/wp-json\/wp\/v2\/media?parent=101889"}],"wp:term":[{"taxonomy":"category","embeddable":true,"href":"https:\/\/www.manquepierda.com\/historiarealbetis\/wp-json\/wp\/v2\/categories?post=101889"},{"taxonomy":"post_tag","embeddable":true,"href":"https:\/\/www.manquepierda.com\/historiarealbetis\/wp-json\/wp\/v2\/tags?post=101889"}],"curies":[{"name":"wp","href":"https:\/\/api.w.org\/{rel}","templated":true}]}}