{"id":101972,"date":"2025-02-10T11:00:00","date_gmt":"2025-02-10T10:00:00","guid":{"rendered":"https:\/\/www.manquepierda.com\/historiarealbetis\/?p=101972"},"modified":"2025-02-06T07:45:55","modified_gmt":"2025-02-06T06:45:55","slug":"entrevista-victor-fernandez-2010","status":"publish","type":"post","link":"https:\/\/www.manquepierda.com\/historiarealbetis\/entrevista-victor-fernandez-2010\/","title":{"rendered":"Entrevista V\u00edctor Fern\u00e1ndez 2010."},"content":{"rendered":"<div class=\"wp-block-image\">\n<figure class=\"aligncenter size-full is-resized\"><img data-recalc-dims=\"1\" loading=\"lazy\" decoding=\"async\" width=\"458\" height=\"290\" src=\"https:\/\/i0.wp.com\/www.manquepierda.com\/historiarealbetis\/files\/2025\/02\/Entrevista-Victor-Fernandez-2010-NMP-Marca-15-04-2010.jpg?resize=458%2C290&#038;ssl=1\" alt=\"\" class=\"wp-image-101973\" style=\"width:508px;height:auto\" srcset=\"https:\/\/i0.wp.com\/www.manquepierda.com\/historiarealbetis\/files\/2025\/02\/Entrevista-Victor-Fernandez-2010-NMP-Marca-15-04-2010.jpg?w=458&amp;ssl=1 458w, https:\/\/i0.wp.com\/www.manquepierda.com\/historiarealbetis\/files\/2025\/02\/Entrevista-Victor-Fernandez-2010-NMP-Marca-15-04-2010.jpg?resize=220%2C139&amp;ssl=1 220w\" sizes=\"auto, (max-width: 458px) 100vw, 458px\" \/><\/figure>\n<\/div>\n\n<p>\u00a0<\/p>\n<p>V\u00edctor Fern\u00e1ndez entren\u00f3 al Betis en 2 etapas bien diferenciadas. En la primera, temporadas 2002-03 y 2003-04, el equipo fue de m\u00e1s a menos, y tras una primera temporada aceptable, sobre todo en sus inicios, el equipo no fue capaz de cumplir ninguno de los objetivos se\u00f1alados.<\/p>\n<p>Su segunda etapa fue mucho m\u00e1s complicada. Lleg\u00f3 al Betis a finales de enero de 2010 para sustituir a Antonio Tapia, con el equipo en la octava posici\u00f3n de la Segunda Divisi\u00f3n y con el objetivo claro de conseguir el ascenso.\u00a0<\/p>\n<p>Esta entrevista que hoy traemos se public\u00f3 en el diario deportivo Marca, a cargo de la periodista Mercedes Torrecillas, y es de mediados de abril de 2010, v\u00edsperas de un enfrentamiento contra el Celta, cuando, despu\u00e9s de 10 jornadas con V\u00edctor Fern\u00e1ndez al mando, el equipo era tercero y peleaba por mantenerse entre las 3 primeras plazas, que daban derecho al ascenso a Primera Divisi\u00f3n.\u00a0 \u00a0<\/p>\n<p>Diez jornadas despu\u00e9s, el Betis termin\u00f3 en cuarta posici\u00f3n, empatado a puntos con H\u00e9rcules y Levante, que fueron los que ascendieron, junto al campe\u00f3n, la Real Sociedad. El objetivo no se consigui\u00f3, a pesar de la gran trayectoria del equipo, pero no fue suficiente. Alg\u00fan que otro error en esos 10 partidos finales dej\u00f3 al Betis un a\u00f1o m\u00e1s en Segunda.\u00a0<\/p>\n<p><span style=\"color: #008000\"><em>V\u00edctor Fern\u00e1ndez Braulio (Zaragoza, 1960) es el entrenador en activo que m\u00e1s partidos de Liga ha dirigido en Primera (514), s\u00f3lo superado por Luis Aragon\u00e9s, Javier Irureta y Miguel Mu\u00f1oz. En Segunda, sin embargo, es un novato. Por eso no ha escatimado horas de estudio para lograr un ascenso que parec\u00eda lejano y ahora ya casi roza.<\/em><\/span><\/p>\n<ul>\n<li><span style=\"color: #008000\"><em>Nada m\u00e1s aterrizar confes\u00f3 que su reto era llegar a las 10 \u00faltimas jornadas con opciones de pelear. Misi\u00f3n cumplida. \u00bfY ahora qu\u00e9?<\/em><\/span><\/li>\n<li><span style=\"color: #008000\"><em>Estamos posicionados y ahora se trata de no cometer errores de bulto. Les he dicho a mis jugadores que hay que afrontar cada uno de estos partidos como una final, pero desde una tensi\u00f3n competitiva positiva: ser valientes, no tener miedo a perder y estar convencidos de que somos un buen equipo desde el rigor, la disciplina y la intensidad. Somos m\u00e1s competitivos cuando tenemos el bal\u00f3n que cuando lo perdemos, y en eso estamos trabajando<\/em><\/span><\/li>\n<li><span style=\"color: #008000\"><em>Muchos etiquetan a la plantilla del Betis como la mejor de Segunda. \u00bfUsted tambi\u00e9n?<\/em><\/span><\/li>\n<li><span style=\"color: #008000\"><em>Si terminamos la temporada primeros dir\u00e9 que s\u00ed. Las palabras vienen despu\u00e9s de los hechos, no al rev\u00e9s<\/em><\/span><\/li>\n<li><span style=\"color: #008000\"><em>\u00bfCu\u00e1ntas horas ha dedicado a empaparse de Segunda?<\/em><\/span><\/li>\n<li><span style=\"color: #008000\"><em>Muchas horas al d\u00eda. Yo antes ve\u00eda alg\u00fan partido de Segunda, porque me gusta el f\u00fatbol, pero no iba m\u00e1s all\u00e1. Nunca hasta ahora hab\u00eda visto tantos videos del rival ni de mi propio equipo\u2026Los futbolistas me tienen que ver involucrado. Si detectan lagunas o falta de informaci\u00f3n por mi parte sobre lo que tenemos entre manos, ya es un punto de partida d\u00e9bil<\/em><\/span><\/li>\n<li><span style=\"color: #008000\"><em>\u00bfQu\u00e9 diferencias encuentra entre ambas categor\u00edas ahora que conoce las dos?<\/em><\/span><\/li>\n<li><span style=\"color: #008000\"><em>La diferencia es que en Primera los equipos se organizan desde la pelota y el juego, mientras que en Segunda lo hacen a partir de no tener la pelota y el rigor t\u00e1ctico<\/em><\/span><\/li>\n<li><span style=\"color: #008000\"><em>\u00bfSiente envidia cuando ve en partido de Primera por la tele?<\/em><\/span><\/li>\n<li><span style=\"color: #008000\"><em>Sinceramente no. S\u00ed admito que cuando termin\u00f3 el partido del C\u00e1diz, era el hombre m\u00e1s feliz. Hab\u00edamos ganado y mi otra gran ilusi\u00f3n del d\u00eda era ver el Real Madrid-Bar\u00e7a<\/em><\/span><\/li>\n<li><span style=\"color: #008000\"><em>\u00bfQu\u00e9 est\u00e1 aprendiendo en esta categor\u00eda?<\/em><\/span><\/li>\n<li><span style=\"color: #008000\"><em>En junio ser\u00e9 mejor entrenador. Es una experiencia muy enriquecedora a nivel personal y profesional. Ves la dureza, la lucha de la clase humilde y el derecho que todo el mundo tiene a so\u00f1ar. Cuando est\u00e1s en la \u00e9lite parece que los dem\u00e1s no existen\u2026 Pero tambi\u00e9n pido que dure poco, porque a la vez es un infierno, y m\u00e1s para clubs como el Betis o el Celta, porque no es su lugar. Mi paso por Segunda es provisional, lo tengo claro<\/em><\/span><\/li>\n<li><span style=\"color: #008000\"><em>\u00bfLe ha propuesto ya Lopera la renovaci\u00f3n?<\/em><\/span><\/li>\n<li><span style=\"color: #008000\"><em>Lopera sabe lo que pienso y no quiere distraerme<\/em><\/span><\/li>\n<li><span style=\"color: #008000\"><em>Y si un Primera atractivo lo llama la semana que viene para ficharlo para el pr\u00f3ximo curso, \u00bftampoco lo escucha?<\/em><\/span><\/li>\n<li><span style=\"color: #008000\"><em> De verdad que s\u00f3lo estoy centrado en este reto<\/em><\/span><\/li>\n<li><span style=\"color: #008000\"><em>No me puedo creer que Lopera no lo llame para preguntarle por tal o cual jugador con vistas al a\u00f1o que viene\u2026<\/em><\/span><\/li>\n<li><span style=\"color: #008000\"><em>Me han preguntado sobre alg\u00fan tema y les ha dado mi opini\u00f3n, pero no quiero despistarme ni entrar en terrenos peligrosos<\/em><\/span><\/li>\n<li><span style=\"color: #008000\"><em>En su etapa anterior se le achacaba que copaba demasiado protagonismo y ahora, sin embargo, hasta huye de \u00e9l. Adem\u00e1s, hasta usted mismo ha reconocido que el Betis ha fichado al mejor V\u00edctor<\/em><\/span><\/li>\n<li><span style=\"color: #008000\"><em>El mejor, en cuanto que estoy m\u00e1s fresco, m\u00e1s limpio. Veinte a\u00f1os en los banquillos desgastan. Est\u00e1s expuesto a cr\u00edticas y este a\u00f1o y medio sin entrenar me ha servido para reflexionar. En cuanto al protagonismo, ni lo he buscado ni quiero que me lo den. La vanidad la vas perdiendo y ahora trabajo no para buscar reconocimiento exterior, sino paz, satisfacci\u00f3n interior y el reconocimiento del grupo al que dirijo<\/em><\/span><\/li>\n<li><span style=\"color: #008000\"><em>Hablemos del futuro inmediato. El domingo, su Celta<\/em><\/span><\/li>\n<li><span style=\"color: #008000\"><em>Me duele la situaci\u00f3n que est\u00e1 viviendo el Celta, pero me gustan Eusebio y sus ideas. Este enfrentamiento deber\u00eda ser en Primera \u00a0<\/em><\/span><\/li>\n<\/ul>\n<p>\u00a0<\/p>","protected":false},"excerpt":{"rendered":"<p>\u00a0 V\u00edctor Fern\u00e1ndez entren\u00f3 al Betis en 2 etapas bien diferenciadas. En la primera, temporadas 2002-03 y 2003-04, el equipo fue de m\u00e1s a menos, y tras una primera temporada aceptable, sobre todo en sus inicios, el equipo no fue capaz de cumplir ninguno de los objetivos se\u00f1alados. Su segunda etapa fue mucho m\u00e1s complicada&#8230;.<\/p>\n","protected":false},"author":5,"featured_media":101973,"comment_status":"open","ping_status":"open","sticky":false,"template":"","format":"standard","meta":{"_kad_post_transparent":"","_kad_post_title":"","_kad_post_layout":"","_kad_post_sidebar_id":"","_kad_post_content_style":"","_kad_post_vertical_padding":"","_kad_post_feature":"","_kad_post_feature_position":"","_kad_post_header":false,"_kad_post_footer":false,"_kad_post_classname":"","_jetpack_memberships_contains_paid_content":false,"footnotes":"","jetpack_publicize_message":"","jetpack_publicize_feature_enabled":true,"jetpack_social_post_already_shared":true,"jetpack_social_options":{"image_generator_settings":{"template":"highway","default_image_id":0,"font":"","enabled":false},"version":2}},"categories":[4823,892,1],"tags":[12046,17948,17255,1089],"class_list":["post-101972","post","type-post","status-publish","format-standard","has-post-thumbnail","hentry","category-2000-2009","category-entrenadores-temas","category-portada","tag-12046","tag-liga-segunda-2009-10","tag-mercedes-torrecillas","tag-victor-fernandez"],"jetpack_publicize_connections":[],"jetpack_featured_media_url":"https:\/\/i0.wp.com\/www.manquepierda.com\/historiarealbetis\/files\/2025\/02\/Entrevista-Victor-Fernandez-2010-NMP-Marca-15-04-2010.jpg?fit=458%2C290&ssl=1","jetpack_sharing_enabled":true,"jetpack_shortlink":"https:\/\/wp.me\/p1ij08-qwI","jetpack-related-posts":[],"_links":{"self":[{"href":"https:\/\/www.manquepierda.com\/historiarealbetis\/wp-json\/wp\/v2\/posts\/101972","targetHints":{"allow":["GET"]}}],"collection":[{"href":"https:\/\/www.manquepierda.com\/historiarealbetis\/wp-json\/wp\/v2\/posts"}],"about":[{"href":"https:\/\/www.manquepierda.com\/historiarealbetis\/wp-json\/wp\/v2\/types\/post"}],"author":[{"embeddable":true,"href":"https:\/\/www.manquepierda.com\/historiarealbetis\/wp-json\/wp\/v2\/users\/5"}],"replies":[{"embeddable":true,"href":"https:\/\/www.manquepierda.com\/historiarealbetis\/wp-json\/wp\/v2\/comments?post=101972"}],"version-history":[{"count":1,"href":"https:\/\/www.manquepierda.com\/historiarealbetis\/wp-json\/wp\/v2\/posts\/101972\/revisions"}],"predecessor-version":[{"id":101974,"href":"https:\/\/www.manquepierda.com\/historiarealbetis\/wp-json\/wp\/v2\/posts\/101972\/revisions\/101974"}],"wp:featuredmedia":[{"embeddable":true,"href":"https:\/\/www.manquepierda.com\/historiarealbetis\/wp-json\/wp\/v2\/media\/101973"}],"wp:attachment":[{"href":"https:\/\/www.manquepierda.com\/historiarealbetis\/wp-json\/wp\/v2\/media?parent=101972"}],"wp:term":[{"taxonomy":"category","embeddable":true,"href":"https:\/\/www.manquepierda.com\/historiarealbetis\/wp-json\/wp\/v2\/categories?post=101972"},{"taxonomy":"post_tag","embeddable":true,"href":"https:\/\/www.manquepierda.com\/historiarealbetis\/wp-json\/wp\/v2\/tags?post=101972"}],"curies":[{"name":"wp","href":"https:\/\/api.w.org\/{rel}","templated":true}]}}