{"id":101980,"date":"2025-02-11T11:00:00","date_gmt":"2025-02-11T10:00:00","guid":{"rendered":"https:\/\/www.manquepierda.com\/historiarealbetis\/?p=101980"},"modified":"2025-02-07T08:11:34","modified_gmt":"2025-02-07T07:11:34","slug":"bruno-gonzalez","status":"publish","type":"post","link":"https:\/\/www.manquepierda.com\/historiarealbetis\/bruno-gonzalez\/","title":{"rendered":"Bruno Gonz\u00e1lez."},"content":{"rendered":"<div class=\"wp-block-image\">\n<figure class=\"aligncenter size-thumbnail is-resized\"><img data-recalc-dims=\"1\" loading=\"lazy\" decoding=\"async\" width=\"220\" height=\"220\" src=\"https:\/\/i0.wp.com\/www.manquepierda.com\/historiarealbetis\/files\/2025\/02\/Bruno-1.jpg?resize=220%2C220&#038;ssl=1\" alt=\"\" class=\"wp-image-101981\" style=\"width:362px;height:auto\" srcset=\"https:\/\/i0.wp.com\/www.manquepierda.com\/historiarealbetis\/files\/2025\/02\/Bruno-1.jpg?resize=220%2C220&amp;ssl=1 220w, https:\/\/i0.wp.com\/www.manquepierda.com\/historiarealbetis\/files\/2025\/02\/Bruno-1.jpg?resize=600%2C600&amp;ssl=1 600w, https:\/\/i0.wp.com\/www.manquepierda.com\/historiarealbetis\/files\/2025\/02\/Bruno-1.jpg?resize=700%2C700&amp;ssl=1 700w, https:\/\/i0.wp.com\/www.manquepierda.com\/historiarealbetis\/files\/2025\/02\/Bruno-1.jpg?resize=768%2C768&amp;ssl=1 768w, https:\/\/i0.wp.com\/www.manquepierda.com\/historiarealbetis\/files\/2025\/02\/Bruno-1.jpg?resize=1536%2C1536&amp;ssl=1 1536w, https:\/\/i0.wp.com\/www.manquepierda.com\/historiarealbetis\/files\/2025\/02\/Bruno-1.jpg?w=1737&amp;ssl=1 1737w\" sizes=\"auto, (max-width: 220px) 100vw, 220px\" \/><\/figure>\n<\/div>\n\n<p>\u00a0<\/p>\n<p><strong>Bruno Gonz\u00e1lez Cabrera<\/strong>, nacido el 24 de mayo de 1990 en Las Galletas (Tenerife).<\/p>\n<p>Defensa.<\/p>\n<p>Iniciado en las categor\u00edas inferiores del Tenerife, debut\u00f3 con el primer equipo en junio de 2011. Para la temporada 2011-12 fue cedido al Teruel, regresando en 2012 al Tenerife ya como jugador de la primera plantilla.<\/p>\n<p>Su buene prestaci\u00f3n durante las dos campa\u00f1as siguientes despert\u00f3 el inter\u00e9s de varios clubs, aunque fue el Betis el que en el verano de 2014 se hizo con su ficha.<\/p>\n<p>Su primer partido con la verdiblanca fue el 17 de julio de 2014, en el amistoso jugado en San Pedro del Pinatar contra el Brighton. Su debut en partido oficial el 7 de septiembre de 2014 en El Toral\u00edn contra la Ponferradina, cuando al inicio de la segunda parte supli\u00f3 a Jordi Figueras.<\/p>\n<p>En el Betis estuvo 3 temporadas, con especial relevancia en las dos primeras. En 2017 finaliz\u00f3 su contrato, firmando por el Getafe, jugando posteriormente en el Levante, Valladolid, Legan\u00e9s y Sporting.<\/p>\n<p>Historial<\/p>\n<p>\u00a0<\/p>\n<table>\n<tbody>\n<tr>\n<td width=\"80\">\n<p>2009-10<\/p>\n<\/td>\n<td width=\"80\">\n<p>Tenerife B<\/p>\n<\/td>\n<td width=\"80\">\n<p>Segunda B<\/p>\n<\/td>\n<\/tr>\n<tr>\n<td width=\"80\">\n<p>2010-11<\/p>\n<\/td>\n<td width=\"80\">\n<p>Tenerife B<\/p>\n<\/td>\n<td width=\"80\">\n<p>Tercera<\/p>\n<\/td>\n<\/tr>\n<tr>\n<td width=\"80\">\n<p>2010-11<\/p>\n<\/td>\n<td width=\"80\">\n<p>Tenerife<\/p>\n<\/td>\n<td width=\"80\">\n<p>Segunda<\/p>\n<\/td>\n<\/tr>\n<tr>\n<td width=\"80\">\n<p>2011-12<\/p>\n<\/td>\n<td width=\"80\">\n<p>Teruel<\/p>\n<\/td>\n<td width=\"80\">\n<p>Segunda B<\/p>\n<\/td>\n<\/tr>\n<tr>\n<td width=\"80\">\n<p>2012-13<\/p>\n<\/td>\n<td width=\"80\">\n<p>Tenerife<\/p>\n<\/td>\n<td width=\"80\">\n<p>Segunda B<\/p>\n<\/td>\n<\/tr>\n<tr>\n<td width=\"80\">\n<p>2013-14<\/p>\n<\/td>\n<td width=\"80\">\n<p>Tenerife<\/p>\n<\/td>\n<td width=\"80\">\n<p>Segunda<\/p>\n<\/td>\n<\/tr>\n<tr>\n<td width=\"80\">\n<p>2014-15<\/p>\n<\/td>\n<td width=\"80\">\n<p>Betis<\/p>\n<\/td>\n<td width=\"80\">\n<p>Segunda<\/p>\n<\/td>\n<\/tr>\n<tr>\n<td width=\"80\">\n<p>2015-16<\/p>\n<\/td>\n<td width=\"80\">\n<p>Betis<\/p>\n<\/td>\n<td width=\"80\">\n<p>Primera<\/p>\n<\/td>\n<\/tr>\n<tr>\n<td width=\"80\">\n<p>2016-17<\/p>\n<\/td>\n<td width=\"80\">\n<p>Betis<\/p>\n<\/td>\n<td width=\"80\">\n<p>Primera<\/p>\n<\/td>\n<\/tr>\n<tr>\n<td width=\"80\">\n<p>2017-18<\/p>\n<\/td>\n<td width=\"80\">\n<p>Getafe<\/p>\n<\/td>\n<td width=\"80\">\n<p>Primera<\/p>\n<\/td>\n<\/tr>\n<tr>\n<td width=\"80\">\n<p>2018-19<\/p>\n<\/td>\n<td width=\"80\">\n<p>Getafe<\/p>\n<\/td>\n<td width=\"80\">\n<p>Primera<\/p>\n<\/td>\n<\/tr>\n<tr>\n<td width=\"80\">\n<p>2019-20<\/p>\n<\/td>\n<td width=\"80\">\n<p>Levante<\/p>\n<\/td>\n<td width=\"80\">\n<p>Primera<\/p>\n<\/td>\n<\/tr>\n<tr>\n<td width=\"80\">\n<p>2020-21<\/p>\n<\/td>\n<td width=\"80\">\n<p>Valladolid<\/p>\n<\/td>\n<td width=\"80\">\n<p>Primera<\/p>\n<\/td>\n<\/tr>\n<tr>\n<td width=\"80\">\n<p>2021-22<\/p>\n<\/td>\n<td width=\"80\">\n<p>Valladolid<\/p>\n<\/td>\n<td width=\"80\">\n<p>Segunda<\/p>\n<\/td>\n<\/tr>\n<tr>\n<td width=\"80\">\n<p>2021-22<\/p>\n<\/td>\n<td width=\"80\">\n<p>Legan\u00e9s<\/p>\n<\/td>\n<td width=\"80\">\n<p>Segunda<\/p>\n<\/td>\n<\/tr>\n<tr>\n<td width=\"80\">\n<p>2022-23<\/p>\n<\/td>\n<td width=\"80\">\n<p>Sporting<\/p>\n<\/td>\n<td width=\"80\">\n<p>Segunda<\/p>\n<\/td>\n<\/tr>\n<\/tbody>\n<\/table>\n<p>\u00a0<\/p>\n<p>En sus 3 temporadas en el Betis Bruno jug\u00f3 81 partidos de Liga, marcando 3 goles, y 4 de Copa, as\u00ed como 28 amistosos.<\/p>","protected":false},"excerpt":{"rendered":"<p>\u00a0 Bruno Gonz\u00e1lez Cabrera, nacido el 24 de mayo de 1990 en Las Galletas (Tenerife). Defensa. Iniciado en las categor\u00edas inferiores del Tenerife, debut\u00f3 con el primer equipo en junio de 2011. Para la temporada 2011-12 fue cedido al Teruel, regresando en 2012 al Tenerife ya como jugador de la primera plantilla. Su buene prestaci\u00f3n&#8230;<\/p>\n","protected":false},"author":5,"featured_media":101981,"comment_status":"open","ping_status":"open","sticky":false,"template":"","format":"standard","meta":{"_kad_post_transparent":"","_kad_post_title":"","_kad_post_layout":"","_kad_post_sidebar_id":"","_kad_post_content_style":"","_kad_post_vertical_padding":"","_kad_post_feature":"","_kad_post_feature_position":"","_kad_post_header":false,"_kad_post_footer":false,"_kad_post_classname":"","_jetpack_memberships_contains_paid_content":false,"footnotes":"","jetpack_publicize_message":"","jetpack_publicize_feature_enabled":true,"jetpack_social_post_already_shared":true,"jetpack_social_options":{"image_generator_settings":{"template":"highway","default_image_id":0,"font":"","enabled":false},"version":2}},"categories":[893,1],"tags":[11903],"class_list":["post-101980","post","type-post","status-publish","format-standard","has-post-thumbnail","hentry","category-jugadores-temas","category-portada","tag-bruno-gonzalez"],"jetpack_publicize_connections":[],"jetpack_featured_media_url":"https:\/\/i0.wp.com\/www.manquepierda.com\/historiarealbetis\/files\/2025\/02\/Bruno-1.jpg?fit=1737%2C1737&ssl=1","jetpack_sharing_enabled":true,"jetpack_shortlink":"https:\/\/wp.me\/p1ij08-qwQ","jetpack-related-posts":[],"_links":{"self":[{"href":"https:\/\/www.manquepierda.com\/historiarealbetis\/wp-json\/wp\/v2\/posts\/101980","targetHints":{"allow":["GET"]}}],"collection":[{"href":"https:\/\/www.manquepierda.com\/historiarealbetis\/wp-json\/wp\/v2\/posts"}],"about":[{"href":"https:\/\/www.manquepierda.com\/historiarealbetis\/wp-json\/wp\/v2\/types\/post"}],"author":[{"embeddable":true,"href":"https:\/\/www.manquepierda.com\/historiarealbetis\/wp-json\/wp\/v2\/users\/5"}],"replies":[{"embeddable":true,"href":"https:\/\/www.manquepierda.com\/historiarealbetis\/wp-json\/wp\/v2\/comments?post=101980"}],"version-history":[{"count":1,"href":"https:\/\/www.manquepierda.com\/historiarealbetis\/wp-json\/wp\/v2\/posts\/101980\/revisions"}],"predecessor-version":[{"id":101982,"href":"https:\/\/www.manquepierda.com\/historiarealbetis\/wp-json\/wp\/v2\/posts\/101980\/revisions\/101982"}],"wp:featuredmedia":[{"embeddable":true,"href":"https:\/\/www.manquepierda.com\/historiarealbetis\/wp-json\/wp\/v2\/media\/101981"}],"wp:attachment":[{"href":"https:\/\/www.manquepierda.com\/historiarealbetis\/wp-json\/wp\/v2\/media?parent=101980"}],"wp:term":[{"taxonomy":"category","embeddable":true,"href":"https:\/\/www.manquepierda.com\/historiarealbetis\/wp-json\/wp\/v2\/categories?post=101980"},{"taxonomy":"post_tag","embeddable":true,"href":"https:\/\/www.manquepierda.com\/historiarealbetis\/wp-json\/wp\/v2\/tags?post=101980"}],"curies":[{"name":"wp","href":"https:\/\/api.w.org\/{rel}","templated":true}]}}