{"id":101990,"date":"2025-02-12T11:00:00","date_gmt":"2025-02-12T10:00:00","guid":{"rendered":"https:\/\/www.manquepierda.com\/historiarealbetis\/?p=101990"},"modified":"2025-02-09T22:42:29","modified_gmt":"2025-02-09T21:42:29","slug":"alineacion-anderlecht-betis-liga-de-campeones-2025","status":"publish","type":"post","link":"https:\/\/www.manquepierda.com\/historiarealbetis\/alineacion-anderlecht-betis-liga-de-campeones-2025\/","title":{"rendered":"Alineaci\u00f3n Anderlecht-Betis Liga de Campeones 2005."},"content":{"rendered":"<div class=\"wp-block-image\">\n<figure class=\"aligncenter size-medium\"><img data-recalc-dims=\"1\" loading=\"lazy\" decoding=\"async\" width=\"680\" height=\"491\" src=\"https:\/\/i0.wp.com\/www.manquepierda.com\/historiarealbetis\/files\/2025\/02\/Alineacion-Anderlecht-Betis-Liga-de-Campeones-2005.jpg?resize=680%2C491&#038;ssl=1\" alt=\"\" class=\"wp-image-101991\" srcset=\"https:\/\/i0.wp.com\/www.manquepierda.com\/historiarealbetis\/files\/2025\/02\/Alineacion-Anderlecht-Betis-Liga-de-Campeones-2005.jpg?resize=680%2C491&amp;ssl=1 680w, https:\/\/i0.wp.com\/www.manquepierda.com\/historiarealbetis\/files\/2025\/02\/Alineacion-Anderlecht-Betis-Liga-de-Campeones-2005.jpg?resize=960%2C693&amp;ssl=1 960w, https:\/\/i0.wp.com\/www.manquepierda.com\/historiarealbetis\/files\/2025\/02\/Alineacion-Anderlecht-Betis-Liga-de-Campeones-2005.jpg?resize=220%2C159&amp;ssl=1 220w, https:\/\/i0.wp.com\/www.manquepierda.com\/historiarealbetis\/files\/2025\/02\/Alineacion-Anderlecht-Betis-Liga-de-Campeones-2005.jpg?resize=768%2C555&amp;ssl=1 768w, https:\/\/i0.wp.com\/www.manquepierda.com\/historiarealbetis\/files\/2025\/02\/Alineacion-Anderlecht-Betis-Liga-de-Campeones-2005.jpg?resize=1536%2C1109&amp;ssl=1 1536w, https:\/\/i0.wp.com\/www.manquepierda.com\/historiarealbetis\/files\/2025\/02\/Alineacion-Anderlecht-Betis-Liga-de-Campeones-2005.jpg?w=1800&amp;ssl=1 1800w\" sizes=\"auto, (max-width: 680px) 100vw, 680px\" \/><\/figure>\n<\/div>\n\n<p>28 de septiembre de 2005 en el Van den Stock Anderlecht 0 Betis 1; jornada 2 de la Liga de Campeones.<\/p>\n<p>En la imagen arriba \u00d3scar L\u00f3pez, Melli, Juanito, Doblas, Rivas y Varela; abajo Joaqu\u00edn, Oliveira, Rivera, Xisco y Miguel \u00c1ngel.<\/p>\n<p>La victoria b\u00e9tica se materializ\u00f3 con un tanto de Ricardo Oliveira en el minuto 68.<\/p>\n<p>Frank Vercauteren entrenaba al Anderlecht y Lorenzo Serra al Betis.<\/p>","protected":false},"excerpt":{"rendered":"<p>28 de septiembre de 2005 en el Van den Stock Anderlecht 0 Betis 1; jornada 2 de la Liga de Campeones. En la imagen arriba \u00d3scar L\u00f3pez, Melli, Juanito, Doblas, Rivas y Varela; abajo Joaqu\u00edn, Oliveira, Rivera, Xisco y Miguel \u00c1ngel. La victoria b\u00e9tica se materializ\u00f3 con un tanto de Ricardo Oliveira en el minuto&#8230;<\/p>\n","protected":false},"author":5,"featured_media":101991,"comment_status":"open","ping_status":"open","sticky":false,"template":"","format":"standard","meta":{"_kad_post_transparent":"","_kad_post_title":"","_kad_post_layout":"","_kad_post_sidebar_id":"","_kad_post_content_style":"","_kad_post_vertical_padding":"","_kad_post_feature":"","_kad_post_feature_position":"","_kad_post_header":false,"_kad_post_footer":false,"_kad_post_classname":"","_jetpack_memberships_contains_paid_content":false,"footnotes":"","jetpack_publicize_message":"","jetpack_publicize_feature_enabled":true,"jetpack_social_post_already_shared":true,"jetpack_social_options":{"image_generator_settings":{"template":"highway","default_image_id":0,"font":"","enabled":false},"version":2}},"categories":[4823,1],"tags":[1630,3584,9527,281,374,3585,3912,1481,1367,17946,1395,1312,1046,1038],"class_list":["post-101990","post","type-post","status-publish","format-standard","has-post-thumbnail","hentry","category-2000-2009","category-portada","tag-1630","tag-alberto-rivera","tag-anderlecht","tag-david-rivas","tag-fernando-varela","tag-francisco-javier-munoz-xisco","tag-joaquin-sanchez","tag-juan-alberto-andreu-melli","tag-juan-gutierrez-juanito","tag-liga-de-campeones-2005-06","tag-miguel-angel-lozano","tag-oscar-lopez","tag-ricardo-oliveira","tag-toni-doblas"],"jetpack_publicize_connections":[],"jetpack_featured_media_url":"https:\/\/i0.wp.com\/www.manquepierda.com\/historiarealbetis\/files\/2025\/02\/Alineacion-Anderlecht-Betis-Liga-de-Campeones-2005.jpg?fit=1800%2C1300&ssl=1","jetpack_sharing_enabled":true,"jetpack_shortlink":"https:\/\/wp.me\/p1ij08-qx0","jetpack-related-posts":[],"_links":{"self":[{"href":"https:\/\/www.manquepierda.com\/historiarealbetis\/wp-json\/wp\/v2\/posts\/101990","targetHints":{"allow":["GET"]}}],"collection":[{"href":"https:\/\/www.manquepierda.com\/historiarealbetis\/wp-json\/wp\/v2\/posts"}],"about":[{"href":"https:\/\/www.manquepierda.com\/historiarealbetis\/wp-json\/wp\/v2\/types\/post"}],"author":[{"embeddable":true,"href":"https:\/\/www.manquepierda.com\/historiarealbetis\/wp-json\/wp\/v2\/users\/5"}],"replies":[{"embeddable":true,"href":"https:\/\/www.manquepierda.com\/historiarealbetis\/wp-json\/wp\/v2\/comments?post=101990"}],"version-history":[{"count":3,"href":"https:\/\/www.manquepierda.com\/historiarealbetis\/wp-json\/wp\/v2\/posts\/101990\/revisions"}],"predecessor-version":[{"id":101995,"href":"https:\/\/www.manquepierda.com\/historiarealbetis\/wp-json\/wp\/v2\/posts\/101990\/revisions\/101995"}],"wp:featuredmedia":[{"embeddable":true,"href":"https:\/\/www.manquepierda.com\/historiarealbetis\/wp-json\/wp\/v2\/media\/101991"}],"wp:attachment":[{"href":"https:\/\/www.manquepierda.com\/historiarealbetis\/wp-json\/wp\/v2\/media?parent=101990"}],"wp:term":[{"taxonomy":"category","embeddable":true,"href":"https:\/\/www.manquepierda.com\/historiarealbetis\/wp-json\/wp\/v2\/categories?post=101990"},{"taxonomy":"post_tag","embeddable":true,"href":"https:\/\/www.manquepierda.com\/historiarealbetis\/wp-json\/wp\/v2\/tags?post=101990"}],"curies":[{"name":"wp","href":"https:\/\/api.w.org\/{rel}","templated":true}]}}