{"id":102134,"date":"2025-03-11T13:00:00","date_gmt":"2025-03-11T12:00:00","guid":{"rendered":"https:\/\/www.manquepierda.com\/historiarealbetis\/?p=102134"},"modified":"2025-02-24T18:08:08","modified_gmt":"2025-02-24T17:08:08","slug":"hoy-hace-60-anos-ernesto-pons-nuevo-entrenador","status":"publish","type":"post","link":"https:\/\/www.manquepierda.com\/historiarealbetis\/hoy-hace-60-anos-ernesto-pons-nuevo-entrenador\/","title":{"rendered":"Hoy hace 60 a\u00f1os. Ernesto Pons, nuevo entrenador."},"content":{"rendered":"<div class=\"wp-block-image\">\n<figure class=\"aligncenter size-full\"><img data-recalc-dims=\"1\" loading=\"lazy\" decoding=\"async\" width=\"530\" height=\"290\" src=\"https:\/\/i0.wp.com\/www.manquepierda.com\/historiarealbetis\/files\/2025\/02\/11-Ernesto-Pons-nuevo-entrenador.jpg?resize=530%2C290&#038;ssl=1\" alt=\"\" class=\"wp-image-102135\" srcset=\"https:\/\/i0.wp.com\/www.manquepierda.com\/historiarealbetis\/files\/2025\/02\/11-Ernesto-Pons-nuevo-entrenador.jpg?w=530&amp;ssl=1 530w, https:\/\/i0.wp.com\/www.manquepierda.com\/historiarealbetis\/files\/2025\/02\/11-Ernesto-Pons-nuevo-entrenador.jpg?resize=220%2C120&amp;ssl=1 220w\" sizes=\"auto, (max-width: 530px) 100vw, 530px\" \/><\/figure>\n<\/div>\n\n<p>\u00a0<\/p>\n<p><span style=\"color: #008000\">El 11 de marzo de 1965 Ernesto Pons es nombrado nuevo entrenador de la primera plantilla del Real Betis Balompi\u00e9, en sustituci\u00f3n de Andr\u00e9s Aranda, tr\u00e1gicamente fallecido durante la concentraci\u00f3n b\u00e9tica en Aracena el d\u00eda anterior.<\/span><\/p>\n<p><span style=\"color: #008000\">Hasta ese momento Ernesto Pons estaba al cargo del Triana Balompi\u00e9 y de los equipos juveniles.<\/span><\/p>\n<p><span style=\"color: #008000\">Esta fue la segunda ocasi\u00f3n en que el t\u00e9cnico catal\u00e1n se hizo cargo del primer equipo, salv\u00e1ndolo de una dif\u00edcil situaci\u00f3n, con 2 victorias, 2 empates y 1 derrota en los 5 partidos finales del torneo liguero. \u00a0<\/span><\/p>","protected":false},"excerpt":{"rendered":"<p>\u00a0 El 11 de marzo de 1965 Ernesto Pons es nombrado nuevo entrenador de la primera plantilla del Real Betis Balompi\u00e9, en sustituci\u00f3n de Andr\u00e9s Aranda, tr\u00e1gicamente fallecido durante la concentraci\u00f3n b\u00e9tica en Aracena el d\u00eda anterior. Hasta ese momento Ernesto Pons estaba al cargo del Triana Balompi\u00e9 y de los equipos juveniles. Esta fue&#8230;<\/p>\n","protected":false},"author":5,"featured_media":102135,"comment_status":"open","ping_status":"open","sticky":false,"template":"","format":"standard","meta":{"_kad_post_transparent":"","_kad_post_title":"","_kad_post_layout":"","_kad_post_sidebar_id":"","_kad_post_content_style":"","_kad_post_vertical_padding":"","_kad_post_feature":"","_kad_post_feature_position":"","_kad_post_header":false,"_kad_post_footer":false,"_kad_post_classname":"","_jetpack_memberships_contains_paid_content":false,"footnotes":"","jetpack_publicize_message":"","jetpack_publicize_feature_enabled":true,"jetpack_social_post_already_shared":true,"jetpack_social_options":{"image_generator_settings":{"template":"highway","default_image_id":0,"font":"","enabled":false},"version":2}},"categories":[902,14583,1],"tags":[7334,8185],"class_list":["post-102134","post","type-post","status-publish","format-standard","has-post-thumbnail","hentry","category-1960-1969","category-efemerides","category-portada","tag-7334","tag-ernesto-pons"],"jetpack_publicize_connections":[],"jetpack_featured_media_url":"https:\/\/i0.wp.com\/www.manquepierda.com\/historiarealbetis\/files\/2025\/02\/11-Ernesto-Pons-nuevo-entrenador.jpg?fit=530%2C290&ssl=1","jetpack_sharing_enabled":true,"jetpack_shortlink":"https:\/\/wp.me\/p1ij08-qzk","jetpack-related-posts":[],"_links":{"self":[{"href":"https:\/\/www.manquepierda.com\/historiarealbetis\/wp-json\/wp\/v2\/posts\/102134","targetHints":{"allow":["GET"]}}],"collection":[{"href":"https:\/\/www.manquepierda.com\/historiarealbetis\/wp-json\/wp\/v2\/posts"}],"about":[{"href":"https:\/\/www.manquepierda.com\/historiarealbetis\/wp-json\/wp\/v2\/types\/post"}],"author":[{"embeddable":true,"href":"https:\/\/www.manquepierda.com\/historiarealbetis\/wp-json\/wp\/v2\/users\/5"}],"replies":[{"embeddable":true,"href":"https:\/\/www.manquepierda.com\/historiarealbetis\/wp-json\/wp\/v2\/comments?post=102134"}],"version-history":[{"count":3,"href":"https:\/\/www.manquepierda.com\/historiarealbetis\/wp-json\/wp\/v2\/posts\/102134\/revisions"}],"predecessor-version":[{"id":102138,"href":"https:\/\/www.manquepierda.com\/historiarealbetis\/wp-json\/wp\/v2\/posts\/102134\/revisions\/102138"}],"wp:featuredmedia":[{"embeddable":true,"href":"https:\/\/www.manquepierda.com\/historiarealbetis\/wp-json\/wp\/v2\/media\/102135"}],"wp:attachment":[{"href":"https:\/\/www.manquepierda.com\/historiarealbetis\/wp-json\/wp\/v2\/media?parent=102134"}],"wp:term":[{"taxonomy":"category","embeddable":true,"href":"https:\/\/www.manquepierda.com\/historiarealbetis\/wp-json\/wp\/v2\/categories?post=102134"},{"taxonomy":"post_tag","embeddable":true,"href":"https:\/\/www.manquepierda.com\/historiarealbetis\/wp-json\/wp\/v2\/tags?post=102134"}],"curies":[{"name":"wp","href":"https:\/\/api.w.org\/{rel}","templated":true}]}}