{"id":102245,"date":"2025-03-27T13:00:00","date_gmt":"2025-03-27T12:00:00","guid":{"rendered":"https:\/\/www.manquepierda.com\/historiarealbetis\/?p=102245"},"modified":"2025-03-02T10:02:45","modified_gmt":"2025-03-02T09:02:45","slug":"hoy-hace-65-anos-betis-0-barcelona-3","status":"publish","type":"post","link":"https:\/\/www.manquepierda.com\/historiarealbetis\/hoy-hace-65-anos-betis-0-barcelona-3\/","title":{"rendered":"Hoy hace 65 a\u00f1os. Betis 0 Barcelona 3."},"content":{"rendered":"<div class=\"wp-block-image\">\n<figure class=\"aligncenter size-full\"><img data-recalc-dims=\"1\" loading=\"lazy\" decoding=\"async\" width=\"944\" height=\"623\" src=\"https:\/\/i0.wp.com\/www.manquepierda.com\/historiarealbetis\/files\/2025\/03\/27-1960-Betis-0-Barcelona-3.jpg?resize=944%2C623&#038;ssl=1\" alt=\"\" class=\"wp-image-102246\" srcset=\"https:\/\/i0.wp.com\/www.manquepierda.com\/historiarealbetis\/files\/2025\/03\/27-1960-Betis-0-Barcelona-3.jpg?w=944&amp;ssl=1 944w, https:\/\/i0.wp.com\/www.manquepierda.com\/historiarealbetis\/files\/2025\/03\/27-1960-Betis-0-Barcelona-3.jpg?resize=680%2C449&amp;ssl=1 680w, https:\/\/i0.wp.com\/www.manquepierda.com\/historiarealbetis\/files\/2025\/03\/27-1960-Betis-0-Barcelona-3.jpg?resize=220%2C145&amp;ssl=1 220w, https:\/\/i0.wp.com\/www.manquepierda.com\/historiarealbetis\/files\/2025\/03\/27-1960-Betis-0-Barcelona-3.jpg?resize=768%2C507&amp;ssl=1 768w\" sizes=\"auto, (max-width: 944px) 100vw, 944px\" \/><\/figure>\n<\/div>\n\n<p>\u00a0<\/p>\n<p><span style=\"color: #008000\">El 27 de marzo de 1960 en Heli\u00f3polis el Betis cae 0-3 ante el Barcelona en partido de la jornada 27 del Campeonato de Liga de Primera Divisi\u00f3n.<\/span><\/p>\n<p><span style=\"color: #008000\">Mart\u00ednez en el minuto 15 hizo el 0-1, tras un rechace de Dom\u00ednguez a tiro de Kocsis; en el 40 Evaristo marc\u00f3 el 0-2 tras un fallo de Areta y en el 61 Kocsis el 0-3 con un disparo raso y ajustado al poste.<\/span><\/p>\n<p><span style=\"color: #008000\">El Betis, dirigido por Sabino Barinaga, aline\u00f3 a Dom\u00ednguez; Isidro, R\u00edos, Santos; Areta, Valderas; Lasa, Vila, Kuszmann, Rojas y Del Sol.<\/span><\/p>\n<p><span style=\"color: #008000\">El Barcelona, entrenado por Helenio Herrera, form\u00f3 con Ramallets; Olivella, Gensana, Gracia; Verg\u00e9s, Segarra; Coll, Kocsis, Mart\u00ednez, Evaristo y Villaverde.<\/span><\/p>","protected":false},"excerpt":{"rendered":"<p>\u00a0 El 27 de marzo de 1960 en Heli\u00f3polis el Betis cae 0-3 ante el Barcelona en partido de la jornada 27 del Campeonato de Liga de Primera Divisi\u00f3n. Mart\u00ednez en el minuto 15 hizo el 0-1, tras un rechace de Dom\u00ednguez a tiro de Kocsis; en el 40 Evaristo marc\u00f3 el 0-2 tras un&#8230;<\/p>\n","protected":false},"author":5,"featured_media":102246,"comment_status":"open","ping_status":"open","sticky":false,"template":"","format":"standard","meta":{"_kad_post_transparent":"","_kad_post_title":"","_kad_post_layout":"","_kad_post_sidebar_id":"","_kad_post_content_style":"","_kad_post_vertical_padding":"","_kad_post_feature":"","_kad_post_feature_position":"","_kad_post_header":false,"_kad_post_footer":false,"_kad_post_classname":"","_jetpack_memberships_contains_paid_content":false,"footnotes":"","jetpack_publicize_message":"","jetpack_publicize_feature_enabled":true,"jetpack_social_post_already_shared":true,"jetpack_social_options":{"image_generator_settings":{"template":"highway","default_image_id":0,"font":"","enabled":false},"version":2}},"categories":[902,14583,1],"tags":[1246,1154,17852],"class_list":["post-102245","post","type-post","status-publish","format-standard","has-post-thumbnail","hentry","category-1960-1969","category-efemerides","category-portada","tag-1246","tag-fc-barcelona","tag-liga-primera-1959-60"],"jetpack_publicize_connections":[],"jetpack_featured_media_url":"https:\/\/i0.wp.com\/www.manquepierda.com\/historiarealbetis\/files\/2025\/03\/27-1960-Betis-0-Barcelona-3.jpg?fit=944%2C623&ssl=1","jetpack_sharing_enabled":true,"jetpack_shortlink":"https:\/\/wp.me\/p1ij08-qB7","jetpack-related-posts":[],"_links":{"self":[{"href":"https:\/\/www.manquepierda.com\/historiarealbetis\/wp-json\/wp\/v2\/posts\/102245","targetHints":{"allow":["GET"]}}],"collection":[{"href":"https:\/\/www.manquepierda.com\/historiarealbetis\/wp-json\/wp\/v2\/posts"}],"about":[{"href":"https:\/\/www.manquepierda.com\/historiarealbetis\/wp-json\/wp\/v2\/types\/post"}],"author":[{"embeddable":true,"href":"https:\/\/www.manquepierda.com\/historiarealbetis\/wp-json\/wp\/v2\/users\/5"}],"replies":[{"embeddable":true,"href":"https:\/\/www.manquepierda.com\/historiarealbetis\/wp-json\/wp\/v2\/comments?post=102245"}],"version-history":[{"count":1,"href":"https:\/\/www.manquepierda.com\/historiarealbetis\/wp-json\/wp\/v2\/posts\/102245\/revisions"}],"predecessor-version":[{"id":102247,"href":"https:\/\/www.manquepierda.com\/historiarealbetis\/wp-json\/wp\/v2\/posts\/102245\/revisions\/102247"}],"wp:featuredmedia":[{"embeddable":true,"href":"https:\/\/www.manquepierda.com\/historiarealbetis\/wp-json\/wp\/v2\/media\/102246"}],"wp:attachment":[{"href":"https:\/\/www.manquepierda.com\/historiarealbetis\/wp-json\/wp\/v2\/media?parent=102245"}],"wp:term":[{"taxonomy":"category","embeddable":true,"href":"https:\/\/www.manquepierda.com\/historiarealbetis\/wp-json\/wp\/v2\/categories?post=102245"},{"taxonomy":"post_tag","embeddable":true,"href":"https:\/\/www.manquepierda.com\/historiarealbetis\/wp-json\/wp\/v2\/tags?post=102245"}],"curies":[{"name":"wp","href":"https:\/\/api.w.org\/{rel}","templated":true}]}}