{"id":102261,"date":"2025-03-08T11:00:00","date_gmt":"2025-03-08T10:00:00","guid":{"rendered":"https:\/\/www.manquepierda.com\/historiarealbetis\/?p=102261"},"modified":"2025-03-02T11:04:20","modified_gmt":"2025-03-02T10:04:20","slug":"nos-visita-la-ud-las-palmas-8","status":"publish","type":"post","link":"https:\/\/www.manquepierda.com\/historiarealbetis\/nos-visita-la-ud-las-palmas-8\/","title":{"rendered":"Nos visita la UD Las Palmas."},"content":{"rendered":"<div class=\"wp-block-image\">\n<figure class=\"aligncenter size-full is-resized\"><img data-recalc-dims=\"1\" loading=\"lazy\" decoding=\"async\" width=\"414\" height=\"277\" src=\"https:\/\/i0.wp.com\/www.manquepierda.com\/historiarealbetis\/files\/2025\/03\/Bandera-Las-Palmas.jpg?resize=414%2C277&#038;ssl=1\" alt=\"\" class=\"wp-image-102262\" style=\"width:450px;height:auto\" srcset=\"https:\/\/i0.wp.com\/www.manquepierda.com\/historiarealbetis\/files\/2025\/03\/Bandera-Las-Palmas.jpg?w=414&amp;ssl=1 414w, https:\/\/i0.wp.com\/www.manquepierda.com\/historiarealbetis\/files\/2025\/03\/Bandera-Las-Palmas.jpg?resize=220%2C147&amp;ssl=1 220w\" sizes=\"auto, (max-width: 414px) 100vw, 414px\" \/><\/figure>\n<\/div>\n\n<p>\u00a0<\/p>\n<p>Ma\u00f1ana a las 18,30 horas recibiremos en el Villamar\u00edn a la UD Las Palmas, un club hist\u00f3rico a pesar de que su fundaci\u00f3n es tard\u00eda: 1949, cuando un grupo de 5 equipos canarios (Marino, Victoria, Gran Canaria, Atl\u00e9tico y Arenas) se unieron para crear un equipo que representase a toda la isla.<\/p>\n<p>Ha disputado 36 temporadas en Primera, 33 en Segunda y 6 en Segunda B, y ha sido subcampe\u00f3n de Liga en una ocasi\u00f3n y de Copa en otra. Su mejor \u00e9poca fue sin duda la de los a\u00f1os 60 y 70.<\/p>\n<p>La primera visita de Las Palmas a campo b\u00e9tico se produjo el 27 de diciembre de 1956, con ocasi\u00f3n de un amistoso en que se impusieron los b\u00e9ticos por 1 a 0 con gol de Lasa.<\/p>\n<p>Las Palmas ha jugado en terreno b\u00e9tico en 31 ocasiones, repartidas as\u00ed: 23 partidos en Liga de Primera (18 victorias b\u00e9ticas, 3 empates y 2 victorias canarias), 5 partidos en Liga de Segunda (4 victorias b\u00e9ticas y un empate) y 3 partidos de Copa (2 victorias b\u00e9ticas y 1 empate).<\/p>\n<p>Son 230 los jugadores b\u00e9ticos que han participado en esos 31 encuentros, siendo Julio Carde\u00f1osa y Javier L\u00f3pez en 9 ocasiones quienes m\u00e1s veces lo hicieron, seguidos de Bizcocho y Esnaola con 8 partidos y Ben\u00edtez y Biosca con 6.<\/p>\n<p>40 son los futbolistas que han marcado con el Betis en terreno verdiblanco frente a Las Palmas. A la cabeza de ellos Luis Aragon\u00e9s, con 4 goles, seguido de Diarte con 3 tantos. En cuanto a los entrenadores son 20 los que han intervenido en estos 31 partidos, con Ferenc Szusza dirigiendo a los verdiblancos en 4 ocasiones, y seguido de Luis Carriega y Pepe Mel en 3. \u00a0\u00a0\u00a0\u00a0<\/p>\n<p>El t\u00e9cnico de Las Palmas, Diego Mart\u00ednez, se ha enfrentado en 5 ocasiones al Betis, en 4 de ellas con el Granad y en 1 con el Espanyol. El balance es de 1 victoria b\u00e9tica, 1 empate y 3 victorias de los de Diego Mart\u00ednez.<\/p>\n<p>Entre los jugadores que han participados en los dos clubs podemos destacar a Alexis Trujillo, Angel L\u00f3pez, Nenad Bjelica, Aurelio Campa, Antonio Castellanos, Casto Espinosa, Juan Cedr\u00e9s, Alvaro Cejudo, Jaime P\u00e9rez, Jaime Quesada, Robert Jarni, Jes\u00e9 Rodr\u00edguez, Wilfrid Kaptoum, Wojciech Kowalczyk, Lorenzo Mor\u00f3n \u201cLoren\u201d, Jer\u00f3nimo Figueroa \u201cMomo\u201d, Juan Jos\u00e9 Narv\u00e1ez, Tom\u00e1s Ol\u00edas, Manuel Oliveira, Jos\u00e9 Casas \u201cPep\u00edn\u201d, Rober Gonz\u00e1lez, Rub\u00e9n Castro, Sidnei Da Silva, Carmelo Trujillo, Isidro Villota y Willian Jos\u00e9 Da Silva.<\/p>\n<p>Entre los entrenadores Marcel Domingo, Rosendo Hern\u00e1ndez, Pepe Alzate, Serge Kresic, Fernando V\u00e1zquez, Quique Seti\u00e9n y Pepe Mel.<\/p>\n<p>\u00a0<\/p>","protected":false},"excerpt":{"rendered":"<p>\u00a0 Ma\u00f1ana a las 18,30 horas recibiremos en el Villamar\u00edn a la UD Las Palmas, un club hist\u00f3rico a pesar de que su fundaci\u00f3n es tard\u00eda: 1949, cuando un grupo de 5 equipos canarios (Marino, Victoria, Gran Canaria, Atl\u00e9tico y Arenas) se unieron para crear un equipo que representase a toda la isla. Ha disputado&#8230;<\/p>\n","protected":false},"author":5,"featured_media":102262,"comment_status":"open","ping_status":"open","sticky":false,"template":"","format":"standard","meta":{"_kad_post_transparent":"","_kad_post_title":"","_kad_post_layout":"","_kad_post_sidebar_id":"","_kad_post_content_style":"","_kad_post_vertical_padding":"","_kad_post_feature":"","_kad_post_feature_position":"","_kad_post_header":false,"_kad_post_footer":false,"_kad_post_classname":"","_jetpack_memberships_contains_paid_content":false,"footnotes":"","jetpack_publicize_message":"","jetpack_publicize_feature_enabled":true,"jetpack_social_post_already_shared":true,"jetpack_social_options":{"image_generator_settings":{"template":"highway","default_image_id":0,"font":"","enabled":false},"version":2}},"categories":[895,1],"tags":[1328,11273,6854,1330,3747,1438,10995,1088,1337,6855,1332,1139,16927,1336,1331,17601,18345,6856,17754,1329,3118,655,15304,18324,1333,6857,748,1491,16854,1335,1327,18308,17710,1334],"class_list":["post-102261","post","type-post","status-publish","format-standard","has-post-thumbnail","hentry","category-los-rivales","category-portada","tag-alexis-trujillo","tag-alvaro-cejudo","tag-angel-lopez","tag-antonio-castellanos","tag-aurelio-campa","tag-carmelo-trujillo","tag-casto-espinosa","tag-fernando-vazquez","tag-isidro-villota","tag-jaime-perez","tag-jaime-quesada","tag-jeronimo-figueroa-momo","tag-jese-rodriguez","tag-jose-casas-pepin","tag-juan-cedres","tag-juan-jose-narvaez","tag-lorenzo-moron-loren-2","tag-manuel-oliveira","tag-marcel-domingo","tag-nenad-bjelica","tag-pepe-alzate","tag-pepe-mel","tag-quique-setien","tag-rober-gonzalez","tag-robert-jarni","tag-rosendo-hernandez","tag-ruben-castro","tag-serge-kresic","tag-sidnei-da-silva","tag-tomas-olias","tag-ud-las-palmas","tag-wilfrid-kaptoum","tag-willian-jose-da-silva","tag-wojciech-kowalczyk"],"jetpack_publicize_connections":[],"jetpack_featured_media_url":"https:\/\/i0.wp.com\/www.manquepierda.com\/historiarealbetis\/files\/2025\/03\/Bandera-Las-Palmas.jpg?fit=414%2C277&ssl=1","jetpack_sharing_enabled":true,"jetpack_shortlink":"https:\/\/wp.me\/p1ij08-qBn","jetpack-related-posts":[],"_links":{"self":[{"href":"https:\/\/www.manquepierda.com\/historiarealbetis\/wp-json\/wp\/v2\/posts\/102261","targetHints":{"allow":["GET"]}}],"collection":[{"href":"https:\/\/www.manquepierda.com\/historiarealbetis\/wp-json\/wp\/v2\/posts"}],"about":[{"href":"https:\/\/www.manquepierda.com\/historiarealbetis\/wp-json\/wp\/v2\/types\/post"}],"author":[{"embeddable":true,"href":"https:\/\/www.manquepierda.com\/historiarealbetis\/wp-json\/wp\/v2\/users\/5"}],"replies":[{"embeddable":true,"href":"https:\/\/www.manquepierda.com\/historiarealbetis\/wp-json\/wp\/v2\/comments?post=102261"}],"version-history":[{"count":3,"href":"https:\/\/www.manquepierda.com\/historiarealbetis\/wp-json\/wp\/v2\/posts\/102261\/revisions"}],"predecessor-version":[{"id":102265,"href":"https:\/\/www.manquepierda.com\/historiarealbetis\/wp-json\/wp\/v2\/posts\/102261\/revisions\/102265"}],"wp:featuredmedia":[{"embeddable":true,"href":"https:\/\/www.manquepierda.com\/historiarealbetis\/wp-json\/wp\/v2\/media\/102262"}],"wp:attachment":[{"href":"https:\/\/www.manquepierda.com\/historiarealbetis\/wp-json\/wp\/v2\/media?parent=102261"}],"wp:term":[{"taxonomy":"category","embeddable":true,"href":"https:\/\/www.manquepierda.com\/historiarealbetis\/wp-json\/wp\/v2\/categories?post=102261"},{"taxonomy":"post_tag","embeddable":true,"href":"https:\/\/www.manquepierda.com\/historiarealbetis\/wp-json\/wp\/v2\/tags?post=102261"}],"curies":[{"name":"wp","href":"https:\/\/api.w.org\/{rel}","templated":true}]}}