{"id":102358,"date":"2025-04-21T12:00:00","date_gmt":"2025-04-21T10:00:00","guid":{"rendered":"https:\/\/www.manquepierda.com\/historiarealbetis\/?p=102358"},"modified":"2025-03-09T12:06:18","modified_gmt":"2025-03-09T11:06:18","slug":"hoy-hace-90-anos-betis-2-sevilla-2","status":"publish","type":"post","link":"https:\/\/www.manquepierda.com\/historiarealbetis\/hoy-hace-90-anos-betis-2-sevilla-2\/","title":{"rendered":"Hoy hace 90 a\u00f1os. Betis 2 Sevilla 2."},"content":{"rendered":"<div class=\"wp-block-image\">\n<figure class=\"aligncenter size-full\"><img data-recalc-dims=\"1\" loading=\"lazy\" decoding=\"async\" width=\"832\" height=\"298\" src=\"https:\/\/i0.wp.com\/www.manquepierda.com\/historiarealbetis\/files\/2025\/03\/21-1935-Betis-2-Sevilla-2.jpg?resize=832%2C298&#038;ssl=1\" alt=\"\" class=\"wp-image-102359\" srcset=\"https:\/\/i0.wp.com\/www.manquepierda.com\/historiarealbetis\/files\/2025\/03\/21-1935-Betis-2-Sevilla-2.jpg?w=832&amp;ssl=1 832w, https:\/\/i0.wp.com\/www.manquepierda.com\/historiarealbetis\/files\/2025\/03\/21-1935-Betis-2-Sevilla-2.jpg?resize=680%2C244&amp;ssl=1 680w, https:\/\/i0.wp.com\/www.manquepierda.com\/historiarealbetis\/files\/2025\/03\/21-1935-Betis-2-Sevilla-2.jpg?resize=220%2C79&amp;ssl=1 220w, https:\/\/i0.wp.com\/www.manquepierda.com\/historiarealbetis\/files\/2025\/03\/21-1935-Betis-2-Sevilla-2.jpg?resize=768%2C275&amp;ssl=1 768w\" sizes=\"auto, (max-width: 832px) 100vw, 832px\" \/><\/figure>\n<\/div>\n\n<p>\u00a0<\/p>\n<p><span style=\"color: #008000\">El 21 de abril de 1935 en el Patronato Betis y Sevilla empatan a 2 en partido de la jornada 21 del Campeonato de Liga de Primera Divisi\u00f3n.<\/span><\/p>\n<p><span style=\"color: #008000\">M\u00e1xima expectaci\u00f3n en la ciudad. El Patronato registr\u00f3 un lleno absoluto para presenciar el primer derbi en terreno b\u00e9tico en Primera Divisi\u00f3n. Y que, en caso de victoria local y derrota madridista, pod\u00eda ver a su equipo proclamarse campe\u00f3n de Liga.<\/span><\/p>\n<p><span style=\"color: #008000\">El Sevilla se adelant\u00f3 en el minuto 3 con un remate de Torrontegui a pase de L\u00f3pez, pero el Betis empat\u00f3 r\u00e1pidamente, en el minuto 4, con un centro de Timimi que remat\u00f3 de cabeza Unamuno.<\/span><\/p>\n<p><span style=\"color: #008000\">En el 17 de nuevo marc\u00f3 el Sevilla, con un remate de L\u00f3pez tras una falta sacada por Segura. El Betis volvi\u00f3 a igualar en el 44 tras un derribo a Lecue dentro del \u00e1rea sevillista, convirtiendo el mismo Lecue el penalti en el 2-2 definitivo.<\/span><\/p>\n<p><span style=\"color: #008000\">El Betis, dirigido por Patrick O\u00b4Connell, aline\u00f3 a con Urquiaga; Areso, Aedo; Peral, G\u00f3mez, Larrinoa; Timimi, Adolfo, Unamuno, Lecue y Caballero.<\/span><\/p>\n<p><span style=\"color: #008000\">El Sevilla, entrenado por Ram\u00f3n Encinas, jug\u00f3 con Eizaguirre; Euskalduna, Deva; Alc\u00e1zar, Segura, Fede; L\u00f3pez, Torr\u00f3ntegui, Campanal, Tache y Cort\u00f3n.<\/span><\/p>\n<p><span style=\"color: #008000\">Todo quedaba a expensas de la \u00faltima jornada en El Sardinero&#8230;<\/span><\/p>","protected":false},"excerpt":{"rendered":"<p>\u00a0 El 21 de abril de 1935 en el Patronato Betis y Sevilla empatan a 2 en partido de la jornada 21 del Campeonato de Liga de Primera Divisi\u00f3n. M\u00e1xima expectaci\u00f3n en la ciudad. El Patronato registr\u00f3 un lleno absoluto para presenciar el primer derbi en terreno b\u00e9tico en Primera Divisi\u00f3n. Y que, en caso&#8230;<\/p>\n","protected":false},"author":5,"featured_media":102359,"comment_status":"open","ping_status":"open","sticky":false,"template":"","format":"standard","meta":{"_kad_post_transparent":"","_kad_post_title":"","_kad_post_layout":"","_kad_post_sidebar_id":"","_kad_post_content_style":"","_kad_post_vertical_padding":"","_kad_post_feature":"","_kad_post_feature_position":"","_kad_post_header":false,"_kad_post_footer":false,"_kad_post_classname":"","_jetpack_memberships_contains_paid_content":false,"footnotes":"","jetpack_publicize_message":"","jetpack_publicize_feature_enabled":true,"jetpack_social_post_already_shared":true,"jetpack_social_options":{"image_generator_settings":{"template":"highway","default_image_id":0,"font":"","enabled":false},"version":2}},"categories":[899,14583,1],"tags":[45,17928,916],"class_list":["post-102358","post","type-post","status-publish","format-standard","has-post-thumbnail","hentry","category-1930-1939","category-efemerides","category-portada","tag-45","tag-liga-primera-1934-35","tag-sevilla-fc"],"jetpack_publicize_connections":[],"jetpack_featured_media_url":"https:\/\/i0.wp.com\/www.manquepierda.com\/historiarealbetis\/files\/2025\/03\/21-1935-Betis-2-Sevilla-2.jpg?fit=832%2C298&ssl=1","jetpack_sharing_enabled":true,"jetpack_shortlink":"https:\/\/wp.me\/p1ij08-qCW","jetpack-related-posts":[],"_links":{"self":[{"href":"https:\/\/www.manquepierda.com\/historiarealbetis\/wp-json\/wp\/v2\/posts\/102358","targetHints":{"allow":["GET"]}}],"collection":[{"href":"https:\/\/www.manquepierda.com\/historiarealbetis\/wp-json\/wp\/v2\/posts"}],"about":[{"href":"https:\/\/www.manquepierda.com\/historiarealbetis\/wp-json\/wp\/v2\/types\/post"}],"author":[{"embeddable":true,"href":"https:\/\/www.manquepierda.com\/historiarealbetis\/wp-json\/wp\/v2\/users\/5"}],"replies":[{"embeddable":true,"href":"https:\/\/www.manquepierda.com\/historiarealbetis\/wp-json\/wp\/v2\/comments?post=102358"}],"version-history":[{"count":2,"href":"https:\/\/www.manquepierda.com\/historiarealbetis\/wp-json\/wp\/v2\/posts\/102358\/revisions"}],"predecessor-version":[{"id":102361,"href":"https:\/\/www.manquepierda.com\/historiarealbetis\/wp-json\/wp\/v2\/posts\/102358\/revisions\/102361"}],"wp:featuredmedia":[{"embeddable":true,"href":"https:\/\/www.manquepierda.com\/historiarealbetis\/wp-json\/wp\/v2\/media\/102359"}],"wp:attachment":[{"href":"https:\/\/www.manquepierda.com\/historiarealbetis\/wp-json\/wp\/v2\/media?parent=102358"}],"wp:term":[{"taxonomy":"category","embeddable":true,"href":"https:\/\/www.manquepierda.com\/historiarealbetis\/wp-json\/wp\/v2\/categories?post=102358"},{"taxonomy":"post_tag","embeddable":true,"href":"https:\/\/www.manquepierda.com\/historiarealbetis\/wp-json\/wp\/v2\/tags?post=102358"}],"curies":[{"name":"wp","href":"https:\/\/api.w.org\/{rel}","templated":true}]}}