{"id":102380,"date":"2025-03-19T11:00:00","date_gmt":"2025-03-19T10:00:00","guid":{"rendered":"https:\/\/www.manquepierda.com\/historiarealbetis\/?p=102380"},"modified":"2025-03-15T17:16:04","modified_gmt":"2025-03-15T16:16:04","slug":"album-de-cromos-temporada-2011-12","status":"publish","type":"post","link":"https:\/\/www.manquepierda.com\/historiarealbetis\/album-de-cromos-temporada-2011-12\/","title":{"rendered":"Album de cromos temporada 2011-12."},"content":{"rendered":"<div class=\"wp-block-image\">\n<figure class=\"aligncenter size-full\"><img data-recalc-dims=\"1\" loading=\"lazy\" decoding=\"async\" width=\"469\" height=\"655\" src=\"https:\/\/i0.wp.com\/www.manquepierda.com\/historiarealbetis\/files\/2025\/03\/Album-de-cromos-2011-12-1.jpg?resize=469%2C655&#038;ssl=1\" alt=\"\" class=\"wp-image-102381\" srcset=\"https:\/\/i0.wp.com\/www.manquepierda.com\/historiarealbetis\/files\/2025\/03\/Album-de-cromos-2011-12-1.jpg?w=469&amp;ssl=1 469w, https:\/\/i0.wp.com\/www.manquepierda.com\/historiarealbetis\/files\/2025\/03\/Album-de-cromos-2011-12-1.jpg?resize=430%2C600&amp;ssl=1 430w, https:\/\/i0.wp.com\/www.manquepierda.com\/historiarealbetis\/files\/2025\/03\/Album-de-cromos-2011-12-1.jpg?resize=158%2C220&amp;ssl=1 158w\" sizes=\"auto, (max-width: 469px) 100vw, 469px\" \/><\/figure>\n<\/div>\n\n<p>\u00a0<\/p>\n<p>Album de cromos de la temporada 2011-12 de Colecciones Este Panini con los siguientes jugadores Casto Espinosa, Fabricio Agosto, Mario \u00c1lvarez, Javier Chica, Achile Eman\u00e1, Be\u00f1at Etxebarria, Jonathan Pereira y Rub\u00e9n Castro, adem\u00e1s del entrenador Pepe Mel y el escudo del club.<\/p>\n<p>\u00a0<\/p>\n\n<div class=\"wp-block-image\">\n<figure class=\"aligncenter size-full\"><img data-recalc-dims=\"1\" loading=\"lazy\" decoding=\"async\" width=\"462\" height=\"652\" src=\"https:\/\/i0.wp.com\/www.manquepierda.com\/historiarealbetis\/files\/2025\/03\/Album-de-cromos-2011-12-2.jpg?resize=462%2C652&#038;ssl=1\" alt=\"\" class=\"wp-image-102382\" srcset=\"https:\/\/i0.wp.com\/www.manquepierda.com\/historiarealbetis\/files\/2025\/03\/Album-de-cromos-2011-12-2.jpg?w=462&amp;ssl=1 462w, https:\/\/i0.wp.com\/www.manquepierda.com\/historiarealbetis\/files\/2025\/03\/Album-de-cromos-2011-12-2.jpg?resize=425%2C600&amp;ssl=1 425w, https:\/\/i0.wp.com\/www.manquepierda.com\/historiarealbetis\/files\/2025\/03\/Album-de-cromos-2011-12-2.jpg?resize=156%2C220&amp;ssl=1 156w\" sizes=\"auto, (max-width: 462px) 100vw, 462px\" \/><\/figure>\n<\/div>\n\n<p>Album de cromos de la temporada 2011-12 de Colecciones Este Panini con los siguientes jugadores: Isidoro G\u00f3mez, Jos\u00e9 Antonio Dorado, Ignacio P\u00e9rez \u00abNacho\u00bb, Iriney Santos, Juan Manuel G\u00f3mez \u00abJuanma\u00bb, Salva Sevilla, Jorge Molina y Ezequiel Calvente.<\/p>","protected":false},"excerpt":{"rendered":"<p>\u00a0 Album de cromos de la temporada 2011-12 de Colecciones Este Panini con los siguientes jugadores Casto Espinosa, Fabricio Agosto, Mario \u00c1lvarez, Javier Chica, Achile Eman\u00e1, Be\u00f1at Etxebarria, Jonathan Pereira y Rub\u00e9n Castro, adem\u00e1s del entrenador Pepe Mel y el escudo del club. \u00a0 Album de cromos de la temporada 2011-12 de Colecciones Este Panini&#8230;<\/p>\n","protected":false},"author":5,"featured_media":102381,"comment_status":"open","ping_status":"open","sticky":false,"template":"","format":"standard","meta":{"_kad_post_transparent":"","_kad_post_title":"","_kad_post_layout":"","_kad_post_sidebar_id":"","_kad_post_content_style":"","_kad_post_vertical_padding":"","_kad_post_feature":"","_kad_post_feature_position":"","_kad_post_header":false,"_kad_post_footer":false,"_kad_post_classname":"","_jetpack_memberships_contains_paid_content":false,"footnotes":"","jetpack_publicize_message":"","jetpack_publicize_feature_enabled":true,"jetpack_social_post_already_shared":true,"jetpack_social_options":{"image_generator_settings":{"template":"highway","default_image_id":0,"font":"","enabled":false},"version":2}},"categories":[15447,1],"tags":[16978,17582,144,10995,366,5797,1487,1053,448,3890,471,474,2245,2426,3574,655,748,1012],"class_list":["post-102380","post","type-post","status-publish","format-standard","has-post-thumbnail","hentry","category-2010-2019","category-portada","tag-2011-12","tag-achille-emana-2","tag-benat-etxebarria","tag-casto-espinosa","tag-ezequiel-calvente","tag-fabricio-agosto","tag-ignacio-perez-nacho","tag-iriney-santos","tag-isidoro-gomez","tag-javier-chica","tag-jonathan-pereira","tag-jorge-molina","tag-jose-antonio-dorado","tag-juan-manuel-gomez-juanma","tag-mario-alvarez","tag-pepe-mel","tag-ruben-castro","tag-salva-sevilla"],"jetpack_publicize_connections":[],"jetpack_featured_media_url":"https:\/\/i0.wp.com\/www.manquepierda.com\/historiarealbetis\/files\/2025\/03\/Album-de-cromos-2011-12-1.jpg?fit=469%2C655&ssl=1","jetpack_sharing_enabled":true,"jetpack_shortlink":"https:\/\/wp.me\/p1ij08-qDi","jetpack-related-posts":[],"_links":{"self":[{"href":"https:\/\/www.manquepierda.com\/historiarealbetis\/wp-json\/wp\/v2\/posts\/102380","targetHints":{"allow":["GET"]}}],"collection":[{"href":"https:\/\/www.manquepierda.com\/historiarealbetis\/wp-json\/wp\/v2\/posts"}],"about":[{"href":"https:\/\/www.manquepierda.com\/historiarealbetis\/wp-json\/wp\/v2\/types\/post"}],"author":[{"embeddable":true,"href":"https:\/\/www.manquepierda.com\/historiarealbetis\/wp-json\/wp\/v2\/users\/5"}],"replies":[{"embeddable":true,"href":"https:\/\/www.manquepierda.com\/historiarealbetis\/wp-json\/wp\/v2\/comments?post=102380"}],"version-history":[{"count":3,"href":"https:\/\/www.manquepierda.com\/historiarealbetis\/wp-json\/wp\/v2\/posts\/102380\/revisions"}],"predecessor-version":[{"id":102385,"href":"https:\/\/www.manquepierda.com\/historiarealbetis\/wp-json\/wp\/v2\/posts\/102380\/revisions\/102385"}],"wp:featuredmedia":[{"embeddable":true,"href":"https:\/\/www.manquepierda.com\/historiarealbetis\/wp-json\/wp\/v2\/media\/102381"}],"wp:attachment":[{"href":"https:\/\/www.manquepierda.com\/historiarealbetis\/wp-json\/wp\/v2\/media?parent=102380"}],"wp:term":[{"taxonomy":"category","embeddable":true,"href":"https:\/\/www.manquepierda.com\/historiarealbetis\/wp-json\/wp\/v2\/categories?post=102380"},{"taxonomy":"post_tag","embeddable":true,"href":"https:\/\/www.manquepierda.com\/historiarealbetis\/wp-json\/wp\/v2\/tags?post=102380"}],"curies":[{"name":"wp","href":"https:\/\/api.w.org\/{rel}","templated":true}]}}