{"id":102445,"date":"2025-04-03T13:00:00","date_gmt":"2025-04-03T11:00:00","guid":{"rendered":"https:\/\/www.manquepierda.com\/historiarealbetis\/?p=102445"},"modified":"2025-08-19T19:13:18","modified_gmt":"2025-08-19T17:13:18","slug":"hoy-hace-65-anos-valladolid-0-betis-1","status":"publish","type":"post","link":"https:\/\/www.manquepierda.com\/historiarealbetis\/hoy-hace-65-anos-valladolid-0-betis-1\/","title":{"rendered":"Hoy hace 65 a\u00f1os. Valladolid 0 Betis 1."},"content":{"rendered":"<div class=\"wp-block-image\">\n<figure class=\"aligncenter size-full\"><img data-recalc-dims=\"1\" loading=\"lazy\" decoding=\"async\" width=\"519\" height=\"288\" src=\"https:\/\/i0.wp.com\/www.manquepierda.com\/historiarealbetis\/files\/2025\/03\/3-1960-Valladolid-0-Betis-1.jpg?resize=519%2C288&#038;ssl=1\" alt=\"\" class=\"wp-image-102446\" srcset=\"https:\/\/i0.wp.com\/www.manquepierda.com\/historiarealbetis\/files\/2025\/03\/3-1960-Valladolid-0-Betis-1.jpg?w=519&amp;ssl=1 519w, https:\/\/i0.wp.com\/www.manquepierda.com\/historiarealbetis\/files\/2025\/03\/3-1960-Valladolid-0-Betis-1.jpg?resize=220%2C122&amp;ssl=1 220w\" sizes=\"auto, (max-width: 519px) 100vw, 519px\" \/><\/figure>\n<\/div>\n\n<p><span style=\"color: #008000\">El 3 de abril de 1960 en Zorrilla el Betis vence 0-1 al Valladolid en partido de la jornada 28 del Campeonato de Liga de Primera Divisi\u00f3n.<\/span><\/p>\n<p><span style=\"color: #008000\">Kuszmann en el minuto 49 obtuvo el tanto de la victoria b\u00e9tica tras un despeje fallido de la defensa local.<\/span><\/p>\n<p><span style=\"color: #008000\">El Valladolid, entrenado por Jos\u00e9 Luis Saso, jug\u00f3 con Estrems; Matito, Soler, Mirlo; Ram\u00edrez, Garc\u00eda; Josel\u00edn, Moroll\u00f3n, Beke, End\u00e9riz y Aramendi.<\/span><\/p>\n<p><span style=\"color: #008000\">El Betis, dirigido por Sabino Barinaga, aline\u00f3 a Otero; Azcueta, Santos, Grau; Bosch, Valderas; Lasa, Isidro, Kuszmann, Rojas y Areta.<\/span><\/p>\n<p><span style=\"color: #008000\">En este encuentro debuta en competici\u00f3n oficial con el Betis Jos\u00e9 Luis Azcueta.\u00a0<\/span><\/p>","protected":false},"excerpt":{"rendered":"<p>El 3 de abril de 1960 en Zorrilla el Betis vence 0-1 al Valladolid en partido de la jornada 28 del Campeonato de Liga de Primera Divisi\u00f3n. Kuszmann en el minuto 49 obtuvo el tanto de la victoria b\u00e9tica tras un despeje fallido de la defensa local. El Valladolid, entrenado por Jos\u00e9 Luis Saso, jug\u00f3&#8230;<\/p>\n","protected":false},"author":5,"featured_media":102446,"comment_status":"open","ping_status":"open","sticky":false,"template":"","format":"standard","meta":{"_kad_post_transparent":"","_kad_post_title":"","_kad_post_layout":"","_kad_post_sidebar_id":"","_kad_post_content_style":"","_kad_post_vertical_padding":"","_kad_post_feature":"","_kad_post_feature_position":"","_kad_post_header":false,"_kad_post_footer":false,"_kad_post_classname":"","_jetpack_memberships_contains_paid_content":false,"footnotes":"","jetpack_publicize_message":"","jetpack_publicize_feature_enabled":true,"jetpack_social_post_already_shared":true,"jetpack_social_options":{"image_generator_settings":{"template":"highway","default_image_id":0,"font":"","enabled":false},"version":2}},"categories":[902,14583,1],"tags":[1246,10057,17852,1359],"class_list":["post-102445","post","type-post","status-publish","format-standard","has-post-thumbnail","hentry","category-1960-1969","category-efemerides","category-portada","tag-1246","tag-jose-luis-azcueta","tag-liga-primera-1959-60","tag-real-valladolid"],"jetpack_publicize_connections":[],"jetpack_featured_media_url":"https:\/\/i0.wp.com\/www.manquepierda.com\/historiarealbetis\/files\/2025\/03\/3-1960-Valladolid-0-Betis-1.jpg?fit=519%2C288&ssl=1","jetpack_sharing_enabled":true,"jetpack_shortlink":"https:\/\/wp.me\/p1ij08-qEl","jetpack-related-posts":[],"_links":{"self":[{"href":"https:\/\/www.manquepierda.com\/historiarealbetis\/wp-json\/wp\/v2\/posts\/102445","targetHints":{"allow":["GET"]}}],"collection":[{"href":"https:\/\/www.manquepierda.com\/historiarealbetis\/wp-json\/wp\/v2\/posts"}],"about":[{"href":"https:\/\/www.manquepierda.com\/historiarealbetis\/wp-json\/wp\/v2\/types\/post"}],"author":[{"embeddable":true,"href":"https:\/\/www.manquepierda.com\/historiarealbetis\/wp-json\/wp\/v2\/users\/5"}],"replies":[{"embeddable":true,"href":"https:\/\/www.manquepierda.com\/historiarealbetis\/wp-json\/wp\/v2\/comments?post=102445"}],"version-history":[{"count":2,"href":"https:\/\/www.manquepierda.com\/historiarealbetis\/wp-json\/wp\/v2\/posts\/102445\/revisions"}],"predecessor-version":[{"id":104418,"href":"https:\/\/www.manquepierda.com\/historiarealbetis\/wp-json\/wp\/v2\/posts\/102445\/revisions\/104418"}],"wp:featuredmedia":[{"embeddable":true,"href":"https:\/\/www.manquepierda.com\/historiarealbetis\/wp-json\/wp\/v2\/media\/102446"}],"wp:attachment":[{"href":"https:\/\/www.manquepierda.com\/historiarealbetis\/wp-json\/wp\/v2\/media?parent=102445"}],"wp:term":[{"taxonomy":"category","embeddable":true,"href":"https:\/\/www.manquepierda.com\/historiarealbetis\/wp-json\/wp\/v2\/categories?post=102445"},{"taxonomy":"post_tag","embeddable":true,"href":"https:\/\/www.manquepierda.com\/historiarealbetis\/wp-json\/wp\/v2\/tags?post=102445"}],"curies":[{"name":"wp","href":"https:\/\/api.w.org\/{rel}","templated":true}]}}