{"id":102601,"date":"2025-04-21T13:00:00","date_gmt":"2025-04-21T11:00:00","guid":{"rendered":"https:\/\/www.manquepierda.com\/historiarealbetis\/?p=102601"},"modified":"2025-04-03T18:18:08","modified_gmt":"2025-04-03T16:18:08","slug":"hoy-hace-40-anos-malaga-1-betis-1","status":"publish","type":"post","link":"https:\/\/www.manquepierda.com\/historiarealbetis\/hoy-hace-40-anos-malaga-1-betis-1\/","title":{"rendered":"Hoy hace 40 a\u00f1os. M\u00e1laga 1 Betis 1."},"content":{"rendered":"<div class=\"wp-block-image\">\n<figure class=\"aligncenter size-full\"><img data-recalc-dims=\"1\" loading=\"lazy\" decoding=\"async\" width=\"516\" height=\"280\" src=\"https:\/\/i0.wp.com\/www.manquepierda.com\/historiarealbetis\/files\/2025\/04\/21-1985-Malaga-1-Betis-1-.jpg?resize=516%2C280&#038;ssl=1\" alt=\"\" class=\"wp-image-102602\" srcset=\"https:\/\/i0.wp.com\/www.manquepierda.com\/historiarealbetis\/files\/2025\/04\/21-1985-Malaga-1-Betis-1-.jpg?w=516&amp;ssl=1 516w, https:\/\/i0.wp.com\/www.manquepierda.com\/historiarealbetis\/files\/2025\/04\/21-1985-Malaga-1-Betis-1-.jpg?resize=220%2C119&amp;ssl=1 220w\" sizes=\"auto, (max-width: 516px) 100vw, 516px\" \/><\/figure>\n<\/div>\n\n<p>\u00a0<\/p>\n<p><span style=\"color: #008000\">El 21 de abril de 1985 en La Rosaleda M\u00e1laga y Betis empatan a 1 en partido de la jornada 34 del Campeonato de Liga de Primera Divisi\u00f3n.<\/span><\/p>\n<p><span style=\"color: #008000\">Un partido dram\u00e1tico en la \u00faltima jornada y en la que el Betis le val\u00eda el empate para mantener la categor\u00eda. Tambi\u00e9n al M\u00e1laga, si se daban los resultados que se esperaban en otros campos. Sin embargo, las victorias del H\u00e9rcules en el Bernab\u00e9u y del Valladolid en el Pizju\u00e1n mandaron al equipo malacitano a Segunda Divisi\u00f3n.<\/span><\/p>\n<p><span style=\"color: #008000\">Se adelant\u00f3 el M\u00e1laga en el minuto 48 con un remate de Juani tras varios rechaces en el \u00e1rea b\u00e9tica. Empat\u00f3 Parra en el minuto 56, rematando de cabeza un saque de esquina botado por Calder\u00f3n.<\/span><\/p>\n<p><span style=\"color: #008000\">El M\u00e1laga, entrenado por Antonio Ben\u00edtez, aline\u00f3 a Fernando; Pop\u00f3, Mu\u00f1oz P\u00e9rez, Regendhart, Brescia; Zambrano, Canillas, Albis; Juani (75, Tello), Tot\u00f3 (75, Micanovic) y Jos\u00e9.<\/span><\/p>\n<p><span style=\"color: #008000\">El Betis, dirigido por Luis Carriega, form\u00f3 con Esnaola; Diego, Mantilla, Alex, Gordillo (32, Reyes); Parra, Ortega, Casado (71, Su\u00e1rez), Calleja; Rinc\u00f3n y Calder\u00f3n.<\/span><\/p>","protected":false},"excerpt":{"rendered":"<p>\u00a0 El 21 de abril de 1985 en La Rosaleda M\u00e1laga y Betis empatan a 1 en partido de la jornada 34 del Campeonato de Liga de Primera Divisi\u00f3n. Un partido dram\u00e1tico en la \u00faltima jornada y en la que el Betis le val\u00eda el empate para mantener la categor\u00eda. Tambi\u00e9n al M\u00e1laga, si se&#8230;<\/p>\n","protected":false},"author":5,"featured_media":102602,"comment_status":"open","ping_status":"open","sticky":false,"template":"","format":"standard","meta":{"_kad_post_transparent":"","_kad_post_title":"","_kad_post_layout":"","_kad_post_sidebar_id":"","_kad_post_content_style":"","_kad_post_vertical_padding":"","_kad_post_feature":"","_kad_post_feature_position":"","_kad_post_header":false,"_kad_post_footer":false,"_kad_post_classname":"","_jetpack_memberships_contains_paid_content":false,"footnotes":"","jetpack_publicize_message":"","jetpack_publicize_feature_enabled":true,"jetpack_social_post_already_shared":true,"jetpack_social_options":{"image_generator_settings":{"template":"highway","default_image_id":0,"font":"","enabled":false},"version":2}},"categories":[904,14583,1],"tags":[1539,1497,17862],"class_list":["post-102601","post","type-post","status-publish","format-standard","has-post-thumbnail","hentry","category-1980-1989","category-efemerides","category-portada","tag-1539","tag-cd-malaga","tag-liga-primera-1984-85"],"jetpack_publicize_connections":[],"jetpack_featured_media_url":"https:\/\/i0.wp.com\/www.manquepierda.com\/historiarealbetis\/files\/2025\/04\/21-1985-Malaga-1-Betis-1-.jpg?fit=516%2C280&ssl=1","jetpack_sharing_enabled":true,"jetpack_shortlink":"https:\/\/wp.me\/p1ij08-qGR","jetpack-related-posts":[],"_links":{"self":[{"href":"https:\/\/www.manquepierda.com\/historiarealbetis\/wp-json\/wp\/v2\/posts\/102601","targetHints":{"allow":["GET"]}}],"collection":[{"href":"https:\/\/www.manquepierda.com\/historiarealbetis\/wp-json\/wp\/v2\/posts"}],"about":[{"href":"https:\/\/www.manquepierda.com\/historiarealbetis\/wp-json\/wp\/v2\/types\/post"}],"author":[{"embeddable":true,"href":"https:\/\/www.manquepierda.com\/historiarealbetis\/wp-json\/wp\/v2\/users\/5"}],"replies":[{"embeddable":true,"href":"https:\/\/www.manquepierda.com\/historiarealbetis\/wp-json\/wp\/v2\/comments?post=102601"}],"version-history":[{"count":2,"href":"https:\/\/www.manquepierda.com\/historiarealbetis\/wp-json\/wp\/v2\/posts\/102601\/revisions"}],"predecessor-version":[{"id":102604,"href":"https:\/\/www.manquepierda.com\/historiarealbetis\/wp-json\/wp\/v2\/posts\/102601\/revisions\/102604"}],"wp:featuredmedia":[{"embeddable":true,"href":"https:\/\/www.manquepierda.com\/historiarealbetis\/wp-json\/wp\/v2\/media\/102602"}],"wp:attachment":[{"href":"https:\/\/www.manquepierda.com\/historiarealbetis\/wp-json\/wp\/v2\/media?parent=102601"}],"wp:term":[{"taxonomy":"category","embeddable":true,"href":"https:\/\/www.manquepierda.com\/historiarealbetis\/wp-json\/wp\/v2\/categories?post=102601"},{"taxonomy":"post_tag","embeddable":true,"href":"https:\/\/www.manquepierda.com\/historiarealbetis\/wp-json\/wp\/v2\/tags?post=102601"}],"curies":[{"name":"wp","href":"https:\/\/api.w.org\/{rel}","templated":true}]}}