{"id":102617,"date":"2025-04-26T13:00:00","date_gmt":"2025-04-26T11:00:00","guid":{"rendered":"https:\/\/www.manquepierda.com\/historiarealbetis\/?p=102617"},"modified":"2025-08-19T19:09:52","modified_gmt":"2025-08-19T17:09:52","slug":"hoy-hace-66-anos-betis-6-tenerife-1-en-copa","status":"publish","type":"post","link":"https:\/\/www.manquepierda.com\/historiarealbetis\/hoy-hace-66-anos-betis-6-tenerife-1-en-copa\/","title":{"rendered":"Hoy hace 66 a\u00f1os. Betis 6 Tenerife 1 en Copa."},"content":{"rendered":"\n<figure class=\"wp-block-image size-large\"><img data-recalc-dims=\"1\" loading=\"lazy\" decoding=\"async\" width=\"960\" height=\"631\" src=\"https:\/\/i0.wp.com\/www.manquepierda.com\/historiarealbetis\/files\/2025\/04\/26-1959-Betis-6-Tenerife-1.jpg?resize=960%2C631&#038;ssl=1\" alt=\"\" class=\"wp-image-102618\" srcset=\"https:\/\/i0.wp.com\/www.manquepierda.com\/historiarealbetis\/files\/2025\/04\/26-1959-Betis-6-Tenerife-1.jpg?resize=960%2C631&amp;ssl=1 960w, https:\/\/i0.wp.com\/www.manquepierda.com\/historiarealbetis\/files\/2025\/04\/26-1959-Betis-6-Tenerife-1.jpg?resize=680%2C447&amp;ssl=1 680w, https:\/\/i0.wp.com\/www.manquepierda.com\/historiarealbetis\/files\/2025\/04\/26-1959-Betis-6-Tenerife-1.jpg?resize=220%2C145&amp;ssl=1 220w, https:\/\/i0.wp.com\/www.manquepierda.com\/historiarealbetis\/files\/2025\/04\/26-1959-Betis-6-Tenerife-1.jpg?resize=768%2C504&amp;ssl=1 768w, https:\/\/i0.wp.com\/www.manquepierda.com\/historiarealbetis\/files\/2025\/04\/26-1959-Betis-6-Tenerife-1.jpg?w=982&amp;ssl=1 982w\" sizes=\"auto, (max-width: 960px) 100vw, 960px\" \/><\/figure>\n\n\n<p><span style=\"color: #008000\">El 26 de abril de 1959 en Heli\u00f3polis el Betis derrota 6-1 al Tenerife en partido de ida de los dieciseisavos de final de Copa.<\/span><\/p>\n<p><span style=\"color: #008000\">En el minuto 5 Vila de cabeza, a pase de Isidro, hizo el 1-0; en el 15 de nuevo Vila de cabeza, tras un saque de esquina botado por Casta\u00f1o, marc\u00f3 el 2-0. En el 18 Vila tras una jugada individual marc\u00f3 el 3-0. En el 33 de nuevo Vila marc\u00f3 el cuarto, despu\u00e9s de una buena jugada de Del Sol. En el 46 Areta cede a Bosch, que hizo el 5-0. En el 57 marc\u00f3 el Tenerife por medio de Antonio, y en el 68 Del Sol marc\u00f3 el 6-1.<\/span><\/p>\n<p><span style=\"color: #008000\">El Betis, dirigido por Jos\u00e9 Seguer, aline\u00f3 a Men\u00e9ndez; Portu, R\u00edos, Areta; Isidro, Valderas; Casta\u00f1o, Lasa, Vila, Bosch y Del Sol.<\/span><\/p>\n<p><span style=\"color: #008000\">El Tenerife, entrenado por Antonio Fuentes, jug\u00f3 con Santi; Felipe, Garc\u00eda, Andreu; Padr\u00f3n, Villar; Tom\u00e1s, Julio, Antonio, Herrera y Ant\u00f3.<\/span><\/p>\n<p><span style=\"color: #008000\">En este encuentro debuta con el Betis en competici\u00f3n oficial el t\u00e9cnico Jos\u00e9 Seguer.\u00a0<\/span><\/p>","protected":false},"excerpt":{"rendered":"<p>El 26 de abril de 1959 en Heli\u00f3polis el Betis derrota 6-1 al Tenerife en partido de ida de los dieciseisavos de final de Copa. En el minuto 5 Vila de cabeza, a pase de Isidro, hizo el 1-0; en el 15 de nuevo Vila de cabeza, tras un saque de esquina botado por Casta\u00f1o,&#8230;<\/p>\n","protected":false},"author":5,"featured_media":102618,"comment_status":"open","ping_status":"open","sticky":false,"template":"","format":"standard","meta":{"_kad_post_transparent":"","_kad_post_title":"","_kad_post_layout":"","_kad_post_sidebar_id":"","_kad_post_content_style":"","_kad_post_vertical_padding":"","_kad_post_feature":"","_kad_post_feature_position":"","_kad_post_header":false,"_kad_post_footer":false,"_kad_post_classname":"","_jetpack_memberships_contains_paid_content":false,"footnotes":"","jetpack_publicize_message":"","jetpack_publicize_feature_enabled":true,"jetpack_social_post_already_shared":true,"jetpack_social_options":{"image_generator_settings":{"template":"highway","default_image_id":0,"font":"","enabled":false},"version":2}},"categories":[901,14583,1],"tags":[1538,232,17924,1451],"class_list":["post-102617","post","type-post","status-publish","format-standard","has-post-thumbnail","hentry","category-1950-1959","category-efemerides","category-portada","tag-1538","tag-cd-tenerife","tag-copa-1958-59","tag-jose-seguer"],"jetpack_publicize_connections":[],"jetpack_featured_media_url":"https:\/\/i0.wp.com\/www.manquepierda.com\/historiarealbetis\/files\/2025\/04\/26-1959-Betis-6-Tenerife-1.jpg?fit=982%2C645&ssl=1","jetpack_sharing_enabled":true,"jetpack_shortlink":"https:\/\/wp.me\/p1ij08-qH7","jetpack-related-posts":[],"_links":{"self":[{"href":"https:\/\/www.manquepierda.com\/historiarealbetis\/wp-json\/wp\/v2\/posts\/102617","targetHints":{"allow":["GET"]}}],"collection":[{"href":"https:\/\/www.manquepierda.com\/historiarealbetis\/wp-json\/wp\/v2\/posts"}],"about":[{"href":"https:\/\/www.manquepierda.com\/historiarealbetis\/wp-json\/wp\/v2\/types\/post"}],"author":[{"embeddable":true,"href":"https:\/\/www.manquepierda.com\/historiarealbetis\/wp-json\/wp\/v2\/users\/5"}],"replies":[{"embeddable":true,"href":"https:\/\/www.manquepierda.com\/historiarealbetis\/wp-json\/wp\/v2\/comments?post=102617"}],"version-history":[{"count":2,"href":"https:\/\/www.manquepierda.com\/historiarealbetis\/wp-json\/wp\/v2\/posts\/102617\/revisions"}],"predecessor-version":[{"id":104416,"href":"https:\/\/www.manquepierda.com\/historiarealbetis\/wp-json\/wp\/v2\/posts\/102617\/revisions\/104416"}],"wp:featuredmedia":[{"embeddable":true,"href":"https:\/\/www.manquepierda.com\/historiarealbetis\/wp-json\/wp\/v2\/media\/102618"}],"wp:attachment":[{"href":"https:\/\/www.manquepierda.com\/historiarealbetis\/wp-json\/wp\/v2\/media?parent=102617"}],"wp:term":[{"taxonomy":"category","embeddable":true,"href":"https:\/\/www.manquepierda.com\/historiarealbetis\/wp-json\/wp\/v2\/categories?post=102617"},{"taxonomy":"post_tag","embeddable":true,"href":"https:\/\/www.manquepierda.com\/historiarealbetis\/wp-json\/wp\/v2\/tags?post=102617"}],"curies":[{"name":"wp","href":"https:\/\/api.w.org\/{rel}","templated":true}]}}