{"id":102621,"date":"2025-04-27T13:00:00","date_gmt":"2025-04-27T11:00:00","guid":{"rendered":"https:\/\/www.manquepierda.com\/historiarealbetis\/?p=102621"},"modified":"2025-04-25T01:02:07","modified_gmt":"2025-04-24T23:02:07","slug":"hoy-hace-95-anos-barcelona-2-betis-0-en-copa","status":"publish","type":"post","link":"https:\/\/www.manquepierda.com\/historiarealbetis\/hoy-hace-95-anos-barcelona-2-betis-0-en-copa\/","title":{"rendered":"Hoy hace 95 a\u00f1os. Barcelona 2 Betis 0 en Copa."},"content":{"rendered":"<div class=\"wp-block-image\">\n<figure class=\"aligncenter size-large\"><img data-recalc-dims=\"1\" loading=\"lazy\" decoding=\"async\" width=\"960\" height=\"424\" src=\"https:\/\/i0.wp.com\/www.manquepierda.com\/historiarealbetis\/files\/2025\/04\/27-1930-Barcelona-2-Betis-0.jpg?resize=960%2C424&#038;ssl=1\" alt=\"\" class=\"wp-image-102622\" srcset=\"https:\/\/i0.wp.com\/www.manquepierda.com\/historiarealbetis\/files\/2025\/04\/27-1930-Barcelona-2-Betis-0.jpg?resize=960%2C424&amp;ssl=1 960w, https:\/\/i0.wp.com\/www.manquepierda.com\/historiarealbetis\/files\/2025\/04\/27-1930-Barcelona-2-Betis-0.jpg?resize=680%2C300&amp;ssl=1 680w, https:\/\/i0.wp.com\/www.manquepierda.com\/historiarealbetis\/files\/2025\/04\/27-1930-Barcelona-2-Betis-0.jpg?resize=220%2C97&amp;ssl=1 220w, https:\/\/i0.wp.com\/www.manquepierda.com\/historiarealbetis\/files\/2025\/04\/27-1930-Barcelona-2-Betis-0.jpg?resize=768%2C339&amp;ssl=1 768w, https:\/\/i0.wp.com\/www.manquepierda.com\/historiarealbetis\/files\/2025\/04\/27-1930-Barcelona-2-Betis-0.jpg?w=1456&amp;ssl=1 1456w\" sizes=\"auto, (max-width: 960px) 100vw, 960px\" \/><\/figure>\n<\/div>\n\n<p><span style=\"color: #008000\">El 27 de abril de 1930 en Las Corts el Barcelona gana 2-0 al Betis en el partido de vuelta de los octavos de final de Copa.<\/span><\/p>\n<p><span style=\"color: #008000\">Dado que en el partido de ida en Sevilla se hab\u00eda empatado a 1, el Betis quedaba eliminado del torneo copero.<\/span><\/p>\n<p><span style=\"color: #008000\">En el minuto 8 se adelant\u00f3 el Barcelona, con un tiro de Parera que desvi\u00f3 Jesus\u00edn. En el 89 Samitier remat\u00f3 de cerca el 2-0.<\/span><\/p>\n<p><span style=\"color: #008000\">El Barcelona, entrenado por James Bellamy, aline\u00f3 a Uriach; Walter, Mas; Mart\u00ed, Guzm\u00e1n, Castillo; Piera, Sastre, Samitier, Bestit y Parera.<\/span><\/p>\n<p><span style=\"color: #008000\">El Betis, dirigido por Juan Armet \u201cKink\u00e9\u201d, form\u00f3 con Jes\u00fas; Tenorio, Jesus\u00edn; Regueiro, Currinche, Peral; Soler, Altuna, Su\u00e1rez, Enrique y Manol\u00edn. \u00a0<\/span>\u00a0<\/p>","protected":false},"excerpt":{"rendered":"<p>El 27 de abril de 1930 en Las Corts el Barcelona gana 2-0 al Betis en el partido de vuelta de los octavos de final de Copa. Dado que en el partido de ida en Sevilla se hab\u00eda empatado a 1, el Betis quedaba eliminado del torneo copero. En el minuto 8 se adelant\u00f3 el&#8230;<\/p>\n","protected":false},"author":5,"featured_media":102622,"comment_status":"open","ping_status":"open","sticky":false,"template":"","format":"standard","meta":{"_kad_post_transparent":"","_kad_post_title":"","_kad_post_layout":"","_kad_post_sidebar_id":"","_kad_post_content_style":"","_kad_post_vertical_padding":"","_kad_post_feature":"","_kad_post_feature_position":"","_kad_post_header":false,"_kad_post_footer":false,"_kad_post_classname":"","_jetpack_memberships_contains_paid_content":false,"footnotes":"","jetpack_publicize_message":"","jetpack_publicize_feature_enabled":true,"jetpack_social_post_already_shared":true,"jetpack_social_options":{"image_generator_settings":{"template":"highway","default_image_id":0,"font":"","enabled":false},"version":2}},"categories":[899,14583,1],"tags":[17767,17896,1154],"class_list":["post-102621","post","type-post","status-publish","format-standard","has-post-thumbnail","hentry","category-1930-1939","category-efemerides","category-portada","tag-17767","tag-copa-1929-30","tag-fc-barcelona"],"jetpack_publicize_connections":[],"jetpack_featured_media_url":"https:\/\/i0.wp.com\/www.manquepierda.com\/historiarealbetis\/files\/2025\/04\/27-1930-Barcelona-2-Betis-0.jpg?fit=1456%2C643&ssl=1","jetpack_sharing_enabled":true,"jetpack_shortlink":"https:\/\/wp.me\/p1ij08-qHb","jetpack-related-posts":[],"_links":{"self":[{"href":"https:\/\/www.manquepierda.com\/historiarealbetis\/wp-json\/wp\/v2\/posts\/102621","targetHints":{"allow":["GET"]}}],"collection":[{"href":"https:\/\/www.manquepierda.com\/historiarealbetis\/wp-json\/wp\/v2\/posts"}],"about":[{"href":"https:\/\/www.manquepierda.com\/historiarealbetis\/wp-json\/wp\/v2\/types\/post"}],"author":[{"embeddable":true,"href":"https:\/\/www.manquepierda.com\/historiarealbetis\/wp-json\/wp\/v2\/users\/5"}],"replies":[{"embeddable":true,"href":"https:\/\/www.manquepierda.com\/historiarealbetis\/wp-json\/wp\/v2\/comments?post=102621"}],"version-history":[{"count":2,"href":"https:\/\/www.manquepierda.com\/historiarealbetis\/wp-json\/wp\/v2\/posts\/102621\/revisions"}],"predecessor-version":[{"id":102839,"href":"https:\/\/www.manquepierda.com\/historiarealbetis\/wp-json\/wp\/v2\/posts\/102621\/revisions\/102839"}],"wp:featuredmedia":[{"embeddable":true,"href":"https:\/\/www.manquepierda.com\/historiarealbetis\/wp-json\/wp\/v2\/media\/102622"}],"wp:attachment":[{"href":"https:\/\/www.manquepierda.com\/historiarealbetis\/wp-json\/wp\/v2\/media?parent=102621"}],"wp:term":[{"taxonomy":"category","embeddable":true,"href":"https:\/\/www.manquepierda.com\/historiarealbetis\/wp-json\/wp\/v2\/categories?post=102621"},{"taxonomy":"post_tag","embeddable":true,"href":"https:\/\/www.manquepierda.com\/historiarealbetis\/wp-json\/wp\/v2\/tags?post=102621"}],"curies":[{"name":"wp","href":"https:\/\/api.w.org\/{rel}","templated":true}]}}