{"id":102624,"date":"2025-04-28T13:00:00","date_gmt":"2025-04-28T11:00:00","guid":{"rendered":"https:\/\/www.manquepierda.com\/historiarealbetis\/?p=102624"},"modified":"2025-04-03T20:03:58","modified_gmt":"2025-04-03T18:03:58","slug":"hoy-hace-85-anos-betis-2-celta-0","status":"publish","type":"post","link":"https:\/\/www.manquepierda.com\/historiarealbetis\/hoy-hace-85-anos-betis-2-celta-0\/","title":{"rendered":"Hoy hace 85 a\u00f1os. Betis 2 Celta 0."},"content":{"rendered":"<div class=\"wp-block-image\">\n<figure class=\"aligncenter size-large\"><img data-recalc-dims=\"1\" loading=\"lazy\" decoding=\"async\" width=\"960\" height=\"549\" src=\"https:\/\/i0.wp.com\/www.manquepierda.com\/historiarealbetis\/files\/2025\/04\/28-1940-Betis-2-Celta-0.jpg?resize=960%2C549&#038;ssl=1\" alt=\"\" class=\"wp-image-102625\" srcset=\"https:\/\/i0.wp.com\/www.manquepierda.com\/historiarealbetis\/files\/2025\/04\/28-1940-Betis-2-Celta-0.jpg?resize=960%2C549&amp;ssl=1 960w, https:\/\/i0.wp.com\/www.manquepierda.com\/historiarealbetis\/files\/2025\/04\/28-1940-Betis-2-Celta-0.jpg?resize=680%2C389&amp;ssl=1 680w, https:\/\/i0.wp.com\/www.manquepierda.com\/historiarealbetis\/files\/2025\/04\/28-1940-Betis-2-Celta-0.jpg?resize=220%2C126&amp;ssl=1 220w, https:\/\/i0.wp.com\/www.manquepierda.com\/historiarealbetis\/files\/2025\/04\/28-1940-Betis-2-Celta-0.jpg?resize=768%2C439&amp;ssl=1 768w, https:\/\/i0.wp.com\/www.manquepierda.com\/historiarealbetis\/files\/2025\/04\/28-1940-Betis-2-Celta-0.jpg?w=1035&amp;ssl=1 1035w\" sizes=\"auto, (max-width: 960px) 100vw, 960px\" \/><\/figure>\n<\/div>\n\n<p>\u00a0<\/p>\n<p><span style=\"color: #008000\">El 28 de abril de 1940 en Heli\u00f3polis el Betis derrota 2-0 al Celta en partido de la jornada 22 del Campeonato de Liga de Primera Divisi\u00f3n.<\/span><\/p>\n<p><span style=\"color: #008000\">Era la \u00faltima jornada del Campeonato, en el que el Betis descendi\u00f3 a Segunda Divisi\u00f3n, clasific\u00e1ndose el 11 entre 12 equipos.<\/span><\/p>\n<p><span style=\"color: #008000\">Paquirri en el minuto 57 adelant\u00f3 al Betis, aprovechando un rechace del meta c\u00e9ltico a disparo de Saro. En el 65 un centro de Valera fue desviado por Varela a su propia porter\u00eda, significando el 2-0.<\/span><\/p>\n<p><span style=\"color: #008000\">El Betis, dirigido por Andr\u00e9s Aranda, jug\u00f3 con Comas; Telech\u00eda, Cornejo; Peral, Fern\u00e1ndez, Mu\u00f1oz; Saro, Caballero, Paquirri, Retamar y Valera.<\/span><\/p>\n<p><span style=\"color: #008000\">El Celta, entrenado por Ricardo Comesa\u00f1a, jug\u00f3 con Alberty; Cons, Varela; Alvarito, Fuentes, Pi\u00f1eiro; Venancio, Agust\u00edn, Nolete, Pirelo y Toro.<\/span><\/p>","protected":false},"excerpt":{"rendered":"<p>\u00a0 El 28 de abril de 1940 en Heli\u00f3polis el Betis derrota 2-0 al Celta en partido de la jornada 22 del Campeonato de Liga de Primera Divisi\u00f3n. Era la \u00faltima jornada del Campeonato, en el que el Betis descendi\u00f3 a Segunda Divisi\u00f3n, clasific\u00e1ndose el 11 entre 12 equipos. Paquirri en el minuto 57 adelant\u00f3&#8230;<\/p>\n","protected":false},"author":5,"featured_media":102625,"comment_status":"open","ping_status":"open","sticky":false,"template":"","format":"standard","meta":{"_kad_post_transparent":"","_kad_post_title":"","_kad_post_layout":"","_kad_post_sidebar_id":"","_kad_post_content_style":"","_kad_post_vertical_padding":"","_kad_post_feature":"","_kad_post_feature_position":"","_kad_post_header":false,"_kad_post_footer":false,"_kad_post_classname":"","_jetpack_memberships_contains_paid_content":false,"footnotes":"","jetpack_publicize_message":"","jetpack_publicize_feature_enabled":true,"jetpack_social_post_already_shared":true,"jetpack_social_options":{"image_generator_settings":{"template":"highway","default_image_id":0,"font":"","enabled":false},"version":2}},"categories":[900,14583,1],"tags":[48,17867,13018],"class_list":["post-102624","post","type-post","status-publish","format-standard","has-post-thumbnail","hentry","category-1940-1949","category-efemerides","category-portada","tag-48","tag-liga-primera-1939-40","tag-real-club-celta-de-vigo"],"jetpack_publicize_connections":[],"jetpack_featured_media_url":"https:\/\/i0.wp.com\/www.manquepierda.com\/historiarealbetis\/files\/2025\/04\/28-1940-Betis-2-Celta-0.jpg?fit=1035%2C592&ssl=1","jetpack_sharing_enabled":true,"jetpack_shortlink":"https:\/\/wp.me\/p1ij08-qHe","jetpack-related-posts":[],"_links":{"self":[{"href":"https:\/\/www.manquepierda.com\/historiarealbetis\/wp-json\/wp\/v2\/posts\/102624","targetHints":{"allow":["GET"]}}],"collection":[{"href":"https:\/\/www.manquepierda.com\/historiarealbetis\/wp-json\/wp\/v2\/posts"}],"about":[{"href":"https:\/\/www.manquepierda.com\/historiarealbetis\/wp-json\/wp\/v2\/types\/post"}],"author":[{"embeddable":true,"href":"https:\/\/www.manquepierda.com\/historiarealbetis\/wp-json\/wp\/v2\/users\/5"}],"replies":[{"embeddable":true,"href":"https:\/\/www.manquepierda.com\/historiarealbetis\/wp-json\/wp\/v2\/comments?post=102624"}],"version-history":[{"count":1,"href":"https:\/\/www.manquepierda.com\/historiarealbetis\/wp-json\/wp\/v2\/posts\/102624\/revisions"}],"predecessor-version":[{"id":102626,"href":"https:\/\/www.manquepierda.com\/historiarealbetis\/wp-json\/wp\/v2\/posts\/102624\/revisions\/102626"}],"wp:featuredmedia":[{"embeddable":true,"href":"https:\/\/www.manquepierda.com\/historiarealbetis\/wp-json\/wp\/v2\/media\/102625"}],"wp:attachment":[{"href":"https:\/\/www.manquepierda.com\/historiarealbetis\/wp-json\/wp\/v2\/media?parent=102624"}],"wp:term":[{"taxonomy":"category","embeddable":true,"href":"https:\/\/www.manquepierda.com\/historiarealbetis\/wp-json\/wp\/v2\/categories?post=102624"},{"taxonomy":"post_tag","embeddable":true,"href":"https:\/\/www.manquepierda.com\/historiarealbetis\/wp-json\/wp\/v2\/tags?post=102624"}],"curies":[{"name":"wp","href":"https:\/\/api.w.org\/{rel}","templated":true}]}}