{"id":102709,"date":"2025-04-16T11:00:00","date_gmt":"2025-04-16T09:00:00","guid":{"rendered":"https:\/\/www.manquepierda.com\/historiarealbetis\/?p=102709"},"modified":"2025-08-19T08:30:42","modified_gmt":"2025-08-19T06:30:42","slug":"la-temporada-1984-85","status":"publish","type":"post","link":"https:\/\/www.manquepierda.com\/historiarealbetis\/la-temporada-1984-85\/","title":{"rendered":"La temporada 1984-85."},"content":{"rendered":"<div class=\"wp-block-image\">\n<figure class=\"aligncenter size-full\"><img data-recalc-dims=\"1\" loading=\"lazy\" decoding=\"async\" width=\"892\" height=\"563\" src=\"https:\/\/i0.wp.com\/www.manquepierda.com\/historiarealbetis\/files\/2025\/04\/Temporada-1984-85.jpg?resize=892%2C563&#038;ssl=1\" alt=\"\" class=\"wp-image-102710\" srcset=\"https:\/\/i0.wp.com\/www.manquepierda.com\/historiarealbetis\/files\/2025\/04\/Temporada-1984-85.jpg?w=892&amp;ssl=1 892w, https:\/\/i0.wp.com\/www.manquepierda.com\/historiarealbetis\/files\/2025\/04\/Temporada-1984-85.jpg?resize=680%2C429&amp;ssl=1 680w, https:\/\/i0.wp.com\/www.manquepierda.com\/historiarealbetis\/files\/2025\/04\/Temporada-1984-85.jpg?resize=220%2C139&amp;ssl=1 220w, https:\/\/i0.wp.com\/www.manquepierda.com\/historiarealbetis\/files\/2025\/04\/Temporada-1984-85.jpg?resize=768%2C485&amp;ssl=1 768w\" sizes=\"auto, (max-width: 892px) 100vw, 892px\" \/><\/figure>\n<\/div>\n\n<p><span style=\"color: #008000\">El 20 de julio tuvo lugar en el Villamar\u00edn la presentaci\u00f3n de la primera plantilla, y al d\u00eda siguiente se inici\u00f3 la concentraci\u00f3n de pretemporada en la localidad catalana de Vilob\u00ed, en donde se estuvo hasta el 6 de agosto.<\/span><\/p>\n<p><span style=\"color: #008000\">All\u00ed se jug\u00f3 el trofeo de\u00a0 la localidad, que conquist\u00f3 el Betis tras imponerse a Figueres y Sabadell, tras sendos empates resueltos favorablemente en la tanda de penaltis.<\/span><\/p>\n<p><span style=\"color: #008000\">A lo largo de agosto se jugaron diversos amistosos: 2-0 al Ferencvaros en el partido de presentaci\u00f3n; Trofeo Colombino en Huelva, con derrota 2-1 ante el Recreativo y victoria 3-2 frente al M\u00e1laga; empate a 1 en Salamanca; Trofeo Ciudad de Vigo, con victoria 1-0 sobre el Pe\u00f1arol y derrota 3-2 contra el Celta; finalizando con victorias 0-4 en Chipiona y 0-3 en C\u00f3rdoba.<\/span><\/p>\n<p><span style=\"color: #008000\">Al frente del equipo repet\u00eda Pepe Alzate, tras la brillante campa\u00f1a anterior. En el seno de la plantilla hubo pocos movimientos; las bajas de Canito (Zaragoza), y las cesiones de Melchor (Granada), Gabino (Logro\u00f1\u00e9s), Pe\u00f1a y Barandica (Alav\u00e9s); las altas fueron las de Valdo (Granada), las vueltas de Carmelo y Romo de su cesi\u00f3n al Recreativo, y el ascenso definitivo de Medina desde el filial.<\/span><\/p>\n<p><span style=\"color: #008000\">La huelga de futbolistas convocada por la AFE en la jornada 2 de Liga hizo que los futbolistas del equipo filial jugasen el partido contra el Murcia en La Condomina.<\/span><\/p>\n<p><span style=\"color: #008000\">El calendario competitivo de este a\u00f1o era muy potente, con la participaci\u00f3n en la Liga de Primera Divisi\u00f3n, Copa, Copa de la UEFA y Copa de la Liga. Un total de 52 encuentros oficiales.<\/span><\/p>\n<p><span style=\"color: #008000\">La participaci\u00f3n en la Copa de la UEFA fue breve, pues el equipo cay\u00f3 eliminado en la ronda inicial en los treintaidosavos de final. La victoria 1-0 ante el Universidad de Craiova en el encuentro de ida fue igualada en Craiova con el mismo resultado, y en los penaltis el equipo rumano se impuso.<\/span><\/p>\n<p><span style=\"color: #008000\">En la Liga se fue de m\u00e1s menos, pues durante la primera vuelta el equipo estuvo bien clasificado ( a mitad de competici\u00f3n era 4\u00ba), pero en la segunda vuelta el equipo se desplom\u00f3, salv\u00e1ndose del descenso con un ag\u00f3nico empate en M\u00e1laga en la \u00faltima jornada. El t\u00e9cnico Pepe Alzate fue cesado en la jornada 27, encarando las 7 \u00faltimas jornadas con Luis Carriega al frente de la plantilla.<\/span><\/p>\n<p><span style=\"color: #008000\">En Liga se jugaron 34 partidos, con 11 victorias, 8 empates y 15 derrotas, 37 goles a favor y 43 en contra, clasific\u00e1ndose en el puesto 14\u00ba sobre 18 equipos.<\/span><\/p>\n<p><span style=\"color: #008000\">En las otras dos competiciones s\u00ed se hizo un mejor papel. En la Copa de la Liga se elimin\u00f3 al Valencia, cayendo ante el Atl\u00e9tico de Madrid en cuartos de final; en la Copa el papel fue brillante, pues se elimin\u00f3 al Recreativo de Huelva, Sevilla, Oviedo, Mallorca y Barcelona para caer en semifinales ante el Athletic despu\u00e9s una eliminatoria muy disputada.\u00a0<\/span><\/p>\n<p><span style=\"color: #008000\">Una temporada que empez\u00f3 mal, con la eliminaci\u00f3n europea, se enderez\u00f3 despu\u00e9s y se torci\u00f3 peligrosamente entre enero y marzo. La llagada de Luis Carriega sirvi\u00f3 para salvar la permanencia, y dejar un muy buen sabor de boca en Copa de la Liga y Copa.<\/span><\/p>\n<p><span style=\"color: #008000\">33 fueron los futbolistas usados por el Betis en los 52 partidos de competici\u00f3n oficial: Parra (51), Esnaola (49), Alex (47), Calder\u00f3n (44), Paco (42), Diego (41), Ortega (41), Rinc\u00f3n (41), Mantilla (40), Gordillo (39), Casado (38), Calleja (37), Su\u00e1rez (36), Romo (23), Carmelo (21), Valdo (19), Carde\u00f1osa (17), Reyes (16), Quico (4), Medina (3), Palomino (3), Salva (2), Julio (2), Torrano (1), Camacho (1), Mar\u00edn (1), R\u00edscar (1), Crist\u00f3bal (1), Chano (1), Piriz (1), Vera (1), Orozco (1) y Rodr\u00edguez (1). <\/span><\/p>\n<p><span style=\"color: #008000\">Los goles b\u00e9ticos en competici\u00f3n oficial fueron marcados por: Rinc\u00f3n (15), Paco (11), Parra (11), Calder\u00f3n (9), Su\u00e1rez (5), Gordillo (3), Calleja (2), Mantilla (2), Carde\u00f1osa (2), Romo (2), Carmelo (1), Casado (1) y Palomino (1).\u00a0 \u00a0 \u00a0<\/span><\/p>\n<p><span style=\"color: #008000\">Dos futbolistas fueron internacionales con la selecci\u00f3n absoluta durante la temporada: Rafael Gordillo, presente en 6 encuentros, e Hip\u00f3lito Rinc\u00f3n, que estuvo en 7 partidos.<\/span><\/p>\n<p><span style=\"color: #008000\">El filial Betis Deportivo, entrenado por Jos\u00e9 Enrique D\u00edaz, milit\u00f3 en el grupo X de Tercera Divisi\u00f3n, del que se proclam\u00f3 brillante campe\u00f3n con 26 victorias, 5 empates y 7 derrotas, 88 goles a favor y 38 en contra. En las eliminatorias por el ascenso a Segunda B dej\u00f3 en la cuneta al Telde (2-1 fuera y 5-0 en casa) y a la Cultural Leonesa (9-1 en casa y 1-2 fuera), por lo que por primera vez lograba el ascenso a la Segunda B.<\/span><\/p>\n<p><span style=\"color: #008000\">En el terreno institucional era la segunda temporada de Gerardo Mart\u00ednez Retamero al frente del club, y se afrontaba una dif\u00edcil situaci\u00f3n econ\u00f3mica.<\/span><\/p>\n<p><span style=\"color: #008000\"> La asamblea ordinaria de socios se celebr\u00f3 en el Hotel Macarena el 5 de julio de 1984; en ella se aprob\u00f3 un presupuesto para la temporada 1984-85 de 523 millones de pesetas, present\u00e1ndose un d\u00e9ficit de 83 millones en la temporada anterior, de los que 60 proced\u00edan de la deuda contra\u00edda con el Banco Hipotecario por las obras del Villamar\u00edn para el Mundial de 1982. Se puso en claro la deuda global del club, cifrada en torno a los mil millones de pesetas, y se anunci\u00f3 la congelaci\u00f3n de sueldos y primas para los jugadores, as\u00ed como una subida de los abonos para los socios de 500 pesetas, despu\u00e9s de 3 a\u00f1os sin actualizaci\u00f3n.\u00a0 <\/span><\/p>\n<p><span style=\"color: #008000\">Otros actos importantes de la temporada fueron la celebraci\u00f3n en el mes de abril y mayo del 50 aniversario del t\u00edtulo de Liga 1934-35, y el estreno del himno compuesto por Los Cantores de H\u00edspalis al inicio del partido de vuelta de las semifinales de Copa contra el Athletic el 23 de junio.\u00a0<\/span><\/p>\n<p><span style=\"color: #008000\">A lo largo de la temporada nacieron nuevas pe\u00f1as b\u00e9ticas: la Educativa Guivors en Francia, la de Antonio Casado en Sevilla o la de Gav\u00e1-Viladecans en Barcelona.<\/span><\/p>\n<p>\u00a0<\/p>","protected":false},"excerpt":{"rendered":"<p>El 20 de julio tuvo lugar en el Villamar\u00edn la presentaci\u00f3n de la primera plantilla, y al d\u00eda siguiente se inici\u00f3 la concentraci\u00f3n de pretemporada en la localidad catalana de Vilob\u00ed, en donde se estuvo hasta el 6 de agosto. All\u00ed se jug\u00f3 el trofeo de\u00a0 la localidad, que conquist\u00f3 el Betis tras imponerse a&#8230;<\/p>\n","protected":false},"author":5,"featured_media":102710,"comment_status":"open","ping_status":"open","sticky":false,"template":"","format":"standard","meta":{"_kad_post_transparent":"","_kad_post_title":"","_kad_post_layout":"","_kad_post_sidebar_id":"","_kad_post_content_style":"","_kad_post_vertical_padding":"","_kad_post_feature":"","_kad_post_feature_position":"","_kad_post_header":false,"_kad_post_footer":false,"_kad_post_classname":"","_jetpack_memberships_contains_paid_content":false,"footnotes":"","jetpack_publicize_message":"","jetpack_publicize_feature_enabled":true,"jetpack_social_post_already_shared":true,"jetpack_social_options":{"image_generator_settings":{"template":"highway","default_image_id":0,"font":"","enabled":false},"version":2}},"categories":[904,906,1],"tags":[2251,18140,18613,18026,17862],"class_list":["post-102709","post","type-post","status-publish","format-standard","has-post-thumbnail","hentry","category-1980-1989","category-investigacion-temas","category-portada","tag-1984-85","tag-copa-1984-85","tag-copa-de-la-liga-1984-85","tag-copa-uefa-1984-85","tag-liga-primera-1984-85"],"jetpack_publicize_connections":[],"jetpack_featured_media_url":"https:\/\/i0.wp.com\/www.manquepierda.com\/historiarealbetis\/files\/2025\/04\/Temporada-1984-85.jpg?fit=892%2C563&ssl=1","jetpack_sharing_enabled":true,"jetpack_shortlink":"https:\/\/wp.me\/p1ij08-qIB","jetpack-related-posts":[],"_links":{"self":[{"href":"https:\/\/www.manquepierda.com\/historiarealbetis\/wp-json\/wp\/v2\/posts\/102709","targetHints":{"allow":["GET"]}}],"collection":[{"href":"https:\/\/www.manquepierda.com\/historiarealbetis\/wp-json\/wp\/v2\/posts"}],"about":[{"href":"https:\/\/www.manquepierda.com\/historiarealbetis\/wp-json\/wp\/v2\/types\/post"}],"author":[{"embeddable":true,"href":"https:\/\/www.manquepierda.com\/historiarealbetis\/wp-json\/wp\/v2\/users\/5"}],"replies":[{"embeddable":true,"href":"https:\/\/www.manquepierda.com\/historiarealbetis\/wp-json\/wp\/v2\/comments?post=102709"}],"version-history":[{"count":10,"href":"https:\/\/www.manquepierda.com\/historiarealbetis\/wp-json\/wp\/v2\/posts\/102709\/revisions"}],"predecessor-version":[{"id":104328,"href":"https:\/\/www.manquepierda.com\/historiarealbetis\/wp-json\/wp\/v2\/posts\/102709\/revisions\/104328"}],"wp:featuredmedia":[{"embeddable":true,"href":"https:\/\/www.manquepierda.com\/historiarealbetis\/wp-json\/wp\/v2\/media\/102710"}],"wp:attachment":[{"href":"https:\/\/www.manquepierda.com\/historiarealbetis\/wp-json\/wp\/v2\/media?parent=102709"}],"wp:term":[{"taxonomy":"category","embeddable":true,"href":"https:\/\/www.manquepierda.com\/historiarealbetis\/wp-json\/wp\/v2\/categories?post=102709"},{"taxonomy":"post_tag","embeddable":true,"href":"https:\/\/www.manquepierda.com\/historiarealbetis\/wp-json\/wp\/v2\/tags?post=102709"}],"curies":[{"name":"wp","href":"https:\/\/api.w.org\/{rel}","templated":true}]}}