{"id":102780,"date":"2025-04-22T11:00:00","date_gmt":"2025-04-22T09:00:00","guid":{"rendered":"https:\/\/www.manquepierda.com\/historiarealbetis\/?p=102780"},"modified":"2026-02-10T12:30:15","modified_gmt":"2026-02-10T11:30:15","slug":"paulo-santos-paulao","status":"publish","type":"post","link":"https:\/\/www.manquepierda.com\/historiarealbetis\/paulo-santos-paulao\/","title":{"rendered":"Paulo Santos \u00abPaulao\u00bb."},"content":{"rendered":"<div class=\"wp-block-image\">\n<figure class=\"aligncenter size-full\"><img data-recalc-dims=\"1\" loading=\"lazy\" decoding=\"async\" width=\"219\" height=\"219\" src=\"https:\/\/i0.wp.com\/www.manquepierda.com\/historiarealbetis\/files\/2025\/04\/Paulao.jpg?resize=219%2C219&#038;ssl=1\" alt=\"\" class=\"wp-image-102781\"\/><\/figure>\n<\/div>\n\n<p><strong>Paulo Afonso Santos Junior \u00abPaulao\u00bb<\/strong>, nacido el 6 de mayo de 1982 en Lagoa Santa (Brasil).<\/p>\n<p>Defensa.<\/p>\n<p>Formado en la cantera del Atl\u00e9tico Mineiro jug\u00f3 en este equipo, para pasar posteriormente por el Am\u00e9rica Mineiro y Gama. En 2006 fich\u00f3 por el Naval de la Primera Divisi\u00f3n portuguesa, y tras 3 a\u00f1os pas\u00f3 al Sporting de Braga y en 2011 al Saint Etienne franc\u00e9s, que en diciembre de 2011 lo cedi\u00f3 al Betis, con quien debut\u00f3 el 4 de febrero de 2012 en Son Moix en el partido de Liga de Primera Divisi\u00f3n que enfrentaba a Mallorca y Betis. Su buena campa\u00f1a hizo que el Betis se hiciera con su fichaje por 3 temporadas m\u00e1s.<\/p>\n<p>Sin embargo su rendimiento fue decreciente en las dos siguientes, sobre todo en la 2013-14. Una desafortunada actuaci\u00f3n en Vallecas condujo a su desaparici\u00f3n del equipo y la rescisi\u00f3n del contrato a final de esa temporada. Posteriormente jug\u00f3 en M\u00e9xico y Portugal.<\/p>\n<p>Historial<\/p>\n<table width=\"261\">\n<tbody>\n<tr>\n<td width=\"80\">2002<\/td>\n<td width=\"101\">Atl.Mineiro<\/td>\n<td width=\"80\">Primera<\/td>\n<\/tr>\n<tr>\n<td>2003<\/td>\n<td>Atl.Mineiro<\/td>\n<td>Primera<\/td>\n<\/tr>\n<tr>\n<td>2004<\/td>\n<td>Atl.Mineiro<\/td>\n<td>Primera<\/td>\n<\/tr>\n<tr>\n<td>2005<\/td>\n<td>America Mineiro<\/td>\n<td>Tercera<\/td>\n<\/tr>\n<tr>\n<td>2006<\/td>\n<td>SE Gama<\/td>\n<td>Segunda<\/td>\n<\/tr>\n<tr>\n<td>2006-07<\/td>\n<td>Naval<\/td>\n<td>Primera<\/td>\n<\/tr>\n<tr>\n<td>2007-08<\/td>\n<td>Naval<\/td>\n<td>Primera<\/td>\n<\/tr>\n<tr>\n<td>2008-09<\/td>\n<td>Naval<\/td>\n<td>Primera<\/td>\n<\/tr>\n<tr>\n<td>2009-10<\/td>\n<td>Sporting Braga<\/td>\n<td>Primera<\/td>\n<\/tr>\n<tr>\n<td>2010-11<\/td>\n<td>Sporting Braga<\/td>\n<td>Primera<\/td>\n<\/tr>\n<tr>\n<td>2011-12<\/td>\n<td>Saint Etienne<\/td>\n<td>Primera<\/td>\n<\/tr>\n<tr>\n<td>2011-12<\/td>\n<td>Betis<\/td>\n<td>Primera<\/td>\n<\/tr>\n<tr>\n<td>2012-13<\/td>\n<td>Betis<\/td>\n<td>Primera<\/td>\n<\/tr>\n<tr>\n<td>2013-14<\/td>\n<td>Betis<\/td>\n<td>Primera<\/td>\n<\/tr>\n<tr>\n<td>2014-15<\/td>\n<td>Atl. San Luis<\/td>\n<td>Segunda<\/td>\n<\/tr>\n<tr>\n<td>\u00a0<\/td>\n<td>\u00a0<\/td>\n<td>\u00a0<\/td>\n<\/tr>\n<tr>\n<td>2016-17<\/td>\n<td>Olhanense<\/td>\n<td>Segunda<\/td>\n<\/tr>\n<\/tbody>\n<\/table>\n<p>En sus 3 temporadas en el Betis Paulao jug\u00f3 59 partidos de Liga, marcando 2 goles, 6 de Copa, en los que hizo 1 tanto, 2 de Liga Europa y 22 amistosos en los que hizo 1 gol.\u00a0 \u00a0 \u00a0\u00a0<\/p>","protected":false},"excerpt":{"rendered":"<p>Paulo Afonso Santos Junior \u00abPaulao\u00bb, nacido el 6 de mayo de 1982 en Lagoa Santa (Brasil). Defensa. Formado en la cantera del Atl\u00e9tico Mineiro jug\u00f3 en este equipo, para pasar posteriormente por el Am\u00e9rica Mineiro y Gama. En 2006 fich\u00f3 por el Naval de la Primera Divisi\u00f3n portuguesa, y tras 3 a\u00f1os pas\u00f3 al Sporting&#8230;<\/p>\n","protected":false},"author":5,"featured_media":102781,"comment_status":"open","ping_status":"open","sticky":false,"template":"","format":"standard","meta":{"_kad_post_transparent":"","_kad_post_title":"","_kad_post_layout":"","_kad_post_sidebar_id":"","_kad_post_content_style":"","_kad_post_vertical_padding":"","_kad_post_feature":"","_kad_post_feature_position":"","_kad_post_header":false,"_kad_post_footer":false,"_kad_post_classname":"","_jetpack_memberships_contains_paid_content":false,"footnotes":"","jetpack_publicize_message":"","jetpack_publicize_feature_enabled":true,"jetpack_social_post_already_shared":true,"jetpack_social_options":{"image_generator_settings":{"template":"highway","default_image_id":0,"font":"","enabled":false},"version":2}},"categories":[893,1],"tags":[17166],"class_list":["post-102780","post","type-post","status-publish","format-standard","has-post-thumbnail","hentry","category-jugadores-temas","category-portada","tag-paulo-santos-paulao"],"jetpack_publicize_connections":[],"jetpack_featured_media_url":"https:\/\/i0.wp.com\/www.manquepierda.com\/historiarealbetis\/files\/2025\/04\/Paulao.jpg?fit=219%2C219&ssl=1","jetpack_sharing_enabled":true,"jetpack_shortlink":"https:\/\/wp.me\/p1ij08-qJK","jetpack-related-posts":[],"_links":{"self":[{"href":"https:\/\/www.manquepierda.com\/historiarealbetis\/wp-json\/wp\/v2\/posts\/102780","targetHints":{"allow":["GET"]}}],"collection":[{"href":"https:\/\/www.manquepierda.com\/historiarealbetis\/wp-json\/wp\/v2\/posts"}],"about":[{"href":"https:\/\/www.manquepierda.com\/historiarealbetis\/wp-json\/wp\/v2\/types\/post"}],"author":[{"embeddable":true,"href":"https:\/\/www.manquepierda.com\/historiarealbetis\/wp-json\/wp\/v2\/users\/5"}],"replies":[{"embeddable":true,"href":"https:\/\/www.manquepierda.com\/historiarealbetis\/wp-json\/wp\/v2\/comments?post=102780"}],"version-history":[{"count":3,"href":"https:\/\/www.manquepierda.com\/historiarealbetis\/wp-json\/wp\/v2\/posts\/102780\/revisions"}],"predecessor-version":[{"id":106806,"href":"https:\/\/www.manquepierda.com\/historiarealbetis\/wp-json\/wp\/v2\/posts\/102780\/revisions\/106806"}],"wp:featuredmedia":[{"embeddable":true,"href":"https:\/\/www.manquepierda.com\/historiarealbetis\/wp-json\/wp\/v2\/media\/102781"}],"wp:attachment":[{"href":"https:\/\/www.manquepierda.com\/historiarealbetis\/wp-json\/wp\/v2\/media?parent=102780"}],"wp:term":[{"taxonomy":"category","embeddable":true,"href":"https:\/\/www.manquepierda.com\/historiarealbetis\/wp-json\/wp\/v2\/categories?post=102780"},{"taxonomy":"post_tag","embeddable":true,"href":"https:\/\/www.manquepierda.com\/historiarealbetis\/wp-json\/wp\/v2\/tags?post=102780"}],"curies":[{"name":"wp","href":"https:\/\/api.w.org\/{rel}","templated":true}]}}