{"id":102830,"date":"2025-05-03T11:00:00","date_gmt":"2025-05-03T09:00:00","guid":{"rendered":"https:\/\/www.manquepierda.com\/historiarealbetis\/?p=102830"},"modified":"2025-09-07T10:40:31","modified_gmt":"2025-09-07T08:40:31","slug":"visitamos-al-rcd-espanyol-10","status":"publish","type":"post","link":"https:\/\/www.manquepierda.com\/historiarealbetis\/visitamos-al-rcd-espanyol-10\/","title":{"rendered":"Visitamos al RCD Espanyol."},"content":{"rendered":"<div class=\"wp-block-image\">\n<figure class=\"aligncenter size-large\"><img data-recalc-dims=\"1\" loading=\"lazy\" decoding=\"async\" width=\"960\" height=\"556\" src=\"https:\/\/i0.wp.com\/www.manquepierda.com\/historiarealbetis\/files\/2025\/04\/cornella-el-prat.jpg?resize=960%2C556&#038;ssl=1\" alt=\"\" class=\"wp-image-102831\" srcset=\"https:\/\/i0.wp.com\/www.manquepierda.com\/historiarealbetis\/files\/2025\/04\/cornella-el-prat.jpg?resize=960%2C556&amp;ssl=1 960w, https:\/\/i0.wp.com\/www.manquepierda.com\/historiarealbetis\/files\/2025\/04\/cornella-el-prat.jpg?resize=680%2C394&amp;ssl=1 680w, https:\/\/i0.wp.com\/www.manquepierda.com\/historiarealbetis\/files\/2025\/04\/cornella-el-prat.jpg?resize=220%2C127&amp;ssl=1 220w, https:\/\/i0.wp.com\/www.manquepierda.com\/historiarealbetis\/files\/2025\/04\/cornella-el-prat.jpg?resize=768%2C445&amp;ssl=1 768w, https:\/\/i0.wp.com\/www.manquepierda.com\/historiarealbetis\/files\/2025\/04\/cornella-el-prat.jpg?w=1024&amp;ssl=1 1024w\" sizes=\"auto, (max-width: 960px) 100vw, 960px\" \/><\/figure>\n<\/div>\n\n<p>Ma\u00f1ana a las 18,30 horas visitamos al Real Club Deportivo Espanyol de Barcelona, club fundado en 1900 y que ha jugado 88 temporadas en Primera divisi\u00f3n y 6 en Segunda. Ha sido campe\u00f3n de Copa en 4 ocasiones.<\/p>\n<p>La primera visita del Betis a terreno espa\u00f1olista tuvo lugar el 15 de mayo de 1932 en partido de vuelta de los octavos de final de la Copa y en que se impuso el equipo local por 3 a 0.<\/p>\n<p>En total han sido 66 las visitas del Betis al campo espa\u00f1olista, repartidas as\u00ed: 55 encuentros en Primera Divisi\u00f3n (26 victorias del Espanyol, 18 empates y 11 victorias del Betis), 3 partidos en Segunda Divisi\u00f3n (2 victorias locales y 1 empate) y 8 partidos de Copa (4 victorias del Espanyol, 3 empates y 1 victoria del Betis).<\/p>\n<p>Estos 66 partidos se han jugado en el antiguo campo de Sarri\u00e1 en 44 ocasiones, 11 en el estadio de Montjuic y 11 en el de Cornell\u00e1.<\/p>\n<p>Son 368 los futbolistas b\u00e9ticos que han jugado en terreno espanyolista. Jos\u00e9 Ram\u00f3n Esnaola es el futbolista b\u00e9tico que m\u00e1s partidos ha jugado en terreno blanquiazul, en 12 ocasiones. Le siguen Julio Carde\u00f1osa y Joaqu\u00edn S\u00e1nchez con 11 y Rogelio Sosa con 10.<\/p>\n<p>53 son los goleadores b\u00e9ticos, siendo Fernando es el m\u00e1ximo goleador b\u00e9tico con 4 goles, seguido por Edu, Pepe Gonz\u00e1lez y Borja Iglesias con 3.<\/p>\n<p>Son 38 los entrenadores b\u00e9ticos que han actuado en terreno del Espanyol, con \u00a0Lorenzo Serra y Ferenc Szusza, a la cabeza con 5 partidos, seguidos por Luis Carriega y Rafael Iriondo que lo hicieron en 4 partidos.<\/p>\n<p>El actual entrenador espanyolista Manolo Gonz\u00e1lez s\u00f3lo se ha enfrentado al Betis en el partido de la primera vuelta, con victoria b\u00e9tica.<\/p>\n<p>Entre los jugadores que han militado en Espanyol y Betis: Jordi Amat, Leonardo Baptistao, Borja Iglesias. Jos\u00e9 Cano \u201cCanito\u201d, Jos\u00e9 Alberto Ca\u00f1as, Carlos Garc\u00eda, Miguel Castro, Carlos Cela, Javier Chica, \u00a0Javier \u201cM\u00e1gico D\u00edaz\u201d, Didac Vila, Gabino Rodr\u00edguez, Mariano Gargallo, Juan Gonell, Francisco Grau, Antonio Alvarez \u201cIto\u201d, Jos\u00e9 Mar\u00eda S\u00e1nchez \u201cJob\u201d, Janos Kuszmann, Ram\u00f3n Lecuona, Lorenzo Mor\u00f3n \u201cLoren\u201d, Manuel Fern\u00e1ndez \u201cManol\u00edn\u201d, Miguel Angel Garc\u00eda, Jos\u00e9 Pardo, Pau L\u00f3pez, Marc Roca, Francisco Rosell\u00f3, Jaume Sabat\u00e9, Salustiano S\u00e1nchez, Salva Sevilla, Rafael Sans, Sergio Garc\u00eda, Sidnei Da Silva, Fernando Tabales, Jes\u00fas Tartil\u00e1n, V\u00edctor Torres Mestre, Alvaro Vadillo, Antonio V\u00e1zquez, Fernando Vela, Juan Venys, Joan Verd\u00fa, V\u00edctor Ruiz y Yanko Daucik.<\/p>\n<p>Entre los entrenadores: Pedro Sol\u00e9, Marcel Domingo, Antonio Barrios, Fernando Daucik, Ernesto Pons, Javier Clemente, Juande Ramos, Luis Fern\u00e1ndez, Luis Aragon\u00e9s,\u00a0Rafael Iriondo y Joan Francesc Ferrer \u201cRubi\u201d.<\/p>","protected":false},"excerpt":{"rendered":"<p>Ma\u00f1ana a las 18,30 horas visitamos al Real Club Deportivo Espanyol de Barcelona, club fundado en 1900 y que ha jugado 88 temporadas en Primera divisi\u00f3n y 6 en Segunda. Ha sido campe\u00f3n de Copa en 4 ocasiones. La primera visita del Betis a terreno espa\u00f1olista tuvo lugar el 15 de mayo de 1932 en&#8230;<\/p>\n","protected":false},"author":5,"featured_media":102831,"comment_status":"open","ping_status":"open","sticky":false,"template":"","format":"standard","meta":{"_kad_post_transparent":"","_kad_post_title":"","_kad_post_layout":"","_kad_post_sidebar_id":"","_kad_post_content_style":"","_kad_post_vertical_padding":"","_kad_post_feature":"","_kad_post_feature_position":"","_kad_post_header":false,"_kad_post_footer":false,"_kad_post_classname":"","_jetpack_memberships_contains_paid_content":false,"footnotes":"","jetpack_publicize_message":"","jetpack_publicize_feature_enabled":true,"jetpack_social_post_already_shared":true,"jetpack_social_options":{"image_generator_settings":{"template":"highway","default_image_id":0,"font":"","enabled":false},"version":2}},"categories":[895,1],"tags":[94,1076,1249,3854,17666,3860,7597,9371,8185,15226,2624,3855,1615,3821,1129,3508,1304,3848,3890,1377,13634,16931,9372,16476,12766,13356,3849,1931,1049,1213,2506,10037,18345,1456,12810,18339,18424,17754,1384,2687,3847,16853,3856,1215,4757,15742,711,3028,1012,1048,16854,18321,3753,1008],"class_list":["post-102830","post","type-post","status-publish","format-standard","has-post-thumbnail","hentry","category-los-rivales","category-portada","tag-alvaro-vadillo","tag-antonio-alvarez-ito","tag-antonio-barrios","tag-antonio-vazquez","tag-borja-iglesias","tag-carlos-cela","tag-carlos-garcia","tag-didac-vila","tag-ernesto-pons","tag-fernando-daucik","tag-fernando-tabales","tag-fernando-vela","tag-francisco-grau","tag-francisco-rosello","tag-gabino-rodriguez","tag-janos-kuszmann","tag-jaume-sabate","tag-javier-magico-diaz","tag-javier-chica","tag-javier-clemente","tag-jesus-tartilan","tag-joan-francesc-ferrer-rubi","tag-joan-verdu","tag-jordi-amat","tag-jose-alberto-canas","tag-jose-cano-canito","tag-jose-maria-sanchez-job","tag-jose-pardo","tag-juan-venys","tag-juande-ramos","tag-julian-gonell","tag-leo-baptistao","tag-lorenzo-moron-loren-2","tag-luis-aragones","tag-luis-fernandez-entrenador","tag-manuel-fernandez-manolin-2","tag-marc-roca","tag-marcel-domingo","tag-mariano-gargallo","tag-miguel-angel-i-garcia","tag-miguel-castro","tag-pau-lopez","tag-pedro-sole","tag-rafael-iriondo","tag-rafael-sans","tag-ramon-lecuona","tag-rcd-espanyol","tag-salustiano-sanchez","tag-salva-sevilla","tag-sergio-garcia","tag-sidnei-da-silva","tag-victor-ruiz","tag-victor-torres-mestre","tag-yanko-daucick"],"jetpack_publicize_connections":[],"jetpack_featured_media_url":"https:\/\/i0.wp.com\/www.manquepierda.com\/historiarealbetis\/files\/2025\/04\/cornella-el-prat.jpg?fit=1024%2C593&ssl=1","jetpack_sharing_enabled":true,"jetpack_shortlink":"https:\/\/wp.me\/p1ij08-qKy","jetpack-related-posts":[],"_links":{"self":[{"href":"https:\/\/www.manquepierda.com\/historiarealbetis\/wp-json\/wp\/v2\/posts\/102830","targetHints":{"allow":["GET"]}}],"collection":[{"href":"https:\/\/www.manquepierda.com\/historiarealbetis\/wp-json\/wp\/v2\/posts"}],"about":[{"href":"https:\/\/www.manquepierda.com\/historiarealbetis\/wp-json\/wp\/v2\/types\/post"}],"author":[{"embeddable":true,"href":"https:\/\/www.manquepierda.com\/historiarealbetis\/wp-json\/wp\/v2\/users\/5"}],"replies":[{"embeddable":true,"href":"https:\/\/www.manquepierda.com\/historiarealbetis\/wp-json\/wp\/v2\/comments?post=102830"}],"version-history":[{"count":3,"href":"https:\/\/www.manquepierda.com\/historiarealbetis\/wp-json\/wp\/v2\/posts\/102830\/revisions"}],"predecessor-version":[{"id":102835,"href":"https:\/\/www.manquepierda.com\/historiarealbetis\/wp-json\/wp\/v2\/posts\/102830\/revisions\/102835"}],"wp:featuredmedia":[{"embeddable":true,"href":"https:\/\/www.manquepierda.com\/historiarealbetis\/wp-json\/wp\/v2\/media\/102831"}],"wp:attachment":[{"href":"https:\/\/www.manquepierda.com\/historiarealbetis\/wp-json\/wp\/v2\/media?parent=102830"}],"wp:term":[{"taxonomy":"category","embeddable":true,"href":"https:\/\/www.manquepierda.com\/historiarealbetis\/wp-json\/wp\/v2\/categories?post=102830"},{"taxonomy":"post_tag","embeddable":true,"href":"https:\/\/www.manquepierda.com\/historiarealbetis\/wp-json\/wp\/v2\/tags?post=102830"}],"curies":[{"name":"wp","href":"https:\/\/api.w.org\/{rel}","templated":true}]}}