{"id":102859,"date":"2025-04-28T12:30:00","date_gmt":"2025-04-28T10:30:00","guid":{"rendered":"https:\/\/www.manquepierda.com\/historiarealbetis\/?p=102859"},"modified":"2025-04-28T08:37:35","modified_gmt":"2025-04-28T06:37:35","slug":"la-liga-de-1935-en-betis-tv","status":"publish","type":"post","link":"https:\/\/www.manquepierda.com\/historiarealbetis\/la-liga-de-1935-en-betis-tv\/","title":{"rendered":"La Liga de 1935 en Betis TV."},"content":{"rendered":"<div class=\"wp-block-image\">\n<figure class=\"aligncenter size-thumbnail is-resized\"><img data-recalc-dims=\"1\" loading=\"lazy\" decoding=\"async\" width=\"220\" height=\"124\" src=\"https:\/\/i0.wp.com\/www.manquepierda.com\/historiarealbetis\/files\/2025\/04\/Beticos-Liga-1935.jpg?resize=220%2C124&#038;ssl=1\" alt=\"\" class=\"wp-image-102860\" style=\"width:406px;height:auto\" srcset=\"https:\/\/i0.wp.com\/www.manquepierda.com\/historiarealbetis\/files\/2025\/04\/Beticos-Liga-1935.jpg?resize=220%2C124&amp;ssl=1 220w, https:\/\/i0.wp.com\/www.manquepierda.com\/historiarealbetis\/files\/2025\/04\/Beticos-Liga-1935.jpg?resize=680%2C382&amp;ssl=1 680w, https:\/\/i0.wp.com\/www.manquepierda.com\/historiarealbetis\/files\/2025\/04\/Beticos-Liga-1935.jpg?resize=960%2C540&amp;ssl=1 960w, https:\/\/i0.wp.com\/www.manquepierda.com\/historiarealbetis\/files\/2025\/04\/Beticos-Liga-1935.jpg?resize=768%2C432&amp;ssl=1 768w, https:\/\/i0.wp.com\/www.manquepierda.com\/historiarealbetis\/files\/2025\/04\/Beticos-Liga-1935.jpg?w=1366&amp;ssl=1 1366w\" sizes=\"auto, (max-width: 220px) 100vw, 220px\" \/><\/figure>\n<\/div>\n\n<p><span style=\"color: #008000\">Esta noche en Betis Televisi\u00f3n a las 22,30 horas tendr\u00e1 lugar una emisi\u00f3n del programa \u00abB\u00e9ticos\u00bb dedicada al t\u00edtulo de Liga conseguido por el Betis Balompi\u00e9 en la temporada 1934-35, fecha de la que hoy se cumplen 90 a\u00f1os.\u00a0<\/span><\/p>\n<p><span style=\"color: #008000\">Junto a Manolo Rodr\u00edguez analizaremos las circunstancias de aquella temporada en la que el Betis consigui\u00f3 la gesta m\u00e1s importante de toda nuestra historia.<\/span><\/p>\n<p><span style=\"color: #008000\">Que ustedes lo disfruten.\u00a0\u00a0<\/span><\/p>","protected":false},"excerpt":{"rendered":"<p>Esta noche en Betis Televisi\u00f3n a las 22,30 horas tendr\u00e1 lugar una emisi\u00f3n del programa \u00abB\u00e9ticos\u00bb dedicada al t\u00edtulo de Liga conseguido por el Betis Balompi\u00e9 en la temporada 1934-35, fecha de la que hoy se cumplen 90 a\u00f1os.\u00a0 Junto a Manolo Rodr\u00edguez analizaremos las circunstancias de aquella temporada en la que el Betis consigui\u00f3&#8230;<\/p>\n","protected":false},"author":5,"featured_media":102860,"comment_status":"open","ping_status":"open","sticky":false,"template":"","format":"standard","meta":{"_kad_post_transparent":"","_kad_post_title":"","_kad_post_layout":"","_kad_post_sidebar_id":"","_kad_post_content_style":"","_kad_post_vertical_padding":"","_kad_post_feature":"","_kad_post_feature_position":"","_kad_post_header":false,"_kad_post_footer":false,"_kad_post_classname":"","_jetpack_memberships_contains_paid_content":false,"footnotes":"","jetpack_publicize_message":"","jetpack_publicize_feature_enabled":true,"jetpack_social_post_already_shared":true,"jetpack_social_options":{"image_generator_settings":{"template":"highway","default_image_id":0,"font":"","enabled":false},"version":2}},"categories":[3,1],"tags":[2267,17928,3570],"class_list":["post-102859","post","type-post","status-publish","format-standard","has-post-thumbnail","hentry","category-actualidad","category-portada","tag-1934-35","tag-liga-primera-1934-35","tag-manolo-rodriguez"],"jetpack_publicize_connections":[],"jetpack_featured_media_url":"https:\/\/i0.wp.com\/www.manquepierda.com\/historiarealbetis\/files\/2025\/04\/Beticos-Liga-1935.jpg?fit=1366%2C768&ssl=1","jetpack_sharing_enabled":true,"jetpack_shortlink":"https:\/\/wp.me\/p1ij08-qL1","jetpack-related-posts":[],"_links":{"self":[{"href":"https:\/\/www.manquepierda.com\/historiarealbetis\/wp-json\/wp\/v2\/posts\/102859","targetHints":{"allow":["GET"]}}],"collection":[{"href":"https:\/\/www.manquepierda.com\/historiarealbetis\/wp-json\/wp\/v2\/posts"}],"about":[{"href":"https:\/\/www.manquepierda.com\/historiarealbetis\/wp-json\/wp\/v2\/types\/post"}],"author":[{"embeddable":true,"href":"https:\/\/www.manquepierda.com\/historiarealbetis\/wp-json\/wp\/v2\/users\/5"}],"replies":[{"embeddable":true,"href":"https:\/\/www.manquepierda.com\/historiarealbetis\/wp-json\/wp\/v2\/comments?post=102859"}],"version-history":[{"count":4,"href":"https:\/\/www.manquepierda.com\/historiarealbetis\/wp-json\/wp\/v2\/posts\/102859\/revisions"}],"predecessor-version":[{"id":102894,"href":"https:\/\/www.manquepierda.com\/historiarealbetis\/wp-json\/wp\/v2\/posts\/102859\/revisions\/102894"}],"wp:featuredmedia":[{"embeddable":true,"href":"https:\/\/www.manquepierda.com\/historiarealbetis\/wp-json\/wp\/v2\/media\/102860"}],"wp:attachment":[{"href":"https:\/\/www.manquepierda.com\/historiarealbetis\/wp-json\/wp\/v2\/media?parent=102859"}],"wp:term":[{"taxonomy":"category","embeddable":true,"href":"https:\/\/www.manquepierda.com\/historiarealbetis\/wp-json\/wp\/v2\/categories?post=102859"},{"taxonomy":"post_tag","embeddable":true,"href":"https:\/\/www.manquepierda.com\/historiarealbetis\/wp-json\/wp\/v2\/tags?post=102859"}],"curies":[{"name":"wp","href":"https:\/\/api.w.org\/{rel}","templated":true}]}}