{"id":102865,"date":"2025-04-29T11:00:00","date_gmt":"2025-04-29T09:00:00","guid":{"rendered":"https:\/\/www.manquepierda.com\/historiarealbetis\/?p=102865"},"modified":"2025-04-26T21:30:48","modified_gmt":"2025-04-26T19:30:48","slug":"la-temporada-1969-70","status":"publish","type":"post","link":"https:\/\/www.manquepierda.com\/historiarealbetis\/la-temporada-1969-70\/","title":{"rendered":"La temporada 1969-70."},"content":{"rendered":"<div class=\"wp-block-image\">\n<figure class=\"aligncenter size-full\"><img data-recalc-dims=\"1\" loading=\"lazy\" decoding=\"async\" width=\"671\" height=\"432\" src=\"https:\/\/i0.wp.com\/www.manquepierda.com\/historiarealbetis\/files\/2025\/04\/Temporada-1969-70.jpg?resize=671%2C432&#038;ssl=1\" alt=\"\" class=\"wp-image-102866\" srcset=\"https:\/\/i0.wp.com\/www.manquepierda.com\/historiarealbetis\/files\/2025\/04\/Temporada-1969-70.jpg?w=671&amp;ssl=1 671w, https:\/\/i0.wp.com\/www.manquepierda.com\/historiarealbetis\/files\/2025\/04\/Temporada-1969-70.jpg?resize=220%2C142&amp;ssl=1 220w\" sizes=\"auto, (max-width: 671px) 100vw, 671px\" \/><\/figure>\n<\/div>\n\n<p><span style=\"color: #008000\">El 23 de julio de 1969 se iniciaban los entrenamientos en el Villamar\u00edn bajo la direcci\u00f3n t\u00e9cnica de Miguel Gonz\u00e1lez, que debutaba al frente del equipo verdiblanco.<\/span><\/p>\n<p><span style=\"color: #008000\">Miguel Gonz\u00e1lez, un ex futbolista canario de 42 a\u00f1os, hab\u00eda entrenado con anterioridad al Atl\u00e9tico de Madrid, y ten\u00eda como objetivo retornar al Betis a la Primera Divisi\u00f3n tras el fracaso de la temporada anterior.<\/span><\/p>\n<p><span style=\"color: #008000\">Se produjeron las bajas de Francisco Grau (retirada), Enrique P\u00e9rez \u201cPach\u00edn\u201d (Toluca), Francisco Ortiz \u201cFrasco\u201d (Salamanca), Pepe Cristo (Sabadell), Isidoro Rodr\u00edguez (Alav\u00e9s), Jaima Blanco (retirada), Joaqu\u00edn G\u00f3mez \u201cQuinichi\u201d (cedido al H\u00e9rcules) y Ra\u00fal Omar Rodr\u00edguez.<\/span><\/p>\n<p><span style=\"color: #008000\">El equipo se reforz\u00f3 con los fichajes de Juan Manuel Cobo (Gimn\u00e1stica Torrelavega), Francisco Javier Torrens (Calvo Sotelo), Francisco Frigols (Sabadell), Antonio Ben\u00edtez (Xerez), Manuel Hern\u00e1ndez \u201cNolito\u201d (Mestalla), Jes\u00fas Arbea (Calvo Sotelo), Epifanio Medina (Rubio \u00d1u), y Bernardo Aguirregomezcorta (Alav\u00e9s). Desde la cantera ascendi\u00f3 al primer equipo Juan Baena.<\/span><\/p>\n<p><span style=\"color: #008000\">Durante la pretemporada en agosto se disputaron 4 partidos amistosos: una victoria 1-2 frente al Atl\u00e9tico Sanluque\u00f1o y otra 2-0 contra el Jerez Industrial. Posteriormente se intervino en el Trofeo Montilla-Moriles en C\u00f3rdoba, con victoria en la semifinal 2-1 contra el Wiener SC y derrota en la final 0-2 contra el Sporting lisboeta.<\/span><\/p>\n<p><span style=\"color: #008000\">El 2 de septiembre se pon\u00eda fin a la preparaci\u00f3n con un encuentro de homenaje a Francisco Grau contra los brasile\u00f1os de la Portuguesa, que se gan\u00f3 5-4.<\/span><\/p>\n<p><span style=\"color: #008000\">Dos fueron las competiciones oficiales en las que particip\u00f3 el Betis esta temporada: la Liga de Segunda Divisi\u00f3n y la Copa.<\/span><\/p>\n<p><span style=\"color: #008000\">El 6 de septiembre se inici\u00f3 la Liga contra el Sporting en el Villamar\u00edn, con empate a 1. El equipo no termin\u00f3 de arrancar y en la jornada 10, tras una derrota 3-1 contra el Ilicitano, se produjo el cese de Miguel Gonz\u00e1lez, a quien vino a sustituir un viejo conocido de la entidad b\u00e9tica como era Antonio Barrios quien, a sus 59 a\u00f1os, iniciaba su tercera etapa en el Betis.<\/span><\/p>\n<p><span style=\"color: #008000\">En las dos anteriores hab\u00eda ascendido al Betis al primer intento, por lo que se esperaba repitiera el \u00e9xito. Tras unos comienzos titubeantes, el equipo fue mejorando y a falta de 8 jornadas se situaba ya en la tercera posici\u00f3n de la tabla, que daba derecho al ascenso. En esa posici\u00f3n se mantuvo hasta la pen\u00faltima jornada, en la que un tropiezo en casa, empate frente al Sant Andreu, hizo que se perdiera el tren del ascenso, que fue para Sporting, M\u00e1laga y Espanyol.<\/span><\/p>\n<p><span style=\"color: #008000\">El Betis finaliz\u00f3 en 4\u00aa posici\u00f3n, con 16 partidos ganados, 15 empates y 7 derrotas, 44 goles a favor y 34 en contra.<\/span><\/p>\n<p><span style=\"color: #008000\">En la Copa se alcanzaron los octavos de final, eliminando al Sestao y Deportivo de La Coru\u00f1a, para caer ante el Racing de Ferrol.<\/span><\/p>\n<p><span style=\"color: #008000\">En esta temporada se permitieron las sustituciones de 2 jugadores en los partidos de competici\u00f3n oficial.<\/span><\/p>\n<p><span style=\"color: #008000\">El Betis jug\u00f3 45 partidos oficiales (38 en Liga y 7 en Copa), utilizando un total de 24 futbolistas: Frigols (41), Gonz\u00e1lez (41), Macario (40), Telech\u00eda (40), D\u00edaz (38), Quino (38), Cobo (31), Rogelio (31), Pach\u00f3n (28), Villanova (27), Torrens (26), Demetrio (24), Arbea (19), Ezequiel (18), Santi (18), Azc\u00e1rate (15), Mellado (15), Ben\u00edtez (15), Dioni (12), Landa (8), Nolito (8), Baena (5), Medina (3) y Aparicio (1).<\/span><\/p>\n<p><span style=\"color: #008000\">Los goles b\u00e9ticos fueron conseguidos por Quino (13), Macario (12), Rogelio (9), Gonz\u00e1lez (4), Dioni (2), Mellado (2), Pach\u00f3n (2), Santi (2), D\u00edaz (1), Torrens (1) y Ben\u00edtez (1).<\/span><\/p>\n<p><span style=\"color: #008000\">Joaqu\u00edn Sierra \u201cQuino\u201d debut\u00f3 con la selecci\u00f3n absoluta el 14 de septiembre de 1969 contra Finlandia en La L\u00ednea. Tambi\u00e9n jug\u00f3 esa temporada con la selecci\u00f3n sub-23.<\/span><\/p>\n<p><span style=\"color: #008000\">En resumen, la temporada fue un fracaso, dado que el objetivo principal, el ascenso a la Primera Divisi\u00f3n, se escap\u00f3 en las 2 jornadas finales.<\/span><\/p>\n<p><span style=\"color: #008000\">El filial b\u00e9tico, el Triana Balompi\u00e9, militaba en el grupo IV de la Tercera Divisi\u00f3n, entrenado por Esteban Areta. Finaliz\u00f3 en 7\u00aa posici\u00f3n, con 19 victorias, 7 empates y 12 derrotas, 63 goles a favor y 44 en contra.<\/span><\/p>\n<p><span style=\"color: #008000\">Jos\u00e9 N\u00fa\u00f1ez Naranjo ostentaba la presidencia del club tras la asamblea en la que fue elegido el 3 de julio de 1969. Su candidatura \u00fanica de consenso fue proclamada ese d\u00eda en el colegio Claret, sustituyendo al presidente accidental Jos\u00e9 Le\u00f3n. La otra gran preocupaci\u00f3n de la asamblea fue la situaci\u00f3n econ\u00f3mica del club, muy precaria por los intereses que generaban las obligaciones con las que se adquiri\u00f3 el estadio de Heli\u00f3polis 8 a\u00f1os antes. Tambi\u00e9n se resolvi\u00f3 revitalizar la Junta Consultiva del club, con el fin de asesorar a la directiva. \u00a0<\/span><\/p>","protected":false},"excerpt":{"rendered":"<p>El 23 de julio de 1969 se iniciaban los entrenamientos en el Villamar\u00edn bajo la direcci\u00f3n t\u00e9cnica de Miguel Gonz\u00e1lez, que debutaba al frente del equipo verdiblanco. Miguel Gonz\u00e1lez, un ex futbolista canario de 42 a\u00f1os, hab\u00eda entrenado con anterioridad al Atl\u00e9tico de Madrid, y ten\u00eda como objetivo retornar al Betis a la Primera Divisi\u00f3n&#8230;<\/p>\n","protected":false},"author":5,"featured_media":102866,"comment_status":"open","ping_status":"open","sticky":false,"template":"","format":"standard","meta":{"_kad_post_transparent":"","_kad_post_title":"","_kad_post_layout":"","_kad_post_sidebar_id":"","_kad_post_content_style":"","_kad_post_vertical_padding":"","_kad_post_feature":"","_kad_post_feature_position":"","_kad_post_header":false,"_kad_post_footer":false,"_kad_post_classname":"","_jetpack_memberships_contains_paid_content":false,"footnotes":"","jetpack_publicize_message":"","jetpack_publicize_feature_enabled":true,"jetpack_social_post_already_shared":true,"jetpack_social_options":{"image_generator_settings":{"template":"highway","default_image_id":0,"font":"","enabled":false},"version":2}},"categories":[902,906,1],"tags":[4844,18111,17854,18229],"class_list":["post-102865","post","type-post","status-publish","format-standard","has-post-thumbnail","hentry","category-1960-1969","category-investigacion-temas","category-portada","tag-1969-70","tag-copa-1969-70","tag-liga-segunda-1969-70","tag-liga-tercera-1969-70"],"jetpack_publicize_connections":[],"jetpack_featured_media_url":"https:\/\/i0.wp.com\/www.manquepierda.com\/historiarealbetis\/files\/2025\/04\/Temporada-1969-70.jpg?fit=671%2C432&ssl=1","jetpack_sharing_enabled":true,"jetpack_shortlink":"https:\/\/wp.me\/p1ij08-qL7","jetpack-related-posts":[],"_links":{"self":[{"href":"https:\/\/www.manquepierda.com\/historiarealbetis\/wp-json\/wp\/v2\/posts\/102865","targetHints":{"allow":["GET"]}}],"collection":[{"href":"https:\/\/www.manquepierda.com\/historiarealbetis\/wp-json\/wp\/v2\/posts"}],"about":[{"href":"https:\/\/www.manquepierda.com\/historiarealbetis\/wp-json\/wp\/v2\/types\/post"}],"author":[{"embeddable":true,"href":"https:\/\/www.manquepierda.com\/historiarealbetis\/wp-json\/wp\/v2\/users\/5"}],"replies":[{"embeddable":true,"href":"https:\/\/www.manquepierda.com\/historiarealbetis\/wp-json\/wp\/v2\/comments?post=102865"}],"version-history":[{"count":3,"href":"https:\/\/www.manquepierda.com\/historiarealbetis\/wp-json\/wp\/v2\/posts\/102865\/revisions"}],"predecessor-version":[{"id":102870,"href":"https:\/\/www.manquepierda.com\/historiarealbetis\/wp-json\/wp\/v2\/posts\/102865\/revisions\/102870"}],"wp:featuredmedia":[{"embeddable":true,"href":"https:\/\/www.manquepierda.com\/historiarealbetis\/wp-json\/wp\/v2\/media\/102866"}],"wp:attachment":[{"href":"https:\/\/www.manquepierda.com\/historiarealbetis\/wp-json\/wp\/v2\/media?parent=102865"}],"wp:term":[{"taxonomy":"category","embeddable":true,"href":"https:\/\/www.manquepierda.com\/historiarealbetis\/wp-json\/wp\/v2\/categories?post=102865"},{"taxonomy":"post_tag","embeddable":true,"href":"https:\/\/www.manquepierda.com\/historiarealbetis\/wp-json\/wp\/v2\/tags?post=102865"}],"curies":[{"name":"wp","href":"https:\/\/api.w.org\/{rel}","templated":true}]}}