{"id":102926,"date":"2025-05-24T13:00:00","date_gmt":"2025-05-24T11:00:00","guid":{"rendered":"https:\/\/www.manquepierda.com\/historiarealbetis\/?p=102926"},"modified":"2025-05-19T06:34:41","modified_gmt":"2025-05-19T04:34:41","slug":"hoy-hace-10-anos-betis-3-alcorcon-0","status":"publish","type":"post","link":"https:\/\/www.manquepierda.com\/historiarealbetis\/hoy-hace-10-anos-betis-3-alcorcon-0\/","title":{"rendered":"Hoy hace 10 a\u00f1os. Betis 3 Alcorc\u00f3n 0 y ascenso a Primera Divisi\u00f3n."},"content":{"rendered":"<div class=\"wp-block-image\">\n<figure class=\"alignright size-large\"><img data-recalc-dims=\"1\" loading=\"lazy\" decoding=\"async\" width=\"960\" height=\"539\" src=\"https:\/\/i0.wp.com\/www.manquepierda.com\/historiarealbetis\/files\/2025\/04\/24-2015-Betis-3-Alcorcon-0-y-Ascenso-.jpg?resize=960%2C539&#038;ssl=1\" alt=\"\" class=\"wp-image-102927\" srcset=\"https:\/\/i0.wp.com\/www.manquepierda.com\/historiarealbetis\/files\/2025\/04\/24-2015-Betis-3-Alcorcon-0-y-Ascenso-.jpg?resize=960%2C539&amp;ssl=1 960w, https:\/\/i0.wp.com\/www.manquepierda.com\/historiarealbetis\/files\/2025\/04\/24-2015-Betis-3-Alcorcon-0-y-Ascenso-.jpg?resize=680%2C382&amp;ssl=1 680w, https:\/\/i0.wp.com\/www.manquepierda.com\/historiarealbetis\/files\/2025\/04\/24-2015-Betis-3-Alcorcon-0-y-Ascenso-.jpg?resize=220%2C124&amp;ssl=1 220w, https:\/\/i0.wp.com\/www.manquepierda.com\/historiarealbetis\/files\/2025\/04\/24-2015-Betis-3-Alcorcon-0-y-Ascenso-.jpg?resize=768%2C432&amp;ssl=1 768w, https:\/\/i0.wp.com\/www.manquepierda.com\/historiarealbetis\/files\/2025\/04\/24-2015-Betis-3-Alcorcon-0-y-Ascenso-.jpg?w=1050&amp;ssl=1 1050w\" sizes=\"auto, (max-width: 960px) 100vw, 960px\" \/><\/figure>\n<\/div>\n\n\n\n\n\n\n<p><\/p>\n\n\n<p>\u00a0<\/p>\n<p><span style=\"color: #008000\">El 24 de mayo de 2015 en el Villamar\u00edn el Betis derrota 3-0 al Alcorc\u00f3n en partido de la jornada 40 del Campeonato de Liga de Primera Divisi\u00f3n.<\/span><\/p>\n<p><span style=\"color: #008000\">Con esta victoria matem\u00e1ticamente se consegu\u00eda el ascenso a Primera Divisi\u00f3n.<\/span><\/p>\n<p><span style=\"color: #008000\">Rub\u00e9n Castro en el minuto 21 marc\u00f3 el primer tanto mediante una vaselina. En el 52 Rub\u00e9n Castro hizo el 2-0 de penalti tras una falta a Ceballos en el interior del \u00e1rea. En el 65 Jorge Molina cerr\u00f3 el marcador, aprovechando un rechace del guardameta tras un disparo de Portillo.<\/span><\/p>\n<p><span style=\"color: #008000\">El Betis, dirigido por Pepe Mel, aline\u00f3 a Ad\u00e1n; Piccini, Bruno, Figueras, Varela; Portillo, N\u00b4Diaye (67, Reyes), Torres, Ceballos (80, Cejudo); Jorge Molina (75, Rennella) y Rub\u00e9n Castro.<\/span><\/p>\n<p><span style=\"color: #008000\">El Alcorc\u00f3n, entrenado por Jos\u00e9 Bordal\u00e1s, jug\u00f3 con Javi Jim\u00e9nez; Nagore, Djen\u00e9, Verd\u00e9s,<\/span> <span style=\"color: #008000\">Bellvis; Usero, Mora; Femen\u00eda (65, Pastrana), Fausto (46, Plano), Guich\u00f3n (58, Jorge); y Rodr\u00edguez. \u00a0<\/span>\u00a0\u00a0\u00a0\u00a0<\/p>\n\n\n<p><\/p>\n","protected":false},"excerpt":{"rendered":"<p>\u00a0 El 24 de mayo de 2015 en el Villamar\u00edn el Betis derrota 3-0 al Alcorc\u00f3n en partido de la jornada 40 del Campeonato de Liga de Primera Divisi\u00f3n. Con esta victoria matem\u00e1ticamente se consegu\u00eda el ascenso a Primera Divisi\u00f3n. Rub\u00e9n Castro en el minuto 21 marc\u00f3 el primer tanto mediante una vaselina. En el&#8230;<\/p>\n","protected":false},"author":5,"featured_media":102927,"comment_status":"open","ping_status":"open","sticky":false,"template":"","format":"standard","meta":{"_kad_post_transparent":"","_kad_post_title":"","_kad_post_layout":"","_kad_post_sidebar_id":"","_kad_post_content_style":"","_kad_post_vertical_padding":"","_kad_post_feature":"","_kad_post_feature_position":"","_kad_post_header":false,"_kad_post_footer":false,"_kad_post_classname":"","_jetpack_memberships_contains_paid_content":false,"footnotes":"","jetpack_publicize_message":"","jetpack_publicize_feature_enabled":true,"jetpack_social_post_already_shared":true,"jetpack_social_options":{"image_generator_settings":{"template":"highway","default_image_id":0,"font":"","enabled":false},"version":2}},"categories":[15447,14583,1],"tags":[15446,11813,18057],"class_list":["post-102926","post","type-post","status-publish","format-standard","has-post-thumbnail","hentry","category-2010-2019","category-efemerides","category-portada","tag-15446","tag-ad-alcorcon","tag-liga-segunda-2014-15"],"jetpack_publicize_connections":[],"jetpack_featured_media_url":"https:\/\/i0.wp.com\/www.manquepierda.com\/historiarealbetis\/files\/2025\/04\/24-2015-Betis-3-Alcorcon-0-y-Ascenso-.jpg?fit=1050%2C590&ssl=1","jetpack_sharing_enabled":true,"jetpack_shortlink":"https:\/\/wp.me\/p1ij08-qM6","jetpack-related-posts":[],"_links":{"self":[{"href":"https:\/\/www.manquepierda.com\/historiarealbetis\/wp-json\/wp\/v2\/posts\/102926","targetHints":{"allow":["GET"]}}],"collection":[{"href":"https:\/\/www.manquepierda.com\/historiarealbetis\/wp-json\/wp\/v2\/posts"}],"about":[{"href":"https:\/\/www.manquepierda.com\/historiarealbetis\/wp-json\/wp\/v2\/types\/post"}],"author":[{"embeddable":true,"href":"https:\/\/www.manquepierda.com\/historiarealbetis\/wp-json\/wp\/v2\/users\/5"}],"replies":[{"embeddable":true,"href":"https:\/\/www.manquepierda.com\/historiarealbetis\/wp-json\/wp\/v2\/comments?post=102926"}],"version-history":[{"count":2,"href":"https:\/\/www.manquepierda.com\/historiarealbetis\/wp-json\/wp\/v2\/posts\/102926\/revisions"}],"predecessor-version":[{"id":103148,"href":"https:\/\/www.manquepierda.com\/historiarealbetis\/wp-json\/wp\/v2\/posts\/102926\/revisions\/103148"}],"wp:featuredmedia":[{"embeddable":true,"href":"https:\/\/www.manquepierda.com\/historiarealbetis\/wp-json\/wp\/v2\/media\/102927"}],"wp:attachment":[{"href":"https:\/\/www.manquepierda.com\/historiarealbetis\/wp-json\/wp\/v2\/media?parent=102926"}],"wp:term":[{"taxonomy":"category","embeddable":true,"href":"https:\/\/www.manquepierda.com\/historiarealbetis\/wp-json\/wp\/v2\/categories?post=102926"},{"taxonomy":"post_tag","embeddable":true,"href":"https:\/\/www.manquepierda.com\/historiarealbetis\/wp-json\/wp\/v2\/tags?post=102926"}],"curies":[{"name":"wp","href":"https:\/\/api.w.org\/{rel}","templated":true}]}}