{"id":102938,"date":"2025-05-28T13:00:00","date_gmt":"2025-05-28T11:00:00","guid":{"rendered":"https:\/\/www.manquepierda.com\/historiarealbetis\/?p=102938"},"modified":"2025-04-30T13:27:51","modified_gmt":"2025-04-30T11:27:51","slug":"hoy-hace-75-anos-betis-3-real-cordoba-o-en-la-copa-presidente","status":"publish","type":"post","link":"https:\/\/www.manquepierda.com\/historiarealbetis\/hoy-hace-75-anos-betis-3-real-cordoba-o-en-la-copa-presidente\/","title":{"rendered":"Hoy hace 75 a\u00f1os. Betis 3 Real C\u00f3rdoba o en la Copa Presidente."},"content":{"rendered":"<div class=\"wp-block-image\">\n<figure class=\"aligncenter size-full\"><img data-recalc-dims=\"1\" loading=\"lazy\" decoding=\"async\" width=\"709\" height=\"492\" src=\"https:\/\/i0.wp.com\/www.manquepierda.com\/historiarealbetis\/files\/2025\/04\/28-1950-Betis-3-Cordoba-0.jpg?resize=709%2C492&#038;ssl=1\" alt=\"\" class=\"wp-image-102939\" srcset=\"https:\/\/i0.wp.com\/www.manquepierda.com\/historiarealbetis\/files\/2025\/04\/28-1950-Betis-3-Cordoba-0.jpg?w=709&amp;ssl=1 709w, https:\/\/i0.wp.com\/www.manquepierda.com\/historiarealbetis\/files\/2025\/04\/28-1950-Betis-3-Cordoba-0.jpg?resize=680%2C472&amp;ssl=1 680w, https:\/\/i0.wp.com\/www.manquepierda.com\/historiarealbetis\/files\/2025\/04\/28-1950-Betis-3-Cordoba-0.jpg?resize=220%2C153&amp;ssl=1 220w\" sizes=\"auto, (max-width: 709px) 100vw, 709px\" \/><\/figure>\n<\/div>\n\n<p>\u00a0<\/p>\n<p><span style=\"color: #008000\">El 28 de mayo de 1950 en Heli\u00f3polis el Betis vence 3-0 al Real C\u00f3rdoba en partido de la jornada 3 de la Copa Presidente.<\/span><\/p>\n<p><span style=\"color: #008000\">En el minuto 40 un centro de Gelo rechazado por el meta visitante lo llev\u00f3 a las mallas cordobesistas Cedr\u00e9s. En 43 fue Pe\u00f1a quien aprovecho otro rechace del meta visitante, y cerr\u00f3 la cuenta Regatero a pase de Pe\u00f1a en el 80.<\/span><\/p>\n<p><span style=\"color: #008000\">El Betis, dirigido por Andr\u00e9s Aranda, aline\u00f3 a Salinas; Fausto, Jap\u00f3n, Utrilla; Paquirrini, Esteban; Gelo, Regatero, Cedr\u00e9s, Dom\u00ednguez y Pe\u00f1a.<\/span><\/p>\n<p><span style=\"color: #008000\">El Real C\u00f3rdoba, entrenado por Carlos Mu\u00f1iz, jug\u00f3 con Eguren; El\u00edas, Rodr\u00edguez, Nicol\u00e1s; N\u00fa\u00f1ez I, Mu\u00f1oz; L\u00f3pez, Rubio, N\u00fa\u00f1ez II, Manol\u00edn y Bad\u00eda.<\/span><\/p>","protected":false},"excerpt":{"rendered":"<p>\u00a0 El 28 de mayo de 1950 en Heli\u00f3polis el Betis vence 3-0 al Real C\u00f3rdoba en partido de la jornada 3 de la Copa Presidente. En el minuto 40 un centro de Gelo rechazado por el meta visitante lo llev\u00f3 a las mallas cordobesistas Cedr\u00e9s. En 43 fue Pe\u00f1a quien aprovecho otro rechace del&#8230;<\/p>\n","protected":false},"author":5,"featured_media":102939,"comment_status":"open","ping_status":"open","sticky":false,"template":"","format":"standard","meta":{"_kad_post_transparent":"","_kad_post_title":"","_kad_post_layout":"","_kad_post_sidebar_id":"","_kad_post_content_style":"","_kad_post_vertical_padding":"","_kad_post_feature":"","_kad_post_feature_position":"","_kad_post_header":false,"_kad_post_footer":false,"_kad_post_classname":"","_jetpack_memberships_contains_paid_content":false,"footnotes":"","jetpack_publicize_message":"","jetpack_publicize_feature_enabled":true,"jetpack_social_post_already_shared":true,"jetpack_social_options":{"image_generator_settings":{"template":"highway","default_image_id":0,"font":"","enabled":false},"version":2}},"categories":[901,14583,1],"tags":[2661,18618,2534],"class_list":["post-102938","post","type-post","status-publish","format-standard","has-post-thumbnail","hentry","category-1950-1959","category-efemerides","category-portada","tag-2661","tag-copa-presidente-1949-50","tag-real-cordoba"],"jetpack_publicize_connections":[],"jetpack_featured_media_url":"https:\/\/i0.wp.com\/www.manquepierda.com\/historiarealbetis\/files\/2025\/04\/28-1950-Betis-3-Cordoba-0.jpg?fit=709%2C492&ssl=1","jetpack_sharing_enabled":true,"jetpack_shortlink":"https:\/\/wp.me\/p1ij08-qMi","jetpack-related-posts":[],"_links":{"self":[{"href":"https:\/\/www.manquepierda.com\/historiarealbetis\/wp-json\/wp\/v2\/posts\/102938","targetHints":{"allow":["GET"]}}],"collection":[{"href":"https:\/\/www.manquepierda.com\/historiarealbetis\/wp-json\/wp\/v2\/posts"}],"about":[{"href":"https:\/\/www.manquepierda.com\/historiarealbetis\/wp-json\/wp\/v2\/types\/post"}],"author":[{"embeddable":true,"href":"https:\/\/www.manquepierda.com\/historiarealbetis\/wp-json\/wp\/v2\/users\/5"}],"replies":[{"embeddable":true,"href":"https:\/\/www.manquepierda.com\/historiarealbetis\/wp-json\/wp\/v2\/comments?post=102938"}],"version-history":[{"count":1,"href":"https:\/\/www.manquepierda.com\/historiarealbetis\/wp-json\/wp\/v2\/posts\/102938\/revisions"}],"predecessor-version":[{"id":102940,"href":"https:\/\/www.manquepierda.com\/historiarealbetis\/wp-json\/wp\/v2\/posts\/102938\/revisions\/102940"}],"wp:featuredmedia":[{"embeddable":true,"href":"https:\/\/www.manquepierda.com\/historiarealbetis\/wp-json\/wp\/v2\/media\/102939"}],"wp:attachment":[{"href":"https:\/\/www.manquepierda.com\/historiarealbetis\/wp-json\/wp\/v2\/media?parent=102938"}],"wp:term":[{"taxonomy":"category","embeddable":true,"href":"https:\/\/www.manquepierda.com\/historiarealbetis\/wp-json\/wp\/v2\/categories?post=102938"},{"taxonomy":"post_tag","embeddable":true,"href":"https:\/\/www.manquepierda.com\/historiarealbetis\/wp-json\/wp\/v2\/tags?post=102938"}],"curies":[{"name":"wp","href":"https:\/\/api.w.org\/{rel}","templated":true}]}}