{"id":102944,"date":"2025-05-30T13:00:00","date_gmt":"2025-05-30T11:00:00","guid":{"rendered":"https:\/\/www.manquepierda.com\/historiarealbetis\/?p=102944"},"modified":"2025-04-30T17:48:52","modified_gmt":"2025-04-30T15:48:52","slug":"hoy-hace-26-anos-betis-2-valladolid-0","status":"publish","type":"post","link":"https:\/\/www.manquepierda.com\/historiarealbetis\/hoy-hace-26-anos-betis-2-valladolid-0\/","title":{"rendered":"Hoy hace 26 a\u00f1os. Betis 2 Valladolid 0."},"content":{"rendered":"<div class=\"wp-block-image\">\n<figure class=\"aligncenter size-large\"><img data-recalc-dims=\"1\" loading=\"lazy\" decoding=\"async\" width=\"960\" height=\"310\" src=\"https:\/\/i0.wp.com\/www.manquepierda.com\/historiarealbetis\/files\/2025\/04\/30-1999-Betis-2-Valladolid-0-.jpg?resize=960%2C310&#038;ssl=1\" alt=\"\" class=\"wp-image-102945\" srcset=\"https:\/\/i0.wp.com\/www.manquepierda.com\/historiarealbetis\/files\/2025\/04\/30-1999-Betis-2-Valladolid-0-.jpg?resize=960%2C310&amp;ssl=1 960w, https:\/\/i0.wp.com\/www.manquepierda.com\/historiarealbetis\/files\/2025\/04\/30-1999-Betis-2-Valladolid-0-.jpg?resize=680%2C220&amp;ssl=1 680w, https:\/\/i0.wp.com\/www.manquepierda.com\/historiarealbetis\/files\/2025\/04\/30-1999-Betis-2-Valladolid-0-.jpg?resize=220%2C71&amp;ssl=1 220w, https:\/\/i0.wp.com\/www.manquepierda.com\/historiarealbetis\/files\/2025\/04\/30-1999-Betis-2-Valladolid-0-.jpg?resize=768%2C248&amp;ssl=1 768w, https:\/\/i0.wp.com\/www.manquepierda.com\/historiarealbetis\/files\/2025\/04\/30-1999-Betis-2-Valladolid-0-.jpg?w=1076&amp;ssl=1 1076w\" sizes=\"auto, (max-width: 960px) 100vw, 960px\" \/><\/figure>\n<\/div>\n\n<p>\u00a0<\/p>\n<p><span style=\"color: #008000\">El 30 de mayo de 1999 en el Villamar\u00edn el Betis vence 2-0 al Valladolid en partido de la jornada 36 del Campeonato de Liga de Primera Divisi\u00f3n.<\/span><\/p>\n<p><span style=\"color: #008000\">G\u00e1lvez en el minuto 20 abri\u00f3 el marcador con un disparo a la escuadra vallisoletana; Finidi, de un penalti cometido sobre Denilson en el minuto 63, hizo el 2-0.<\/span><\/p>\n<p><span style=\"color: #008000\">El Betis, dirigido por Javier Clemente, form\u00f3 con Valerio; Merino (46, Ito), Filipescu, Ol\u00edas, Luis Fern\u00e1ndez; Ca\u00f1as, Alexis; Finidi, G\u00e1lvez (66, Juan Jes\u00fas), Benjam\u00edn (46, Denilson) y Oli.<\/span><\/p>\n<p><span style=\"color: #008000\">El Valladolid, entrenado por Sergio Kresic, aline\u00f3 a C\u00e9sar; Santamar\u00eda, Julio C\u00e9sar, Garc\u00eda Calvo, Marcos; Orlando, Lozano, Vizca\u00edno, Chema (80, Guti\u00e9rrez); Caminero (74, Emilio) y Klimowicz (74, Alberto).<\/span><\/p>\n\n\n<p><\/p>\n","protected":false},"excerpt":{"rendered":"<p>\u00a0 El 30 de mayo de 1999 en el Villamar\u00edn el Betis vence 2-0 al Valladolid en partido de la jornada 36 del Campeonato de Liga de Primera Divisi\u00f3n. G\u00e1lvez en el minuto 20 abri\u00f3 el marcador con un disparo a la escuadra vallisoletana; Finidi, de un penalti cometido sobre Denilson en el minuto 63,&#8230;<\/p>\n","protected":false},"author":5,"featured_media":102945,"comment_status":"open","ping_status":"open","sticky":false,"template":"","format":"standard","meta":{"_kad_post_transparent":"","_kad_post_title":"","_kad_post_layout":"","_kad_post_sidebar_id":"","_kad_post_content_style":"","_kad_post_vertical_padding":"","_kad_post_feature":"","_kad_post_feature_position":"","_kad_post_header":false,"_kad_post_footer":false,"_kad_post_classname":"","_jetpack_memberships_contains_paid_content":false,"footnotes":"","jetpack_publicize_message":"","jetpack_publicize_feature_enabled":true,"jetpack_social_post_already_shared":true,"jetpack_social_options":{"image_generator_settings":{"template":"highway","default_image_id":0,"font":"","enabled":false},"version":2}},"categories":[905,14583,1],"tags":[4449,17812,1359],"class_list":["post-102944","post","type-post","status-publish","format-standard","has-post-thumbnail","hentry","category-1990-1999","category-efemerides","category-portada","tag-4449","tag-liga-primera-1998-99","tag-real-valladolid"],"jetpack_publicize_connections":[],"jetpack_featured_media_url":"https:\/\/i0.wp.com\/www.manquepierda.com\/historiarealbetis\/files\/2025\/04\/30-1999-Betis-2-Valladolid-0-.jpg?fit=1076%2C348&ssl=1","jetpack_sharing_enabled":true,"jetpack_shortlink":"https:\/\/wp.me\/p1ij08-qMo","jetpack-related-posts":[],"_links":{"self":[{"href":"https:\/\/www.manquepierda.com\/historiarealbetis\/wp-json\/wp\/v2\/posts\/102944","targetHints":{"allow":["GET"]}}],"collection":[{"href":"https:\/\/www.manquepierda.com\/historiarealbetis\/wp-json\/wp\/v2\/posts"}],"about":[{"href":"https:\/\/www.manquepierda.com\/historiarealbetis\/wp-json\/wp\/v2\/types\/post"}],"author":[{"embeddable":true,"href":"https:\/\/www.manquepierda.com\/historiarealbetis\/wp-json\/wp\/v2\/users\/5"}],"replies":[{"embeddable":true,"href":"https:\/\/www.manquepierda.com\/historiarealbetis\/wp-json\/wp\/v2\/comments?post=102944"}],"version-history":[{"count":4,"href":"https:\/\/www.manquepierda.com\/historiarealbetis\/wp-json\/wp\/v2\/posts\/102944\/revisions"}],"predecessor-version":[{"id":102949,"href":"https:\/\/www.manquepierda.com\/historiarealbetis\/wp-json\/wp\/v2\/posts\/102944\/revisions\/102949"}],"wp:featuredmedia":[{"embeddable":true,"href":"https:\/\/www.manquepierda.com\/historiarealbetis\/wp-json\/wp\/v2\/media\/102945"}],"wp:attachment":[{"href":"https:\/\/www.manquepierda.com\/historiarealbetis\/wp-json\/wp\/v2\/media?parent=102944"}],"wp:term":[{"taxonomy":"category","embeddable":true,"href":"https:\/\/www.manquepierda.com\/historiarealbetis\/wp-json\/wp\/v2\/categories?post=102944"},{"taxonomy":"post_tag","embeddable":true,"href":"https:\/\/www.manquepierda.com\/historiarealbetis\/wp-json\/wp\/v2\/tags?post=102944"}],"curies":[{"name":"wp","href":"https:\/\/api.w.org\/{rel}","templated":true}]}}