{"id":103093,"date":"2025-05-19T11:00:00","date_gmt":"2025-05-19T09:00:00","guid":{"rendered":"https:\/\/www.manquepierda.com\/historiarealbetis\/?p=103093"},"modified":"2025-05-14T09:00:40","modified_gmt":"2025-05-14T07:00:40","slug":"entrevista-rafael-gordillo-1995","status":"publish","type":"post","link":"https:\/\/www.manquepierda.com\/historiarealbetis\/entrevista-rafael-gordillo-1995\/","title":{"rendered":"Entrevista Rafael Gordillo 1995."},"content":{"rendered":"<div class=\"wp-block-image\">\n<figure class=\"aligncenter size-large\"><img data-recalc-dims=\"1\" loading=\"lazy\" decoding=\"async\" width=\"525\" height=\"700\" src=\"https:\/\/i0.wp.com\/www.manquepierda.com\/historiarealbetis\/files\/2025\/05\/Gordillo-7.jpg?resize=525%2C700&#038;ssl=1\" alt=\"\" class=\"wp-image-103094\" srcset=\"https:\/\/i0.wp.com\/www.manquepierda.com\/historiarealbetis\/files\/2025\/05\/Gordillo-7.jpg?resize=525%2C700&amp;ssl=1 525w, https:\/\/i0.wp.com\/www.manquepierda.com\/historiarealbetis\/files\/2025\/05\/Gordillo-7.jpg?resize=450%2C600&amp;ssl=1 450w, https:\/\/i0.wp.com\/www.manquepierda.com\/historiarealbetis\/files\/2025\/05\/Gordillo-7.jpg?resize=165%2C220&amp;ssl=1 165w, https:\/\/i0.wp.com\/www.manquepierda.com\/historiarealbetis\/files\/2025\/05\/Gordillo-7.jpg?w=640&amp;ssl=1 640w\" sizes=\"auto, (max-width: 525px) 100vw, 525px\" \/><\/figure>\n<\/div>\n\n<p>\u00a0<\/p>\n<p>Del 4 de junio de 1995 es esta entrevista publicada en el Mundo B\u00e9tico dominical n\u00famero 18, que se reparti\u00f3 gratuitamente en el Villamar\u00edn con motivo del Betis-Celta disputado ese d\u00eda.<\/p>\n<p>En ella se entrevistaba a Rafael Gordillo, con motivo de su ya segura salida del Real Betis Balompi\u00e9 a final de temporada. Una entrevista interesante, en la que Gordillo repasaba diversas situaciones de su larga trayectoria, y en la que hac\u00eda especial incidencia en su salida del club 10 a\u00f1os antes.<\/p>\n<p><span style=\"color: #008000\"><em>Esta entrevista que vas a leer puede ser posiblemente la \u00faltima que MUNDO B\u00c9TICO le haga a Rafael Gordillo como jugador en activo. Est\u00e1 realizada en la propia redacci\u00f3n de esta revista, donde el gran capit\u00e1n verdiblanco nos habla con toda la verdad sobre su vida deportiva, sin pelos en la lengua, con la franqueza que le caracteriza, cosa que agradecemos.<\/em><\/span><\/p>\n<ul>\n<li><span style=\"color: #008000\"><em>Rafael, en estos momentos del adi\u00f3s, \u00bfen qu\u00e9 estado de \u00e1nimo te marchas?<\/em><\/span><\/li>\n<li><span style=\"color: #008000\"><em>Triste, triste tengo que estar, porque veo toda mi vida en el f\u00fatbol y ahora se acaba, por eso tengo que estar triste. Por otro lado debo estar contento, porque dejo atr\u00e1s a unos compa\u00f1eros que han jugado a tope. Dejo un Betis fenomenal y como b\u00e9tico estoy contento, porque el Betis est\u00e1 funcionando, que es lo deseado y por lo que vine de nuevo, a intentar colaborar para entre todos hacer un Betis grande como siempre fue<\/em><\/span><\/li>\n<li><span style=\"color: #008000\"><em>En tantos a\u00f1os de profesional, \u00bfte han puesto muchas trabas?<\/em><\/span><\/li>\n<li><span style=\"color: #008000\"><em>Al principio no, despu\u00e9s conforme fui cumpliendo a\u00f1os s\u00ed, porque desgraciadamente en Espa\u00f1a se ha mirado siempre el DNI y no la fuerza del jugador. Despu\u00e9s, a base de trabajo y esfuerzo ten\u00edas que demostrar que a\u00fan val\u00edas<\/em><\/span><\/li>\n<li><span style=\"color: #008000\"><em>\u00bfCu\u00e1l es la grandeza del f\u00fatbol?<\/em><\/span><\/li>\n<li><span style=\"color: #008000\"><em>Los futbolistas, el vestuario, la afici\u00f3n que es fenomenal, tambi\u00e9n por supuesto el trato de los directivos, la categor\u00eda del club, son muchas cosas buenas<\/em><\/span><\/li>\n<li><span style=\"color: #008000\"><em>\u00bfLas miserias de este deporte?<\/em><\/span><\/li>\n<li><span style=\"color: #008000\"><em>Much\u00edsimas, como la violencia, el dopping, malos presidentes y directivos, envidias en ocasiones, y \u00bfpor qu\u00e9 no?, en algunos casos incluso rencores, pero lo peor es la violencia<\/em><\/span><\/li>\n<li><span style=\"color: #008000\"><em>\u00bfTe has sentido traicionado por alguien?<\/em><\/span><\/li>\n<li><span style=\"color: #008000\"><em>S\u00ed, me he sentido enga\u00f1ado, en el sentido de no ser claros conmigo, y estafado por decir y hacer lo contrario de lo que se hab\u00eda hablado<\/em><\/span><\/li>\n<li><span style=\"color: #008000\"><em>\u00bfQui\u00e9nes fueron?<\/em><\/span><\/li>\n<li><span style=\"color: #008000\"><em>Me refiero al es presidente Retamero, que fue el culpable de que no me quedara en el Betis y el que me enga\u00f1\u00f3<\/em><\/span><\/li>\n<li><span style=\"color: #008000\"><em>O con un dinero que era de mi familia. Yo le di a ellos un mont\u00f3n de millones, sin que les perteneciera, creyendo que eran para el Betis, pero eran para librar unos avales personales que ten\u00edan firmados en el Banco de Andaluc\u00eda. Los firmantes eran Retamero, Juan Salas, que incluso ya no era vicepresidente, y Paco Garc\u00eda de la Borbolla, al que Dios tenga en su gloria. Para librar ese aval, me dejaron irme al Madrid, que si les pago es porque yo quise. Tengo que aclarar que tanto con Juan Salas, al que admiro y respeto, como con Paco Garc\u00eda de la Borbolla, al que quer\u00eda porque era mi amigo y su hijo Juli\u00e1n lo es en la actualidad, no les culpo; s\u00f3lo a Retamero, que no fue claro ni sincero conmigo<\/em><\/span><\/li>\n<li><span style=\"color: #008000\"><em>De la mucha gente que has conocido en el f\u00fatbol, \u00bfte ha dejado marcada alguna positivamente?<\/em><\/span><\/li>\n<li><span style=\"color: #008000\"><em> Desde mis primeros tiempos en el Betis donde Alabanda, Garc\u00eda Soriano, Bizcocho, Esnaola y compa\u00f1\u00eda. En el Real Madrid los M\u00edchel, Gallego, Camacho, etc, pero hubo alguien que marc\u00f3 su amistad dentro de mi coraz\u00f3n para siempre, y que jam\u00e1s podr\u00e9 olvidar por lo que fue y lo que represent\u00f3 para m\u00ed. Fue Juan G\u00f3mez, ese Juanito todo coraz\u00f3n, alegr\u00eda y entrega sin l\u00edmites. Si de algo me puedo sentir orgulloso de haber ganado en el f\u00fatbol, es la amistad de ese hermano de Fuengirola que fue Juanito. Para m\u00ed lo m\u00e1ximo<\/em><\/span><\/li>\n<li><span style=\"color: #008000\"><em>\u00bfY a la afici\u00f3n?<\/em><\/span><\/li>\n<li><span style=\"color: #008000\"><em>A ella todo, porque los momentos que he vivido con ellos no se pueden narrar, hab\u00eda un matrimonio perfecto, yo sab\u00eda lo que ellos quer\u00edan y se lo daba, y ellos sab\u00edan que me esperaban y m\u00e1s de una vez me infiltr\u00e9 para soportar el dolor y jugar, porque me esperaba la afici\u00f3n. A ellos siempre les di lo m\u00e1ximo de m\u00ed, porque se lo merecen.<\/em><\/span><\/li>\n<li><span style=\"color: #008000\"><em>Gracias Rafael, MUNDO B\u00c9TICO te desea lo mejor del mundo, porque te lo mereces como persona, futbolista y como b\u00e9tico.<\/em><\/span><\/li>\n<li><em><span style=\"color: #008000\">Gracias a ustedes y a toda la afici\u00f3n del Betis <\/span><br \/><br \/><\/em><\/li>\n<\/ul>","protected":false},"excerpt":{"rendered":"<p>\u00a0 Del 4 de junio de 1995 es esta entrevista publicada en el Mundo B\u00e9tico dominical n\u00famero 18, que se reparti\u00f3 gratuitamente en el Villamar\u00edn con motivo del Betis-Celta disputado ese d\u00eda. En ella se entrevistaba a Rafael Gordillo, con motivo de su ya segura salida del Real Betis Balompi\u00e9 a final de temporada. Una&#8230;<\/p>\n","protected":false},"author":5,"featured_media":103094,"comment_status":"open","ping_status":"open","sticky":false,"template":"","format":"standard","meta":{"_kad_post_transparent":"","_kad_post_title":"","_kad_post_layout":"","_kad_post_sidebar_id":"","_kad_post_content_style":"","_kad_post_vertical_padding":"","_kad_post_feature":"","_kad_post_feature_position":"","_kad_post_header":false,"_kad_post_footer":false,"_kad_post_classname":"","_jetpack_memberships_contains_paid_content":false,"footnotes":"","jetpack_publicize_message":"","jetpack_publicize_feature_enabled":true,"jetpack_social_post_already_shared":true,"jetpack_social_options":{"image_generator_settings":{"template":"highway","default_image_id":0,"font":"","enabled":false},"version":2}},"categories":[905,893,1],"tags":[2459,1305],"class_list":["post-103093","post","type-post","status-publish","format-standard","has-post-thumbnail","hentry","category-1990-1999","category-jugadores-temas","category-portada","tag-2459","tag-rafael-gordillo"],"jetpack_publicize_connections":[],"jetpack_featured_media_url":"https:\/\/i0.wp.com\/www.manquepierda.com\/historiarealbetis\/files\/2025\/05\/Gordillo-7.jpg?fit=640%2C853&ssl=1","jetpack_sharing_enabled":true,"jetpack_shortlink":"https:\/\/wp.me\/p1ij08-qON","jetpack-related-posts":[],"_links":{"self":[{"href":"https:\/\/www.manquepierda.com\/historiarealbetis\/wp-json\/wp\/v2\/posts\/103093","targetHints":{"allow":["GET"]}}],"collection":[{"href":"https:\/\/www.manquepierda.com\/historiarealbetis\/wp-json\/wp\/v2\/posts"}],"about":[{"href":"https:\/\/www.manquepierda.com\/historiarealbetis\/wp-json\/wp\/v2\/types\/post"}],"author":[{"embeddable":true,"href":"https:\/\/www.manquepierda.com\/historiarealbetis\/wp-json\/wp\/v2\/users\/5"}],"replies":[{"embeddable":true,"href":"https:\/\/www.manquepierda.com\/historiarealbetis\/wp-json\/wp\/v2\/comments?post=103093"}],"version-history":[{"count":2,"href":"https:\/\/www.manquepierda.com\/historiarealbetis\/wp-json\/wp\/v2\/posts\/103093\/revisions"}],"predecessor-version":[{"id":103096,"href":"https:\/\/www.manquepierda.com\/historiarealbetis\/wp-json\/wp\/v2\/posts\/103093\/revisions\/103096"}],"wp:featuredmedia":[{"embeddable":true,"href":"https:\/\/www.manquepierda.com\/historiarealbetis\/wp-json\/wp\/v2\/media\/103094"}],"wp:attachment":[{"href":"https:\/\/www.manquepierda.com\/historiarealbetis\/wp-json\/wp\/v2\/media?parent=103093"}],"wp:term":[{"taxonomy":"category","embeddable":true,"href":"https:\/\/www.manquepierda.com\/historiarealbetis\/wp-json\/wp\/v2\/categories?post=103093"},{"taxonomy":"post_tag","embeddable":true,"href":"https:\/\/www.manquepierda.com\/historiarealbetis\/wp-json\/wp\/v2\/tags?post=103093"}],"curies":[{"name":"wp","href":"https:\/\/api.w.org\/{rel}","templated":true}]}}