{"id":103179,"date":"2025-05-29T11:00:00","date_gmt":"2025-05-29T09:00:00","guid":{"rendered":"https:\/\/www.manquepierda.com\/historiarealbetis\/?p=103179"},"modified":"2025-05-26T09:37:41","modified_gmt":"2025-05-26T07:37:41","slug":"concentracion-en-montecastillo-2013","status":"publish","type":"post","link":"https:\/\/www.manquepierda.com\/historiarealbetis\/concentracion-en-montecastillo-2013\/","title":{"rendered":"Concentraci\u00f3n en Montecastillo. 2013"},"content":{"rendered":"<div class=\"wp-block-image\">\n<figure class=\"aligncenter size-full\"><img data-recalc-dims=\"1\" loading=\"lazy\" decoding=\"async\" width=\"931\" height=\"399\" src=\"https:\/\/i0.wp.com\/www.manquepierda.com\/historiarealbetis\/files\/2025\/05\/Concentracion-en-Montecastillo-2013-NMP-Marca-22-02-2013.jpg?resize=931%2C399&#038;ssl=1\" alt=\"\" class=\"wp-image-103180\" srcset=\"https:\/\/i0.wp.com\/www.manquepierda.com\/historiarealbetis\/files\/2025\/05\/Concentracion-en-Montecastillo-2013-NMP-Marca-22-02-2013.jpg?w=931&amp;ssl=1 931w, https:\/\/i0.wp.com\/www.manquepierda.com\/historiarealbetis\/files\/2025\/05\/Concentracion-en-Montecastillo-2013-NMP-Marca-22-02-2013.jpg?resize=680%2C291&amp;ssl=1 680w, https:\/\/i0.wp.com\/www.manquepierda.com\/historiarealbetis\/files\/2025\/05\/Concentracion-en-Montecastillo-2013-NMP-Marca-22-02-2013.jpg?resize=220%2C94&amp;ssl=1 220w, https:\/\/i0.wp.com\/www.manquepierda.com\/historiarealbetis\/files\/2025\/05\/Concentracion-en-Montecastillo-2013-NMP-Marca-22-02-2013.jpg?resize=768%2C329&amp;ssl=1 768w\" sizes=\"auto, (max-width: 931px) 100vw, 931px\" \/><\/figure>\n<\/div>\n\n<p>\u00a0La crisis de resultados que el Betis sufri\u00f3 entre enero y febrero de 2013 indujo a Pepe Mel a concentrar al equipo desde el jueves 21 de febrero en Montecastillo, previo al Betis-M\u00e1laga del 24 de febrero a disputar el Villamar\u00edn.<\/p>\n<p>En los 5 partidos inmediatos de Liga el Betis hab\u00eda obtenido 2 puntos de los 15 posibles, con un empate a 1 en casa contra el Athletic, una derrota 3-0 en Vallecas, una derrota 1-0 en el Calder\u00f3n, un empate a 0 en el Villamar\u00edn contra el Valladolid y una derrota fuera 1-0 frente al Espanyol.\u00a0 \u00a0\u00a0<\/p>\n<p>El equipo pas\u00f3 de estar 4\u00ba en la tabla a la octava posici\u00f3n. La clasificaci\u00f3n para Europa segu\u00eda a un solo punto de distancia, pero el cuerpo t\u00e9cnico decidi\u00f3 que era interesante concentrar al equipo, con 5 sesiones de trabajo antes del regreso a Sevilla el s\u00e1bado por la tarde.\u00a0<\/p>\n<p>El resultado positivo de esta concentraci\u00f3n se verific\u00f3 en el partido jugado el domingo 24 en el Villamar\u00edn, con una contundente victoria 3-0 frente al M\u00e1laga, con tantos de Jorge Molina, Mario y Pab\u00f3n.<\/p>","protected":false},"excerpt":{"rendered":"<p>\u00a0La crisis de resultados que el Betis sufri\u00f3 entre enero y febrero de 2013 indujo a Pepe Mel a concentrar al equipo desde el jueves 21 de febrero en Montecastillo, previo al Betis-M\u00e1laga del 24 de febrero a disputar el Villamar\u00edn. En los 5 partidos inmediatos de Liga el Betis hab\u00eda obtenido 2 puntos de&#8230;<\/p>\n","protected":false},"author":5,"featured_media":103180,"comment_status":"open","ping_status":"open","sticky":false,"template":"","format":"standard","meta":{"_kad_post_transparent":"","_kad_post_title":"","_kad_post_layout":"","_kad_post_sidebar_id":"","_kad_post_content_style":"","_kad_post_vertical_padding":"","_kad_post_feature":"","_kad_post_feature_position":"","_kad_post_header":false,"_kad_post_footer":false,"_kad_post_classname":"","_jetpack_memberships_contains_paid_content":false,"footnotes":"","jetpack_publicize_message":"","jetpack_publicize_feature_enabled":true,"jetpack_social_post_already_shared":true,"jetpack_social_options":{"image_generator_settings":{"template":"highway","default_image_id":0,"font":"","enabled":false},"version":2}},"categories":[15447,1],"tags":[16968,16967,16797],"class_list":["post-103179","post","type-post","status-publish","format-standard","has-post-thumbnail","hentry","category-2010-2019","category-portada","tag-2012-13","tag-16967","tag-montecastillo"],"jetpack_publicize_connections":[],"jetpack_featured_media_url":"https:\/\/i0.wp.com\/www.manquepierda.com\/historiarealbetis\/files\/2025\/05\/Concentracion-en-Montecastillo-2013-NMP-Marca-22-02-2013.jpg?fit=931%2C399&ssl=1","jetpack_sharing_enabled":true,"jetpack_shortlink":"https:\/\/wp.me\/p1ij08-qQb","jetpack-related-posts":[],"_links":{"self":[{"href":"https:\/\/www.manquepierda.com\/historiarealbetis\/wp-json\/wp\/v2\/posts\/103179","targetHints":{"allow":["GET"]}}],"collection":[{"href":"https:\/\/www.manquepierda.com\/historiarealbetis\/wp-json\/wp\/v2\/posts"}],"about":[{"href":"https:\/\/www.manquepierda.com\/historiarealbetis\/wp-json\/wp\/v2\/types\/post"}],"author":[{"embeddable":true,"href":"https:\/\/www.manquepierda.com\/historiarealbetis\/wp-json\/wp\/v2\/users\/5"}],"replies":[{"embeddable":true,"href":"https:\/\/www.manquepierda.com\/historiarealbetis\/wp-json\/wp\/v2\/comments?post=103179"}],"version-history":[{"count":4,"href":"https:\/\/www.manquepierda.com\/historiarealbetis\/wp-json\/wp\/v2\/posts\/103179\/revisions"}],"predecessor-version":[{"id":103219,"href":"https:\/\/www.manquepierda.com\/historiarealbetis\/wp-json\/wp\/v2\/posts\/103179\/revisions\/103219"}],"wp:featuredmedia":[{"embeddable":true,"href":"https:\/\/www.manquepierda.com\/historiarealbetis\/wp-json\/wp\/v2\/media\/103180"}],"wp:attachment":[{"href":"https:\/\/www.manquepierda.com\/historiarealbetis\/wp-json\/wp\/v2\/media?parent=103179"}],"wp:term":[{"taxonomy":"category","embeddable":true,"href":"https:\/\/www.manquepierda.com\/historiarealbetis\/wp-json\/wp\/v2\/categories?post=103179"},{"taxonomy":"post_tag","embeddable":true,"href":"https:\/\/www.manquepierda.com\/historiarealbetis\/wp-json\/wp\/v2\/tags?post=103179"}],"curies":[{"name":"wp","href":"https:\/\/api.w.org\/{rel}","templated":true}]}}