{"id":103213,"date":"2025-06-04T11:00:00","date_gmt":"2025-06-04T09:00:00","guid":{"rendered":"https:\/\/www.manquepierda.com\/historiarealbetis\/?p=103213"},"modified":"2025-05-25T12:06:56","modified_gmt":"2025-05-25T10:06:56","slug":"balon-para-ruben-castro-2011","status":"publish","type":"post","link":"https:\/\/www.manquepierda.com\/historiarealbetis\/balon-para-ruben-castro-2011\/","title":{"rendered":"Bal\u00f3n para Rub\u00e9n Castro 2011."},"content":{"rendered":"<div class=\"wp-block-image\">\n<figure class=\"aligncenter size-full\"><img data-recalc-dims=\"1\" loading=\"lazy\" decoding=\"async\" width=\"637\" height=\"512\" src=\"https:\/\/i0.wp.com\/www.manquepierda.com\/historiarealbetis\/files\/2025\/05\/Balon-para-Ruben-Castro.-2011.jpg?resize=637%2C512&#038;ssl=1\" alt=\"\" class=\"wp-image-103214\" srcset=\"https:\/\/i0.wp.com\/www.manquepierda.com\/historiarealbetis\/files\/2025\/05\/Balon-para-Ruben-Castro.-2011.jpg?w=637&amp;ssl=1 637w, https:\/\/i0.wp.com\/www.manquepierda.com\/historiarealbetis\/files\/2025\/05\/Balon-para-Ruben-Castro.-2011.jpg?resize=220%2C177&amp;ssl=1 220w\" sizes=\"auto, (max-width: 637px) 100vw, 637px\" \/><\/figure>\n<\/div>\n\n<p>\u00a0<\/p>\n<p>30 de abril de 2011 en el Villamar\u00edn Betis 4 Numancia 1; jornada 36 del Campeonato de Liga de Primera Divisi\u00f3n.<\/p>\n<p>En la imagen a la finalizaci\u00f3n del partido el delantero b\u00e9tico Rub\u00e9n Castro es felicitado por el t\u00e9cnico Pepe Mel, tras conseguir 3 de los 4 tantos con los que el Betis derrot\u00f3 al equipo soriano.<\/p>\n<p>En el minuto 10 hizo el primero, con un disparo cruzado tras un rechace de la defensa numantina. En el 68 marc\u00f3 el 3-1, aprovechando una indecisi\u00f3n de la defensa, y en el 78 el 4-1 rematando un centro de Miguel Lopes.\u00a0<\/p>\n<p>Rub\u00e9n Castro lleva en sus manos el bal\u00f3n como recuerdo de su triplete en el partido.<\/p>","protected":false},"excerpt":{"rendered":"<p>\u00a0 30 de abril de 2011 en el Villamar\u00edn Betis 4 Numancia 1; jornada 36 del Campeonato de Liga de Primera Divisi\u00f3n. En la imagen a la finalizaci\u00f3n del partido el delantero b\u00e9tico Rub\u00e9n Castro es felicitado por el t\u00e9cnico Pepe Mel, tras conseguir 3 de los 4 tantos con los que el Betis derrot\u00f3&#8230;<\/p>\n","protected":false},"author":5,"featured_media":103214,"comment_status":"open","ping_status":"open","sticky":false,"template":"","format":"standard","meta":{"_kad_post_transparent":"","_kad_post_title":"","_kad_post_layout":"","_kad_post_sidebar_id":"","_kad_post_content_style":"","_kad_post_vertical_padding":"","_kad_post_feature":"","_kad_post_feature_position":"","_kad_post_header":false,"_kad_post_footer":false,"_kad_post_classname":"","_jetpack_memberships_contains_paid_content":false,"footnotes":"","jetpack_publicize_message":"","jetpack_publicize_feature_enabled":true,"jetpack_social_post_already_shared":true,"jetpack_social_options":{"image_generator_settings":{"template":"highway","default_image_id":0,"font":"","enabled":false},"version":2}},"categories":[15447,1],"tags":[16923,1488,18085,655,748],"class_list":["post-103213","post","type-post","status-publish","format-standard","has-post-thumbnail","hentry","category-2010-2019","category-portada","tag-16923","tag-cd-numancia","tag-liga-segunda-2010-11","tag-pepe-mel","tag-ruben-castro"],"jetpack_publicize_connections":[],"jetpack_featured_media_url":"https:\/\/i0.wp.com\/www.manquepierda.com\/historiarealbetis\/files\/2025\/05\/Balon-para-Ruben-Castro.-2011.jpg?fit=637%2C512&ssl=1","jetpack_sharing_enabled":true,"jetpack_shortlink":"https:\/\/wp.me\/p1ij08-qQJ","jetpack-related-posts":[],"_links":{"self":[{"href":"https:\/\/www.manquepierda.com\/historiarealbetis\/wp-json\/wp\/v2\/posts\/103213","targetHints":{"allow":["GET"]}}],"collection":[{"href":"https:\/\/www.manquepierda.com\/historiarealbetis\/wp-json\/wp\/v2\/posts"}],"about":[{"href":"https:\/\/www.manquepierda.com\/historiarealbetis\/wp-json\/wp\/v2\/types\/post"}],"author":[{"embeddable":true,"href":"https:\/\/www.manquepierda.com\/historiarealbetis\/wp-json\/wp\/v2\/users\/5"}],"replies":[{"embeddable":true,"href":"https:\/\/www.manquepierda.com\/historiarealbetis\/wp-json\/wp\/v2\/comments?post=103213"}],"version-history":[{"count":2,"href":"https:\/\/www.manquepierda.com\/historiarealbetis\/wp-json\/wp\/v2\/posts\/103213\/revisions"}],"predecessor-version":[{"id":103216,"href":"https:\/\/www.manquepierda.com\/historiarealbetis\/wp-json\/wp\/v2\/posts\/103213\/revisions\/103216"}],"wp:featuredmedia":[{"embeddable":true,"href":"https:\/\/www.manquepierda.com\/historiarealbetis\/wp-json\/wp\/v2\/media\/103214"}],"wp:attachment":[{"href":"https:\/\/www.manquepierda.com\/historiarealbetis\/wp-json\/wp\/v2\/media?parent=103213"}],"wp:term":[{"taxonomy":"category","embeddable":true,"href":"https:\/\/www.manquepierda.com\/historiarealbetis\/wp-json\/wp\/v2\/categories?post=103213"},{"taxonomy":"post_tag","embeddable":true,"href":"https:\/\/www.manquepierda.com\/historiarealbetis\/wp-json\/wp\/v2\/tags?post=103213"}],"curies":[{"name":"wp","href":"https:\/\/api.w.org\/{rel}","templated":true}]}}