{"id":103221,"date":"2025-06-05T11:00:00","date_gmt":"2025-06-05T09:00:00","guid":{"rendered":"https:\/\/www.manquepierda.com\/historiarealbetis\/?p=103221"},"modified":"2025-05-26T12:36:24","modified_gmt":"2025-05-26T10:36:24","slug":"beticos-en-la-seleccion-bruselas-2005","status":"publish","type":"post","link":"https:\/\/www.manquepierda.com\/historiarealbetis\/beticos-en-la-seleccion-bruselas-2005\/","title":{"rendered":"B\u00e9ticos en la selecci\u00f3n. Bruselas 2005."},"content":{"rendered":"<div class=\"wp-block-image\">\n<figure class=\"aligncenter size-full\"><img data-recalc-dims=\"1\" loading=\"lazy\" decoding=\"async\" width=\"532\" height=\"360\" src=\"https:\/\/i0.wp.com\/www.manquepierda.com\/historiarealbetis\/files\/2025\/05\/509.-Belgica-0-Espana-2.jpg?resize=532%2C360&#038;ssl=1\" alt=\"\" class=\"wp-image-103222\" srcset=\"https:\/\/i0.wp.com\/www.manquepierda.com\/historiarealbetis\/files\/2025\/05\/509.-Belgica-0-Espana-2.jpg?w=532&amp;ssl=1 532w, https:\/\/i0.wp.com\/www.manquepierda.com\/historiarealbetis\/files\/2025\/05\/509.-Belgica-0-Espana-2.jpg?resize=220%2C149&amp;ssl=1 220w\" sizes=\"auto, (max-width: 532px) 100vw, 532px\" \/><\/figure>\n<\/div>\n\n<p>8 de octubre de 2005 en el Estadio Rey Balduino de Bruselas B\u00e9lgica 0 Espa\u00f1a 2; partido de la fase de clasificaci\u00f3n para el Mundial de Alemania 2006.<\/p>\n<p>En la imagen arriba Casillas (Real Madrid), Marchena (Valencia), Albelda (Valencia), Joaqu\u00edn (Betis), Antonio L\u00f3pez (Atl. Madrid) y Torres (Atl. Madrid); abajo Salgado (Real Madrid); Xavi (Barcelona), Vicente (Valencia), Ra\u00fal (Real Madrid) y Puyol (Barcelona).<\/p>\n<p>Dos goles de Fernando Torres decidieron un partido importante para la clasificaci\u00f3n para el Mundial.<\/p>\n<p>Joaqu\u00edn S\u00e1nchez disput\u00f3 aqu\u00ed su partido n\u00famero 35 como internacional, de los 51 que jug\u00f3, perteneciendo en 42 de ellos al Real Betis Balompi\u00e9.\u00a0\u00a0<\/p>","protected":false},"excerpt":{"rendered":"<p>8 de octubre de 2005 en el Estadio Rey Balduino de Bruselas B\u00e9lgica 0 Espa\u00f1a 2; partido de la fase de clasificaci\u00f3n para el Mundial de Alemania 2006. En la imagen arriba Casillas (Real Madrid), Marchena (Valencia), Albelda (Valencia), Joaqu\u00edn (Betis), Antonio L\u00f3pez (Atl. Madrid) y Torres (Atl. Madrid); abajo Salgado (Real Madrid); Xavi (Barcelona),&#8230;<\/p>\n","protected":false},"author":5,"featured_media":103222,"comment_status":"open","ping_status":"open","sticky":false,"template":"","format":"standard","meta":{"_kad_post_transparent":"","_kad_post_title":"","_kad_post_layout":"","_kad_post_sidebar_id":"","_kad_post_content_style":"","_kad_post_vertical_padding":"","_kad_post_feature":"","_kad_post_feature_position":"","_kad_post_header":false,"_kad_post_footer":false,"_kad_post_classname":"","_jetpack_memberships_contains_paid_content":false,"footnotes":"","jetpack_publicize_message":"","jetpack_publicize_feature_enabled":true,"jetpack_social_post_already_shared":true,"jetpack_social_options":{"image_generator_settings":{"template":"highway","default_image_id":0,"font":"","enabled":false},"version":2}},"categories":[4823,893,1],"tags":[1630,6859,3912,1586],"class_list":["post-103221","post","type-post","status-publish","format-standard","has-post-thumbnail","hentry","category-2000-2009","category-jugadores-temas","category-portada","tag-1630","tag-2005-06","tag-joaquin-sanchez","tag-seleccion-espanola"],"jetpack_publicize_connections":[],"jetpack_featured_media_url":"https:\/\/i0.wp.com\/www.manquepierda.com\/historiarealbetis\/files\/2025\/05\/509.-Belgica-0-Espana-2.jpg?fit=532%2C360&ssl=1","jetpack_sharing_enabled":true,"jetpack_shortlink":"https:\/\/wp.me\/p1ij08-qQR","jetpack-related-posts":[],"_links":{"self":[{"href":"https:\/\/www.manquepierda.com\/historiarealbetis\/wp-json\/wp\/v2\/posts\/103221","targetHints":{"allow":["GET"]}}],"collection":[{"href":"https:\/\/www.manquepierda.com\/historiarealbetis\/wp-json\/wp\/v2\/posts"}],"about":[{"href":"https:\/\/www.manquepierda.com\/historiarealbetis\/wp-json\/wp\/v2\/types\/post"}],"author":[{"embeddable":true,"href":"https:\/\/www.manquepierda.com\/historiarealbetis\/wp-json\/wp\/v2\/users\/5"}],"replies":[{"embeddable":true,"href":"https:\/\/www.manquepierda.com\/historiarealbetis\/wp-json\/wp\/v2\/comments?post=103221"}],"version-history":[{"count":2,"href":"https:\/\/www.manquepierda.com\/historiarealbetis\/wp-json\/wp\/v2\/posts\/103221\/revisions"}],"predecessor-version":[{"id":103224,"href":"https:\/\/www.manquepierda.com\/historiarealbetis\/wp-json\/wp\/v2\/posts\/103221\/revisions\/103224"}],"wp:featuredmedia":[{"embeddable":true,"href":"https:\/\/www.manquepierda.com\/historiarealbetis\/wp-json\/wp\/v2\/media\/103222"}],"wp:attachment":[{"href":"https:\/\/www.manquepierda.com\/historiarealbetis\/wp-json\/wp\/v2\/media?parent=103221"}],"wp:term":[{"taxonomy":"category","embeddable":true,"href":"https:\/\/www.manquepierda.com\/historiarealbetis\/wp-json\/wp\/v2\/categories?post=103221"},{"taxonomy":"post_tag","embeddable":true,"href":"https:\/\/www.manquepierda.com\/historiarealbetis\/wp-json\/wp\/v2\/tags?post=103221"}],"curies":[{"name":"wp","href":"https:\/\/api.w.org\/{rel}","templated":true}]}}