{"id":103225,"date":"2025-06-11T13:00:00","date_gmt":"2025-06-11T11:00:00","guid":{"rendered":"https:\/\/www.manquepierda.com\/historiarealbetis\/?p=103225"},"modified":"2025-05-26T12:49:52","modified_gmt":"2025-05-26T10:49:52","slug":"hoy-hace-30-anos-betis-2-sevilla-1","status":"publish","type":"post","link":"https:\/\/www.manquepierda.com\/historiarealbetis\/hoy-hace-30-anos-betis-2-sevilla-1\/","title":{"rendered":"Hoy hace 30 a\u00f1os. Betis 2 Sevilla 1."},"content":{"rendered":"<div class=\"wp-block-image\">\n<figure class=\"aligncenter size-large\"><img data-recalc-dims=\"1\" loading=\"lazy\" decoding=\"async\" width=\"960\" height=\"644\" src=\"https:\/\/i0.wp.com\/www.manquepierda.com\/historiarealbetis\/files\/2025\/05\/11-1995-Betis-2-Sevilla-1.jpg?resize=960%2C644&#038;ssl=1\" alt=\"\" class=\"wp-image-103226\" srcset=\"https:\/\/i0.wp.com\/www.manquepierda.com\/historiarealbetis\/files\/2025\/05\/11-1995-Betis-2-Sevilla-1.jpg?resize=960%2C644&amp;ssl=1 960w, https:\/\/i0.wp.com\/www.manquepierda.com\/historiarealbetis\/files\/2025\/05\/11-1995-Betis-2-Sevilla-1.jpg?resize=680%2C456&amp;ssl=1 680w, https:\/\/i0.wp.com\/www.manquepierda.com\/historiarealbetis\/files\/2025\/05\/11-1995-Betis-2-Sevilla-1.jpg?resize=220%2C148&amp;ssl=1 220w, https:\/\/i0.wp.com\/www.manquepierda.com\/historiarealbetis\/files\/2025\/05\/11-1995-Betis-2-Sevilla-1.jpg?resize=768%2C515&amp;ssl=1 768w, https:\/\/i0.wp.com\/www.manquepierda.com\/historiarealbetis\/files\/2025\/05\/11-1995-Betis-2-Sevilla-1.jpg?w=1125&amp;ssl=1 1125w\" sizes=\"auto, (max-width: 960px) 100vw, 960px\" \/><\/figure>\n<\/div>\n\n<p>\u00a0<\/p>\n<p><span style=\"color: #008000\">El 11 de junio de 1995 en el Villamar\u00edn el Betis derrota 2-1 al Sevilla en partido de la jornada 37 del Campeonato de Liga de Primera Divisi\u00f3n.<\/span><\/p>\n<p><span style=\"color: #008000\">Un partido decisivo para la clasificaci\u00f3n para la competici\u00f3n europea y en el que el Betis se impuso con tantos de Kowalczyk en el minuto 15 y Sabas en el 78, mientras que Tevenet marc\u00f3 para el Sevilla en el 83.<\/span><\/p>\n<p><span style=\"color: #008000\">El Betis, dirigido por Lorenzo Serra, aline\u00f3 a Jano; Jaime, Ol\u00edas, Vidakovic, Josete; Ca\u00f1as, Merino, Alexis, Stosic; Cu\u00e9llar (83, Aquino) y Kowalczyk (66, Sabas).<\/span><\/p>\n<p><span style=\"color: #008000\">El Sevilla, entrenado por Luis Aragon\u00e9s, form\u00f3 con Unzu\u00e9; Martag\u00f3n, Juanito, Jim\u00e9nez, Cortijo (70, Estebaranz); Moacir, Rafa Paz, Soler, Bango (53, Tevenet); Monchu y Moya.<\/span><\/p>","protected":false},"excerpt":{"rendered":"<p>\u00a0 El 11 de junio de 1995 en el Villamar\u00edn el Betis derrota 2-1 al Sevilla en partido de la jornada 37 del Campeonato de Liga de Primera Divisi\u00f3n. Un partido decisivo para la clasificaci\u00f3n para la competici\u00f3n europea y en el que el Betis se impuso con tantos de Kowalczyk en el minuto 15&#8230;<\/p>\n","protected":false},"author":5,"featured_media":103226,"comment_status":"open","ping_status":"open","sticky":false,"template":"","format":"standard","meta":{"_kad_post_transparent":"","_kad_post_title":"","_kad_post_layout":"","_kad_post_sidebar_id":"","_kad_post_content_style":"","_kad_post_vertical_padding":"","_kad_post_feature":"","_kad_post_feature_position":"","_kad_post_header":false,"_kad_post_footer":false,"_kad_post_classname":"","_jetpack_memberships_contains_paid_content":false,"footnotes":"","jetpack_publicize_message":"","jetpack_publicize_feature_enabled":true,"jetpack_social_post_already_shared":true,"jetpack_social_options":{"image_generator_settings":{"template":"highway","default_image_id":0,"font":"","enabled":false},"version":2}},"categories":[905,14583,1],"tags":[2459,17863,916],"class_list":["post-103225","post","type-post","status-publish","format-standard","has-post-thumbnail","hentry","category-1990-1999","category-efemerides","category-portada","tag-2459","tag-liga-primera-1994-95","tag-sevilla-fc"],"jetpack_publicize_connections":[],"jetpack_featured_media_url":"https:\/\/i0.wp.com\/www.manquepierda.com\/historiarealbetis\/files\/2025\/05\/11-1995-Betis-2-Sevilla-1.jpg?fit=1125%2C755&ssl=1","jetpack_sharing_enabled":true,"jetpack_shortlink":"https:\/\/wp.me\/p1ij08-qQV","jetpack-related-posts":[],"_links":{"self":[{"href":"https:\/\/www.manquepierda.com\/historiarealbetis\/wp-json\/wp\/v2\/posts\/103225","targetHints":{"allow":["GET"]}}],"collection":[{"href":"https:\/\/www.manquepierda.com\/historiarealbetis\/wp-json\/wp\/v2\/posts"}],"about":[{"href":"https:\/\/www.manquepierda.com\/historiarealbetis\/wp-json\/wp\/v2\/types\/post"}],"author":[{"embeddable":true,"href":"https:\/\/www.manquepierda.com\/historiarealbetis\/wp-json\/wp\/v2\/users\/5"}],"replies":[{"embeddable":true,"href":"https:\/\/www.manquepierda.com\/historiarealbetis\/wp-json\/wp\/v2\/comments?post=103225"}],"version-history":[{"count":1,"href":"https:\/\/www.manquepierda.com\/historiarealbetis\/wp-json\/wp\/v2\/posts\/103225\/revisions"}],"predecessor-version":[{"id":103227,"href":"https:\/\/www.manquepierda.com\/historiarealbetis\/wp-json\/wp\/v2\/posts\/103225\/revisions\/103227"}],"wp:featuredmedia":[{"embeddable":true,"href":"https:\/\/www.manquepierda.com\/historiarealbetis\/wp-json\/wp\/v2\/media\/103226"}],"wp:attachment":[{"href":"https:\/\/www.manquepierda.com\/historiarealbetis\/wp-json\/wp\/v2\/media?parent=103225"}],"wp:term":[{"taxonomy":"category","embeddable":true,"href":"https:\/\/www.manquepierda.com\/historiarealbetis\/wp-json\/wp\/v2\/categories?post=103225"},{"taxonomy":"post_tag","embeddable":true,"href":"https:\/\/www.manquepierda.com\/historiarealbetis\/wp-json\/wp\/v2\/tags?post=103225"}],"curies":[{"name":"wp","href":"https:\/\/api.w.org\/{rel}","templated":true}]}}