{"id":103248,"date":"2025-06-13T13:00:00","date_gmt":"2025-06-13T11:00:00","guid":{"rendered":"https:\/\/www.manquepierda.com\/historiarealbetis\/?p=103248"},"modified":"2025-05-31T20:07:38","modified_gmt":"2025-05-31T18:07:38","slug":"hoy-hace-20-anos-recepcion-en-el-ayuntamiento","status":"publish","type":"post","link":"https:\/\/www.manquepierda.com\/historiarealbetis\/hoy-hace-20-anos-recepcion-en-el-ayuntamiento\/","title":{"rendered":"Hoy hace 20 a\u00f1os. Recepci\u00f3n en el Ayuntamiento."},"content":{"rendered":"<div class=\"wp-block-image\">\n<figure class=\"aligncenter size-large\"><img data-recalc-dims=\"1\" loading=\"lazy\" decoding=\"async\" width=\"931\" height=\"700\" src=\"https:\/\/i0.wp.com\/www.manquepierda.com\/historiarealbetis\/files\/2025\/05\/13-2005-Recepcion-en-el-Ayuntamiento-.jpg?resize=931%2C700&#038;ssl=1\" alt=\"\" class=\"wp-image-103249\" srcset=\"https:\/\/i0.wp.com\/www.manquepierda.com\/historiarealbetis\/files\/2025\/05\/13-2005-Recepcion-en-el-Ayuntamiento--scaled.jpg?resize=931%2C700&amp;ssl=1 931w, https:\/\/i0.wp.com\/www.manquepierda.com\/historiarealbetis\/files\/2025\/05\/13-2005-Recepcion-en-el-Ayuntamiento--scaled.jpg?resize=680%2C511&amp;ssl=1 680w, https:\/\/i0.wp.com\/www.manquepierda.com\/historiarealbetis\/files\/2025\/05\/13-2005-Recepcion-en-el-Ayuntamiento--scaled.jpg?resize=220%2C165&amp;ssl=1 220w, https:\/\/i0.wp.com\/www.manquepierda.com\/historiarealbetis\/files\/2025\/05\/13-2005-Recepcion-en-el-Ayuntamiento--scaled.jpg?resize=768%2C578&amp;ssl=1 768w, https:\/\/i0.wp.com\/www.manquepierda.com\/historiarealbetis\/files\/2025\/05\/13-2005-Recepcion-en-el-Ayuntamiento--scaled.jpg?resize=1536%2C1155&amp;ssl=1 1536w, https:\/\/i0.wp.com\/www.manquepierda.com\/historiarealbetis\/files\/2025\/05\/13-2005-Recepcion-en-el-Ayuntamiento--scaled.jpg?resize=2048%2C1540&amp;ssl=1 2048w\" sizes=\"auto, (max-width: 931px) 100vw, 931px\" \/><\/figure>\n<\/div>\n\n<p>\u00a0<\/p>\n<p><span style=\"color: #008000\">El 13 de junio de 2005 es recibido oficialmente en el Ayuntamiento de Sevilla el Real Betis Balompi\u00e9, con motivo de la victoria en la Copa conseguida 2 d\u00edas antes en el Calder\u00f3n frente al Atl\u00e9tico Osasuna.<\/span><\/p>\n<p><span style=\"color: #008000\">Antes unos 15 mil aficionados congregados la expedici\u00f3n b\u00e9tica lleg\u00f3 a la Plaza Nueva procedente de la de San Lorenzo, donde hab\u00eda acudido previamente a visitar al Gran Poder.<\/span><\/p>\n<p><span style=\"color: #008000\">Los jugadores y directivos b\u00e9ticos salieron al balc\u00f3n del Ayuntamiento para ofrecer la Copa a la afici\u00f3n, entre el delirio de los all\u00ed concentrados.\u00a0 \u00a0<\/span><\/p>\n<p>\u00a0<\/p>","protected":false},"excerpt":{"rendered":"<p>\u00a0 El 13 de junio de 2005 es recibido oficialmente en el Ayuntamiento de Sevilla el Real Betis Balompi\u00e9, con motivo de la victoria en la Copa conseguida 2 d\u00edas antes en el Calder\u00f3n frente al Atl\u00e9tico Osasuna. Antes unos 15 mil aficionados congregados la expedici\u00f3n b\u00e9tica lleg\u00f3 a la Plaza Nueva procedente de la&#8230;<\/p>\n","protected":false},"author":5,"featured_media":103249,"comment_status":"open","ping_status":"open","sticky":false,"template":"","format":"standard","meta":{"_kad_post_transparent":"","_kad_post_title":"","_kad_post_layout":"","_kad_post_sidebar_id":"","_kad_post_content_style":"","_kad_post_vertical_padding":"","_kad_post_feature":"","_kad_post_feature_position":"","_kad_post_header":false,"_kad_post_footer":false,"_kad_post_classname":"","_jetpack_memberships_contains_paid_content":false,"footnotes":"","jetpack_publicize_message":"","jetpack_publicize_feature_enabled":true,"jetpack_social_post_already_shared":true,"jetpack_social_options":{"image_generator_settings":{"template":"highway","default_image_id":0,"font":"","enabled":false},"version":2}},"categories":[4823,14583,1],"tags":[1630,4021,17840],"class_list":["post-103248","post","type-post","status-publish","format-standard","has-post-thumbnail","hentry","category-2000-2009","category-efemerides","category-portada","tag-1630","tag-ayuntamiento-de-sevilla","tag-copa-2004-05"],"jetpack_publicize_connections":[],"jetpack_featured_media_url":"https:\/\/i0.wp.com\/www.manquepierda.com\/historiarealbetis\/files\/2025\/05\/13-2005-Recepcion-en-el-Ayuntamiento--scaled.jpg?fit=2560%2C1925&ssl=1","jetpack_sharing_enabled":true,"jetpack_shortlink":"https:\/\/wp.me\/p1ij08-qRi","jetpack-related-posts":[],"_links":{"self":[{"href":"https:\/\/www.manquepierda.com\/historiarealbetis\/wp-json\/wp\/v2\/posts\/103248","targetHints":{"allow":["GET"]}}],"collection":[{"href":"https:\/\/www.manquepierda.com\/historiarealbetis\/wp-json\/wp\/v2\/posts"}],"about":[{"href":"https:\/\/www.manquepierda.com\/historiarealbetis\/wp-json\/wp\/v2\/types\/post"}],"author":[{"embeddable":true,"href":"https:\/\/www.manquepierda.com\/historiarealbetis\/wp-json\/wp\/v2\/users\/5"}],"replies":[{"embeddable":true,"href":"https:\/\/www.manquepierda.com\/historiarealbetis\/wp-json\/wp\/v2\/comments?post=103248"}],"version-history":[{"count":2,"href":"https:\/\/www.manquepierda.com\/historiarealbetis\/wp-json\/wp\/v2\/posts\/103248\/revisions"}],"predecessor-version":[{"id":103251,"href":"https:\/\/www.manquepierda.com\/historiarealbetis\/wp-json\/wp\/v2\/posts\/103248\/revisions\/103251"}],"wp:featuredmedia":[{"embeddable":true,"href":"https:\/\/www.manquepierda.com\/historiarealbetis\/wp-json\/wp\/v2\/media\/103249"}],"wp:attachment":[{"href":"https:\/\/www.manquepierda.com\/historiarealbetis\/wp-json\/wp\/v2\/media?parent=103248"}],"wp:term":[{"taxonomy":"category","embeddable":true,"href":"https:\/\/www.manquepierda.com\/historiarealbetis\/wp-json\/wp\/v2\/categories?post=103248"},{"taxonomy":"post_tag","embeddable":true,"href":"https:\/\/www.manquepierda.com\/historiarealbetis\/wp-json\/wp\/v2\/tags?post=103248"}],"curies":[{"name":"wp","href":"https:\/\/api.w.org\/{rel}","templated":true}]}}