{"id":103332,"date":"2025-06-12T11:00:00","date_gmt":"2025-06-12T09:00:00","guid":{"rendered":"https:\/\/www.manquepierda.com\/historiarealbetis\/?p=103332"},"modified":"2025-08-19T09:11:37","modified_gmt":"2025-08-19T07:11:37","slug":"la-temporada-1997-98","status":"publish","type":"post","link":"https:\/\/www.manquepierda.com\/historiarealbetis\/la-temporada-1997-98\/","title":{"rendered":"La temporada 1997-98."},"content":{"rendered":"<div class=\"wp-block-image\">\n<figure class=\"aligncenter size-large\"><img data-recalc-dims=\"1\" loading=\"lazy\" decoding=\"async\" width=\"960\" height=\"595\" src=\"https:\/\/i0.wp.com\/www.manquepierda.com\/historiarealbetis\/files\/2025\/06\/Temporada-1997-98.jpg?resize=960%2C595&#038;ssl=1\" alt=\"\" class=\"wp-image-103333\" srcset=\"https:\/\/i0.wp.com\/www.manquepierda.com\/historiarealbetis\/files\/2025\/06\/Temporada-1997-98.jpg?resize=960%2C595&amp;ssl=1 960w, https:\/\/i0.wp.com\/www.manquepierda.com\/historiarealbetis\/files\/2025\/06\/Temporada-1997-98.jpg?resize=680%2C421&amp;ssl=1 680w, https:\/\/i0.wp.com\/www.manquepierda.com\/historiarealbetis\/files\/2025\/06\/Temporada-1997-98.jpg?resize=220%2C136&amp;ssl=1 220w, https:\/\/i0.wp.com\/www.manquepierda.com\/historiarealbetis\/files\/2025\/06\/Temporada-1997-98.jpg?resize=768%2C476&amp;ssl=1 768w, https:\/\/i0.wp.com\/www.manquepierda.com\/historiarealbetis\/files\/2025\/06\/Temporada-1997-98.jpg?w=1191&amp;ssl=1 1191w\" sizes=\"auto, (max-width: 960px) 100vw, 960px\" \/><\/figure>\n<\/div>\n\n<p><span style=\"color: #008000\">El 28 de julio de 1997 se inici\u00f3 la temporada con la presentaci\u00f3n en el Villamar\u00edn de la primera plantilla ante unos 47 mil espectadores. El 30 de julio se iniciaba la concentraci\u00f3n en la localidad neerlandesa de Noordwijkerhout, que se extender\u00eda hasta el 10 de agosto.<\/span><\/p>\n<p><span style=\"color: #008000\">La gran novedad en la plantilla b\u00e9tica era el entrenador Luis Aragon\u00e9s, quien a sus 59 a\u00f1os iniciaba su segunda experiencia en el banquillo b\u00e9tico, tras el fallido intento de 1981.<\/span><\/p>\n<p><span style=\"color: #008000\">En la plantilla se produjeron las bajas de Roberto R\u00edos (Athletic), Pier (Zaragoza), Jaro (Atl\u00e9tico Madrid), Sabas (M\u00e9rida) y Redondo (cedido el H\u00e9rcules); llegaron Otero (Valencia), Soloz\u00e1bal (Atl\u00e9tico Madrid), Fernando (Valladolid), Oli (Oviedo), Valerio (Albacete), Pinto (Betis B), Cu\u00e9llar (Barcelona) e Iv\u00e1n P\u00e9rez (Real Madrid B).<\/span><\/p>\n<p><span style=\"color: #008000\">En el mercado de invierno se produjeron las salidas de Kowalczyck y Bjelica, ambos a la UD Las Palmas.<\/span><\/p>\n<p><span style=\"color: #008000\">En los Pa\u00edses Bajos se juegan 4 partidos, con victorias ante el VVSB (0-5), Stormvogels (0-4) y ADO Den Haag (1-4) y derrota 3-1 ante el PSV Eindhoven. Ya de regreso se juegan otros amistosos ante el Sporting en Gij\u00f3n con victoria 1-3, Rote\u00f1a con triunfo 0-4, Valladolid en el Trofeo Ciudad de La L\u00ednea con derrota 0-1, Espanyol en Montjuic 1-1 y Athletic en San Mam\u00e9s 2-2.\u00a0<\/span><\/p>\n<p><span style=\"color: #008000\">Este a\u00f1o el Betis disput\u00f3 3 competiciones oficiales: la Liga de Primera Divisi\u00f3n, la Copa y la Recopa europea.<\/span><\/p>\n<p><span style=\"color: #008000\">La Liga se inici\u00f3 el 1 de septiembre en el Nuevo Zorrilla ante el Valladolid y finaliz\u00f3 el 15 de mayo en el Bernab\u00e9u ante el Real Madrid. El Betis finaliz\u00f3 en octava posici\u00f3n con 59 puntos, 17 partidos ganados, 8 empates y 13 derrotas, 49 goles a favor y 50 en contra. Toda la temporada se estuvo en posiciones intermedias en la tabla, consigui\u00e9ndose\u00a0 clasificaci\u00f3n para la UEFA.<\/span><\/p>\n<p><span style=\"color: #008000\">En la Copa se elimin\u00f3 a la Real Sociedad, para caer ante el Zaragoza en los cuartos de final. En la Recopa se dej\u00f3 en la cuneta al BVSC Budapest y Kobenhavn, siendo eliminados en cuartos de final por el Chelsea.\u00a0<\/span> \u00a0<\/p>\n<p><span style=\"color: #008000\">En l\u00edneas generales una temporada media, con el objetivo de la clasificaci\u00f3n europea conseguido, pero con una clasificaci\u00f3n corta para el potencial del equipo, y unas eliminaciones en Copa y Recopa en cuartos de final que se antojaron escasas.\u00a0<\/span><\/p>\n<p><span style=\"color: #008000\">24 fueron los jugadores utilizados en los 48 partidos de competici\u00f3n oficial: Prats (45), Oli (45), Finidi (43), Alexis (42), Alfonso (41), Fernando (38), Merino (38), Jarni (37), Ca\u00f1as (35), Soloz\u00e1bal (35), Ol\u00edas (32), Nadj (31), M\u00e1rquez (27), Otero (25), Vidakovic (25), Jaime (23), Iv\u00e1n P\u00e9rez (22), Cu\u00e9llar (20), Ure\u00f1a (19), Luis Fern\u00e1ndez (17), Bjelica (5), Valerio (4), Josete (3) y Pinto (1).<\/span><\/p>\n<p><span style=\"color: #008000\">Los goles del Betis en competici\u00f3n oficial los marcaron Alfonso (15), Finidi (12), Oli (11), Jarni (6), Alexis (5), Ca\u00f1as (3), Vidakovic (2), Fernando (2), Ol\u00edas (1), Ure\u00f1a (1), Cu\u00e9llar (1), M\u00e1rquez (1), Nadj (1) e Iv\u00e1n P\u00e9rez (1).<\/span><\/p>\n<p><span style=\"color: #008000\">Con la selecci\u00f3n absoluta jugaron Oli (2 partidos), Fernando (2 partidos) y Alfonso (7 partidos).<\/span><\/p>\n<p><span style=\"color: #008000\">El filial b\u00e9tico, el Betis B, militaba en el grupo IV de la Segunda Divisi\u00f3n B a las \u00f3rdenes de Jos\u00e9 Ram\u00f3n Esnaola. Se clasific\u00f3 en la posici\u00f3n 12, con 46 puntos, 13 partidos ganados, 7 empates y 18 derrotas, 45 goles a favor y 61 en contra.\u00a0<\/span><\/p>\n<p><span style=\"color: #008000\">El equipo juvenil que dirig\u00eda Miguel Valenzuela se proclam\u00f3 campe\u00f3n de Copa en la final disputada en Toledo contra el Alav\u00e9s el 28 de junio de 1998, al imponerse en la tanda de penaltis tras el empate a 0 inicial.\u00a0<\/span><\/p>\n<p><span style=\"color: #008000\">En la presidencia de la entidad estaba Manuel Ruiz de Lopera que, a sus 53 a\u00f1os, encaraba su segunda temporada como presidente. La Junta de Accionistas de la sociedad se celebr\u00f3 el 19 de diciembre de 1997 en el Hotel Meli\u00e1, y en ella se present\u00f3 un super\u00e1vit de 133 millones de pesetas en la campa\u00f1a 1996-97, as\u00ed como un presupuesto de 2.550 millones de pesetas para la 1997-98. La pol\u00e9mica se centr\u00f3 en el inter\u00e9s del m\u00e1ximo accionista de eliminar la Federaci\u00f3n de Pe\u00f1as B\u00e9ticas, lo que provoc\u00f3 la protesta de numerosos pe\u00f1istas presentes en la junta.\u00a0 \u00a0 \u00a0 \u00a0<\/span><\/p>\n<p><span style=\"color: #008000\">Otras noticias importantes de la temporada fueron la inauguraci\u00f3n de la Ciudad Deportiva Manuel Ruiz de Lopera en diciembre, el fichaje de Denilson en agosto, aunque no se incorporar\u00eda al Betis hasta la siguiente temporada, la disoluci\u00f3n de la Federaci\u00f3n de Pe\u00f1as B\u00e9ticas y su sustituci\u00f3n por una Coordinadora nombrada por el club en marzo de 1998 o el derribo de la grada de Gol Norte en abril, que supuso el inicio de las obras de construcci\u00f3n de las nuevas tribunas de Fondo y Gol Norte.\u00a0<\/span>\u00a0<\/p>\n<p><span style=\"color: #008000\">A lo largo de la temporada nacieron nuevas pe\u00f1as b\u00e9ticas como las de Don Manuel en Guadajoz, Alameda, Sant Andreu de la Barca, Juan Merino en Villanueva del R\u00edo y Minas, Campillos, \u00c1ngel Cu\u00e9llar en Sevilla, Juan Merino en Villamanrique de la Condesa, C\u00f3rdoba, La M\u00e1quina de Son Servera, Palmones en Los Barrios, Sierra del Agua en Guadalcanal, La Llagosta en Barcelona y Manuel Ruiz de Lopera en Cazalla de la Sierra.<\/span><\/p>\n\n\n<p><\/p>\n","protected":false},"excerpt":{"rendered":"<p>El 28 de julio de 1997 se inici\u00f3 la temporada con la presentaci\u00f3n en el Villamar\u00edn de la primera plantilla ante unos 47 mil espectadores. El 30 de julio se iniciaba la concentraci\u00f3n en la localidad neerlandesa de Noordwijkerhout, que se extender\u00eda hasta el 10 de agosto. La gran novedad en la plantilla b\u00e9tica era&#8230;<\/p>\n","protected":false},"author":5,"featured_media":103333,"comment_status":"open","ping_status":"open","sticky":false,"template":"","format":"standard","meta":{"_kad_post_transparent":"","_kad_post_title":"","_kad_post_layout":"","_kad_post_sidebar_id":"","_kad_post_content_style":"","_kad_post_vertical_padding":"","_kad_post_feature":"","_kad_post_feature_position":"","_kad_post_header":false,"_kad_post_footer":false,"_kad_post_classname":"","_jetpack_memberships_contains_paid_content":false,"footnotes":"","jetpack_publicize_message":"","jetpack_publicize_feature_enabled":true,"jetpack_social_post_already_shared":true,"jetpack_social_options":{"image_generator_settings":{"template":"highway","default_image_id":0,"font":"","enabled":false},"version":2}},"categories":[905,906,1],"tags":[4389,17814,17811,17810,17815],"class_list":["post-103332","post","type-post","status-publish","format-standard","has-post-thumbnail","hentry","category-1990-1999","category-investigacion-temas","category-portada","tag-1997-98","tag-copa-1997-98","tag-liga-primera-1997-98","tag-liga-segunda-b-1997-98","tag-recopa-1997-98"],"jetpack_publicize_connections":[],"jetpack_featured_media_url":"https:\/\/i0.wp.com\/www.manquepierda.com\/historiarealbetis\/files\/2025\/06\/Temporada-1997-98.jpg?fit=1191%2C738&ssl=1","jetpack_sharing_enabled":true,"jetpack_shortlink":"https:\/\/wp.me\/p1ij08-qSE","jetpack-related-posts":[],"_links":{"self":[{"href":"https:\/\/www.manquepierda.com\/historiarealbetis\/wp-json\/wp\/v2\/posts\/103332","targetHints":{"allow":["GET"]}}],"collection":[{"href":"https:\/\/www.manquepierda.com\/historiarealbetis\/wp-json\/wp\/v2\/posts"}],"about":[{"href":"https:\/\/www.manquepierda.com\/historiarealbetis\/wp-json\/wp\/v2\/types\/post"}],"author":[{"embeddable":true,"href":"https:\/\/www.manquepierda.com\/historiarealbetis\/wp-json\/wp\/v2\/users\/5"}],"replies":[{"embeddable":true,"href":"https:\/\/www.manquepierda.com\/historiarealbetis\/wp-json\/wp\/v2\/comments?post=103332"}],"version-history":[{"count":7,"href":"https:\/\/www.manquepierda.com\/historiarealbetis\/wp-json\/wp\/v2\/posts\/103332\/revisions"}],"predecessor-version":[{"id":104331,"href":"https:\/\/www.manquepierda.com\/historiarealbetis\/wp-json\/wp\/v2\/posts\/103332\/revisions\/104331"}],"wp:featuredmedia":[{"embeddable":true,"href":"https:\/\/www.manquepierda.com\/historiarealbetis\/wp-json\/wp\/v2\/media\/103333"}],"wp:attachment":[{"href":"https:\/\/www.manquepierda.com\/historiarealbetis\/wp-json\/wp\/v2\/media?parent=103332"}],"wp:term":[{"taxonomy":"category","embeddable":true,"href":"https:\/\/www.manquepierda.com\/historiarealbetis\/wp-json\/wp\/v2\/categories?post=103332"},{"taxonomy":"post_tag","embeddable":true,"href":"https:\/\/www.manquepierda.com\/historiarealbetis\/wp-json\/wp\/v2\/tags?post=103332"}],"curies":[{"name":"wp","href":"https:\/\/api.w.org\/{rel}","templated":true}]}}