{"id":103336,"date":"2025-06-14T11:00:00","date_gmt":"2025-06-14T09:00:00","guid":{"rendered":"https:\/\/www.manquepierda.com\/historiarealbetis\/?p=103336"},"modified":"2025-06-14T09:46:52","modified_gmt":"2025-06-14T07:46:52","slug":"los-jugadores-de-la-2024-25-en-la-clasificacion-historica","status":"publish","type":"post","link":"https:\/\/www.manquepierda.com\/historiarealbetis\/los-jugadores-de-la-2024-25-en-la-clasificacion-historica\/","title":{"rendered":"Los jugadores de la 2024-25 en la clasificaci\u00f3n hist\u00f3rica."},"content":{"rendered":"<div class=\"wp-block-image\">\n<figure class=\"aligncenter size-full\"><img data-recalc-dims=\"1\" loading=\"lazy\" decoding=\"async\" width=\"612\" height=\"400\" src=\"https:\/\/i0.wp.com\/www.manquepierda.com\/historiarealbetis\/files\/2025\/06\/Fiorentina-Betis-Conference-2025-celebracion-final-2.jpg?resize=612%2C400&#038;ssl=1\" alt=\"\" class=\"wp-image-103337\" srcset=\"https:\/\/i0.wp.com\/www.manquepierda.com\/historiarealbetis\/files\/2025\/06\/Fiorentina-Betis-Conference-2025-celebracion-final-2.jpg?w=612&amp;ssl=1 612w, https:\/\/i0.wp.com\/www.manquepierda.com\/historiarealbetis\/files\/2025\/06\/Fiorentina-Betis-Conference-2025-celebracion-final-2.jpg?resize=220%2C144&amp;ssl=1 220w\" sizes=\"auto, (max-width: 612px) 100vw, 612px\" \/><\/figure>\n<\/div>\n\n<p>Como ya conocen los lectores habituales de Manquepierda aqu\u00ed llevamos una clasificaci\u00f3n hist\u00f3rica con todos los futbolistas (1.149) que han jugado en competici\u00f3n oficial con el Real Betis Balompi\u00e9 desde 1915 hasta nuestros d\u00edas.\u00a0\u00a0<\/p>\n<p>Cada dos a\u00f1os damos c\u00f3mo marcha esa clasificaci\u00f3n hist\u00f3rica y\u00a0<a href=\"https:\/\/www.manquepierda.com\/historiarealbetis\/y-joaquin-adelanto-a-cardenosa\/\"><strong>aqu\u00ed <\/strong><\/a>se puede encontrar la entrada publicada el pasado 9 de agosto de 2024, en la que se detalla c\u00f3mo se elabora la clasificaci\u00f3n, el sistema de puntuaci\u00f3n y la relaci\u00f3n de los primeros 100 jugadores en esa clasificaci\u00f3n hist\u00f3rica.\u00a0<\/p>\n<p>Hoy vamos a dar otra informaci\u00f3n, la referida a los 37 jugadores que participaron en competici\u00f3n oficial en la temporada 2024-25, y c\u00f3mo han evolucionado en la clasificaci\u00f3n hist\u00f3rica.<\/p>\n<p><strong>Rui Silva.<\/strong> Jug\u00f3 17 partidos de competici\u00f3n oficial (15 de Liga y 2 de Conference), sumando 12,205 puntos. Pas\u00f3 del puesto 154 al 127.<\/p>\n<p><strong>H\u00e9ctor Beller\u00edn.<\/strong> Intervino en 13 partidos (9 de Liga y 4 de Conference), sumando 5,960 puntos. Pas\u00f3 del puesto 237 al 215.<\/p>\n<p><strong>Diego Llorente.<\/strong> Particip\u00f3 en 42 encuentros (30 de Liga, 2 de Copa y 10 de Conference), marcando 2 goles en Liga, y sumando 27, 726 puntos. Pas\u00f3 al puesto 361.<\/p>\n<p><strong>Johnny Cardoso<\/strong>. Jug\u00f3 46 partidos (28 de Liga, 3 de Copa y 15 de Conference), marcando 4 goles (3 en Liga y 1 en Conference) y sumando 36,152 puntos. Pas\u00f3 del puesto 523 al 223.<\/p>\n<p><strong>Marc Bartra.<\/strong> Intervino en 37 partidos (25 de Liga, 2 de Copa y 10 de Conference), marcando 3 goles (2 en Liga y 1 en Copa) y sumando 32,918 puntos. Pas\u00f3 del puesto 81 al 52.<\/p>\n<p><strong>Natan de Souza. <\/strong>Intervino en 52 encuentros (31 de Liga, 4 de Copa y 17 de Conference), marcando 2 goles (1 en Liga y 1 en Conference) y sumando 37,386 puntos. Pas\u00f3 al puesto 294.\u00a0<\/p>\n<p><strong>Juan Miguel Jim\u00e9nez \u00abJuanmi\u00bb.<\/strong> Intervino en 19 partidos (11 de Liga, 2 de Copa y 6 de Conference), marcando 2 goles (1 en Copa y 1 en Conference), y sumando 4,727 puntos. Pas\u00f3 del puesto 133 al 125.<\/p>\n<p><strong>Antony dos Santos.<\/strong>\u00a0 Disput\u00f3 26 partidos (17 de Liga y 9 de Conference), haciendo 9 goles (5 en Liga y 4 en Conference), y sumando 33,257 puntos. Pas\u00f3 al puesto 319.<\/p>\n<p><strong>Nabil Fekir.<\/strong> Jug\u00f3 3 encuentros (2 de Liga y 1 de Conference), sumando 1,776 puntos. Se mantuvo en el puesto 64.\u00a0<\/p>\n<p><strong>Vitor Roque.<\/strong> Intervino en 33 partidos (22 de Liga, 4 de Copa y 7 de Conference), marcando 7 goles (4 en Liga y 3 en Copa), y sumando 18,564 puntos. Pas\u00f3 al puesto 465.<\/p>\n<p><strong>Chimy \u00c1vila.<\/strong> Particip\u00f3 en 32 encuentros ( 19 de Liga, 2 de Copa y 11 de Conference)\u00a0 marcando 4 goles (2 en Liga, 1 en Copa y 1 en Conference), sumando 12, 017 puntos. Pas\u00f3 del puesto 748 al 495.<\/p>\n<p><strong>Abde Ezzalzouli.<\/strong> Disput\u00f3 49 partidos (32 de Liga, 2 de Copa, y 15 de Conference), marcando 9 goles ( 2 en Liga, 1 en Copa y 6 en Conference), sumando 34,130 puntos. Pas\u00f3 del puesto 529 al 231.<\/p>\n<p><strong>Cedric Bakambu.<\/strong> Intervino en 42 partidos (25 de Liga, 3 de Copa y 14 de Conference), marcando 10 goles (2 en Liga, 1 en Copa y 7 en Conference) y sumando 27,565 puntos. Pas\u00f3 al puesto 773 al 337.<\/p>\n<p><strong>Ricardo Rodr\u00edguez<\/strong>. Jug\u00f3 33 partidos (18 de Liga, 3 de Copa y 12 de Conference), sumando 20,330 puntos. Pas\u00f3 al puesto 435.<\/p>\n<p><strong>Adri\u00e1n San Miguel.<\/strong> Intervino en 26 partidos (19 de Liga y 7 de Conference), sumando 22,688 puntos. Pas\u00f3 del puesto 374 al 229.<\/p>\n<p><strong>William Carvalho<\/strong>. Jug\u00f3 15 encuentros (14 de Liga y 1 de Conference), sumando 4,258 puntos. Pas\u00f3 del puesto 77 al 76.<\/p>\n<p><strong>Romain Perroud.<\/strong> \u00a0Particip\u00f3 en 41 encuentros (28 de Liga, 3 de Copa y 10 de Conference), marcando 2 goles en Liga y sumando 27,633 puntos. Pas\u00f3 al puesto 364.<\/p>\n<p><strong>Sergi Altimira.<\/strong> Intervino en 53 partidos (32 de Liga, 4 de Copa y 17 de Conference), marcando 2 goles (1 en Liga y 1 en Conference) y sumando 24,368 puntos. Pas\u00f3 del puesto 657 al 329.<\/p>\n<p><strong>Rodrigo S\u00e1nchez \u00abRodri\u00bb.<\/strong> Disput\u00f3 5 partidos (3 de Liga y 2 de Conference), marcando 1 gol en Conference y sumando 2,477 puntos. Pas\u00f3 del puesto 225 al 222.<\/p>\n<p><strong>Pablo Fornals.<\/strong> Intervino en 38 partidos\u00a0 (26 de Liga, 1 de Copa y 11 de Conference) marcando 2 goles en Liga y sumando 29,688 puntos. Pas\u00f3 del puesto 526 al 261.<\/p>\n<p><strong>Iker Losada<\/strong>. Particip\u00f3 en 15 encuentros (10 de Liga, 3 de Copa y 2 de Conference) , sumando 3,920 puntos. Pas\u00f3 al puesto 748.<\/p>\n<p><strong>Cucho Hern\u00e1ndez.<\/strong> Disput\u00f3 15 partidos de Liga, marcando 5 goles y sumando 15,061 puntos. Pas\u00f3 al puesto 507.<\/p>\n<p><strong>Giovanni Lo Celso.<\/strong> Jug\u00f3 34 partidos (25 de Liga, 2 de Copa y 7 de Conference), marcando 9 goles (8 en Liga y 1 en Conference), sumando 26,091 puntos. Pas\u00f3 del puesto 250 al 156.\u00a0<\/p>\n<p><strong>Marc Roca.<\/strong> Intervino en 17 encuentros (14 de Liga y 3 de Conference), marcando 2 goles en Liga, y sumando 10,491 puntos. Pas\u00f3 del puesto 387 al 310.<\/p>\n<p><strong>Isco Alarc\u00f3n.<\/strong> Particip\u00f3 en 33 partidos (22 de Liga, 2 de Copa y 9 de Conference), marcando 12 goles (9 en Liga, 1 en Copa y 2 en Conference), y sumando 37,069 puntos. Pas\u00f3 del puesto 319 al 160.<\/p>\n<p><strong>Youssouf Sabaly.<\/strong> Disput\u00f3 34 encuentros (22 de Liga, 4 de Copa y 8 de Conference) sumando 25,352 puntos. Pas\u00f3 del puesto 268 al 163.<\/p>\n<p><strong>Aitor Ruibal.<\/strong> Jug\u00f3 45 partidos (29 de Liga, 2 de Copa y 14 de Conference), marcando 2 goles (1 en Liga y 1 en Conference), y sumando 19,930 puntos. Pas\u00f3 del puesto 160 al 120.<\/p>\n<p><strong>Fran Vieites.<\/strong> Disput\u00f3 16 encuentros ( 4 de Liga, 4 de Copa y 8 de Conference), sumando 11,708 puntos. Pas\u00f3 del puesto 777 al 519.<\/p>\n<p><strong>Nobel Mendy.<\/strong> Jug\u00f3 5 partidos (2 de Liga, 1 de Copa y 2 de Conference) sumando 2,35 puntos. Pas\u00f3 del puesto 997 al 787.<\/p>\n<p><strong>Carlos Guirao.<\/strong> Jug\u00f3 3 partidos (2 de Liga y 1 de Copa), sumando 1,010 puntos. Pas\u00f3 al puesto 917.\u00a0<\/p>\n<p><strong>Jes\u00fas Rodr\u00edguez.<\/strong> Intervino en 32 partidos (21 de Liga, 3 de Copa y 8 de Conference), marcando 3 goles (2 en Liga y 1 en Conference) sumando 18,906 puntos. Pas\u00f3 al puesto 457.<\/p>\n<p><strong>Dani P\u00e9rez.<\/strong> Particip\u00f3 en 2 encuentros de Conference, sumando 0,146 puntos. Pas\u00f3 del puesto 1.103 al 1.052.<\/p>\n<p><strong>Assane Diao<\/strong>. Disput\u00f3 19 partidos (10 de Liga, 1 de Copa y 8 de Conference), marcando 2 goles (1 en Liga y 1 en Copa), y sumando 5,110 puntos, Pas\u00f3 del puesto 504 al 444.<\/p>\n<p><strong>\u00c1ngel Ortiz.<\/strong> Particip\u00f3 en 6 partidos (5 de Liga y 1 de Conference), sumando 3,100 puntos. Pas\u00f3 al puesto 783.<\/p>\n<p><strong>Mateo Flores.<\/strong> Jug\u00f3 en 17 partidos (6 de Liga, 4 de Copa y 7 de Conference), sumando 3,149 puntos. Pas\u00f3 al puesto 780.<\/p>\n<p><strong>Pablo Garc\u00eda.<\/strong> Intervino en 5 encuentros (3 de Liga y 2 de Conference), sumando 0,452 puntos. Pas\u00f3 al puesto 1.014.<\/p>\n<p><strong>Sergio Arribas.<\/strong> Jug\u00f3 1 encuentro de Liga, sumando 0.789 puntos, Pas\u00f3 al puesto 963.\u00a0<\/p>\n\n\n<p><\/p>\n","protected":false},"excerpt":{"rendered":"<p>Como ya conocen los lectores habituales de Manquepierda aqu\u00ed llevamos una clasificaci\u00f3n hist\u00f3rica con todos los futbolistas (1.149) que han jugado en competici\u00f3n oficial con el Real Betis Balompi\u00e9 desde 1915 hasta nuestros d\u00edas.\u00a0\u00a0 Cada dos a\u00f1os damos c\u00f3mo marcha esa clasificaci\u00f3n hist\u00f3rica y\u00a0aqu\u00ed se puede encontrar la entrada publicada el pasado 9 de agosto&#8230;<\/p>\n","protected":false},"author":5,"featured_media":103337,"comment_status":"open","ping_status":"open","sticky":false,"template":"","format":"standard","meta":{"_kad_post_transparent":"","_kad_post_title":"","_kad_post_layout":"","_kad_post_sidebar_id":"","_kad_post_content_style":"","_kad_post_vertical_padding":"","_kad_post_feature":"","_kad_post_feature_position":"","_kad_post_header":false,"_kad_post_footer":false,"_kad_post_classname":"","_jetpack_memberships_contains_paid_content":false,"footnotes":"","jetpack_publicize_message":"","jetpack_publicize_feature_enabled":true,"jetpack_social_post_already_shared":true,"jetpack_social_options":{"image_generator_settings":{"template":"highway","default_image_id":0,"font":"","enabled":false},"version":2}},"categories":[906,1],"tags":[18639],"class_list":["post-103336","post","type-post","status-publish","format-standard","has-post-thumbnail","hentry","category-investigacion-temas","category-portada","tag-2024-25"],"jetpack_publicize_connections":[],"jetpack_featured_media_url":"https:\/\/i0.wp.com\/www.manquepierda.com\/historiarealbetis\/files\/2025\/06\/Fiorentina-Betis-Conference-2025-celebracion-final-2.jpg?fit=612%2C400&ssl=1","jetpack_sharing_enabled":true,"jetpack_shortlink":"https:\/\/wp.me\/p1ij08-qSI","jetpack-related-posts":[],"_links":{"self":[{"href":"https:\/\/www.manquepierda.com\/historiarealbetis\/wp-json\/wp\/v2\/posts\/103336","targetHints":{"allow":["GET"]}}],"collection":[{"href":"https:\/\/www.manquepierda.com\/historiarealbetis\/wp-json\/wp\/v2\/posts"}],"about":[{"href":"https:\/\/www.manquepierda.com\/historiarealbetis\/wp-json\/wp\/v2\/types\/post"}],"author":[{"embeddable":true,"href":"https:\/\/www.manquepierda.com\/historiarealbetis\/wp-json\/wp\/v2\/users\/5"}],"replies":[{"embeddable":true,"href":"https:\/\/www.manquepierda.com\/historiarealbetis\/wp-json\/wp\/v2\/comments?post=103336"}],"version-history":[{"count":11,"href":"https:\/\/www.manquepierda.com\/historiarealbetis\/wp-json\/wp\/v2\/posts\/103336\/revisions"}],"predecessor-version":[{"id":103421,"href":"https:\/\/www.manquepierda.com\/historiarealbetis\/wp-json\/wp\/v2\/posts\/103336\/revisions\/103421"}],"wp:featuredmedia":[{"embeddable":true,"href":"https:\/\/www.manquepierda.com\/historiarealbetis\/wp-json\/wp\/v2\/media\/103337"}],"wp:attachment":[{"href":"https:\/\/www.manquepierda.com\/historiarealbetis\/wp-json\/wp\/v2\/media?parent=103336"}],"wp:term":[{"taxonomy":"category","embeddable":true,"href":"https:\/\/www.manquepierda.com\/historiarealbetis\/wp-json\/wp\/v2\/categories?post=103336"},{"taxonomy":"post_tag","embeddable":true,"href":"https:\/\/www.manquepierda.com\/historiarealbetis\/wp-json\/wp\/v2\/tags?post=103336"}],"curies":[{"name":"wp","href":"https:\/\/api.w.org\/{rel}","templated":true}]}}