{"id":103663,"date":"2025-07-21T13:00:00","date_gmt":"2025-07-21T11:00:00","guid":{"rendered":"https:\/\/www.manquepierda.com\/historiarealbetis\/?p=103663"},"modified":"2025-07-05T00:16:34","modified_gmt":"2025-07-04T22:16:34","slug":"hoy-hace-110-anos-nace-fermin-rejon","status":"publish","type":"post","link":"https:\/\/www.manquepierda.com\/historiarealbetis\/hoy-hace-110-anos-nace-fermin-rejon\/","title":{"rendered":"Hoy hace 110 a\u00f1os. Nace Ferm\u00edn Rej\u00f3n."},"content":{"rendered":"<div class=\"wp-block-image\">\n<figure class=\"aligncenter size-full is-resized\"><img data-recalc-dims=\"1\" loading=\"lazy\" decoding=\"async\" width=\"110\" height=\"143\" src=\"https:\/\/i0.wp.com\/www.manquepierda.com\/historiarealbetis\/files\/2025\/07\/21-1915-Nace-Fermin-Rejon-.jpg?resize=110%2C143&#038;ssl=1\" alt=\"\" class=\"wp-image-103664\" style=\"width:234px;height:auto\" \/><\/figure>\n<\/div>\n\n<p>\u00a0<\/p>\n<p><span style=\"color: #008000\">El 21 de julio de 1915 nace en Sestao (Vizcaya) Ferm\u00edn Rej\u00f3n Landa, quien fuera jugador del Betis Balompi\u00e9 entre los a\u00f1os 1935 y 1940.<\/span><\/p>\n<p><span style=\"color: #008000\">Delantero que lleg\u00f3 procedente del Sestao, interviniendo en 30 partidos oficiales y marcando 3 goles.<\/span><\/p>","protected":false},"excerpt":{"rendered":"<p>\u00a0 El 21 de julio de 1915 nace en Sestao (Vizcaya) Ferm\u00edn Rej\u00f3n Landa, quien fuera jugador del Betis Balompi\u00e9 entre los a\u00f1os 1935 y 1940. Delantero que lleg\u00f3 procedente del Sestao, interviniendo en 30 partidos oficiales y marcando 3 goles.<\/p>\n","protected":false},"author":5,"featured_media":103664,"comment_status":"open","ping_status":"open","sticky":false,"template":"","format":"standard","meta":{"_kad_post_transparent":"","_kad_post_title":"","_kad_post_layout":"","_kad_post_sidebar_id":"","_kad_post_content_style":"","_kad_post_vertical_padding":"","_kad_post_feature":"","_kad_post_feature_position":"","_kad_post_header":false,"_kad_post_footer":false,"_kad_post_classname":"","_jetpack_memberships_contains_paid_content":false,"footnotes":"","jetpack_publicize_message":"","jetpack_publicize_feature_enabled":true,"jetpack_social_post_already_shared":true,"jetpack_social_options":{"image_generator_settings":{"template":"highway","default_image_id":0,"font":"","enabled":false},"version":2}},"categories":[896,14583,1],"tags":[6311],"class_list":["post-103663","post","type-post","status-publish","format-standard","has-post-thumbnail","hentry","category-1908-1919","category-efemerides","category-portada","tag-fermin-rejon"],"jetpack_publicize_connections":[],"jetpack_featured_media_url":"https:\/\/i0.wp.com\/www.manquepierda.com\/historiarealbetis\/files\/2025\/07\/21-1915-Nace-Fermin-Rejon-.jpg?fit=110%2C143&ssl=1","jetpack_sharing_enabled":true,"jetpack_shortlink":"https:\/\/wp.me\/p1ij08-qXZ","jetpack-related-posts":[],"_links":{"self":[{"href":"https:\/\/www.manquepierda.com\/historiarealbetis\/wp-json\/wp\/v2\/posts\/103663","targetHints":{"allow":["GET"]}}],"collection":[{"href":"https:\/\/www.manquepierda.com\/historiarealbetis\/wp-json\/wp\/v2\/posts"}],"about":[{"href":"https:\/\/www.manquepierda.com\/historiarealbetis\/wp-json\/wp\/v2\/types\/post"}],"author":[{"embeddable":true,"href":"https:\/\/www.manquepierda.com\/historiarealbetis\/wp-json\/wp\/v2\/users\/5"}],"replies":[{"embeddable":true,"href":"https:\/\/www.manquepierda.com\/historiarealbetis\/wp-json\/wp\/v2\/comments?post=103663"}],"version-history":[{"count":1,"href":"https:\/\/www.manquepierda.com\/historiarealbetis\/wp-json\/wp\/v2\/posts\/103663\/revisions"}],"predecessor-version":[{"id":103665,"href":"https:\/\/www.manquepierda.com\/historiarealbetis\/wp-json\/wp\/v2\/posts\/103663\/revisions\/103665"}],"wp:featuredmedia":[{"embeddable":true,"href":"https:\/\/www.manquepierda.com\/historiarealbetis\/wp-json\/wp\/v2\/media\/103664"}],"wp:attachment":[{"href":"https:\/\/www.manquepierda.com\/historiarealbetis\/wp-json\/wp\/v2\/media?parent=103663"}],"wp:term":[{"taxonomy":"category","embeddable":true,"href":"https:\/\/www.manquepierda.com\/historiarealbetis\/wp-json\/wp\/v2\/categories?post=103663"},{"taxonomy":"post_tag","embeddable":true,"href":"https:\/\/www.manquepierda.com\/historiarealbetis\/wp-json\/wp\/v2\/tags?post=103663"}],"curies":[{"name":"wp","href":"https:\/\/api.w.org\/{rel}","templated":true}]}}