{"id":103750,"date":"2025-07-23T13:00:00","date_gmt":"2025-07-23T11:00:00","guid":{"rendered":"https:\/\/www.manquepierda.com\/historiarealbetis\/?p=103750"},"modified":"2025-07-06T19:30:07","modified_gmt":"2025-07-06T17:30:07","slug":"hoy-hace-10-anos-betis-1-athletic-1","status":"publish","type":"post","link":"https:\/\/www.manquepierda.com\/historiarealbetis\/hoy-hace-10-anos-betis-1-athletic-1\/","title":{"rendered":"Hoy hace 10 a\u00f1os. Betis 1 Athletic 1."},"content":{"rendered":"<div class=\"wp-block-image\">\n<figure class=\"aligncenter size-large\"><img data-recalc-dims=\"1\" loading=\"lazy\" decoding=\"async\" width=\"960\" height=\"539\" src=\"https:\/\/i0.wp.com\/www.manquepierda.com\/historiarealbetis\/files\/2025\/07\/23-2015-Betis-1-Athletic-1.jpg?resize=960%2C539&#038;ssl=1\" alt=\"\" class=\"wp-image-103751\" srcset=\"https:\/\/i0.wp.com\/www.manquepierda.com\/historiarealbetis\/files\/2025\/07\/23-2015-Betis-1-Athletic-1.jpg?resize=960%2C539&amp;ssl=1 960w, https:\/\/i0.wp.com\/www.manquepierda.com\/historiarealbetis\/files\/2025\/07\/23-2015-Betis-1-Athletic-1.jpg?resize=680%2C382&amp;ssl=1 680w, https:\/\/i0.wp.com\/www.manquepierda.com\/historiarealbetis\/files\/2025\/07\/23-2015-Betis-1-Athletic-1.jpg?resize=220%2C124&amp;ssl=1 220w, https:\/\/i0.wp.com\/www.manquepierda.com\/historiarealbetis\/files\/2025\/07\/23-2015-Betis-1-Athletic-1.jpg?resize=768%2C432&amp;ssl=1 768w, https:\/\/i0.wp.com\/www.manquepierda.com\/historiarealbetis\/files\/2025\/07\/23-2015-Betis-1-Athletic-1.jpg?w=1050&amp;ssl=1 1050w\" sizes=\"auto, (max-width: 960px) 100vw, 960px\" \/><\/figure>\n<\/div>\n\n<p><span style=\"color: #008000\">El 23 de julio de 2015 Betis y Athletic empatan a 1 en partido amistoso disputado en el estadio Antonio Barbadillo de Arcos de la Frontera.<\/span><\/p>\n<p><span style=\"color: #008000\">Sola en el minuto 8 adelanto al equipo vasco, aprovechando un rechace del poste de la meta b\u00e9tica, empatando para el Betis Cejudo en el 71, tras una buena jugada de Jorge Molina.<\/span><\/p>\n<p><span style=\"color: #008000\">El Betis, dirigido por Pepe Mel, aline\u00f3 a Ad\u00e1n; Piccini (70, Molinero), Pezzella (70, Caro), Bruno (70, Figueras), Tarek (70, Varela); Petros (30, N\u00b4Diaye), Digard (62, Xavi Torres), Van Der Vaart (62, Fabi\u00e1n), Portillo (62, Cejudo); Jorge Molina y Rub\u00e9n Castro (62, Rennella).<\/span><\/p>\n<p><span style=\"color: #008000\">El Athletic, entrenado por Ernesto Valverde, jug\u00f3 con Herrer\u00edn; B\u00f3veda, Etxeita (60, Laporte), Saborit (60, Aurtenetxe), Lekue (60, San Jos\u00e9); Elustondo, Iturraspe, Eraso (75, Guillermo), Viguera (60, Sabin Merino); Sola e Ibai (75, Unai L\u00f3pez).<\/span><\/p>","protected":false},"excerpt":{"rendered":"<p>El 23 de julio de 2015 Betis y Athletic empatan a 1 en partido amistoso disputado en el estadio Antonio Barbadillo de Arcos de la Frontera. Sola en el minuto 8 adelanto al equipo vasco, aprovechando un rechace del poste de la meta b\u00e9tica, empatando para el Betis Cejudo en el 71, tras una buena&#8230;<\/p>\n","protected":false},"author":5,"featured_media":103751,"comment_status":"open","ping_status":"open","sticky":false,"template":"","format":"standard","meta":{"_kad_post_transparent":"","_kad_post_title":"","_kad_post_layout":"","_kad_post_sidebar_id":"","_kad_post_content_style":"","_kad_post_vertical_padding":"","_kad_post_feature":"","_kad_post_feature_position":"","_kad_post_header":false,"_kad_post_footer":false,"_kad_post_classname":"","_jetpack_memberships_contains_paid_content":false,"footnotes":"","jetpack_publicize_message":"","jetpack_publicize_feature_enabled":true,"jetpack_social_post_already_shared":true,"jetpack_social_options":{"image_generator_settings":{"template":"highway","default_image_id":0,"font":"","enabled":false},"version":2}},"categories":[15447,14583,1],"tags":[15446,124],"class_list":["post-103750","post","type-post","status-publish","format-standard","has-post-thumbnail","hentry","category-2010-2019","category-efemerides","category-portada","tag-15446","tag-athletic-club"],"jetpack_publicize_connections":[],"jetpack_featured_media_url":"https:\/\/i0.wp.com\/www.manquepierda.com\/historiarealbetis\/files\/2025\/07\/23-2015-Betis-1-Athletic-1.jpg?fit=1050%2C590&ssl=1","jetpack_sharing_enabled":true,"jetpack_shortlink":"https:\/\/wp.me\/p1ij08-qZo","jetpack-related-posts":[],"_links":{"self":[{"href":"https:\/\/www.manquepierda.com\/historiarealbetis\/wp-json\/wp\/v2\/posts\/103750","targetHints":{"allow":["GET"]}}],"collection":[{"href":"https:\/\/www.manquepierda.com\/historiarealbetis\/wp-json\/wp\/v2\/posts"}],"about":[{"href":"https:\/\/www.manquepierda.com\/historiarealbetis\/wp-json\/wp\/v2\/types\/post"}],"author":[{"embeddable":true,"href":"https:\/\/www.manquepierda.com\/historiarealbetis\/wp-json\/wp\/v2\/users\/5"}],"replies":[{"embeddable":true,"href":"https:\/\/www.manquepierda.com\/historiarealbetis\/wp-json\/wp\/v2\/comments?post=103750"}],"version-history":[{"count":2,"href":"https:\/\/www.manquepierda.com\/historiarealbetis\/wp-json\/wp\/v2\/posts\/103750\/revisions"}],"predecessor-version":[{"id":103754,"href":"https:\/\/www.manquepierda.com\/historiarealbetis\/wp-json\/wp\/v2\/posts\/103750\/revisions\/103754"}],"wp:featuredmedia":[{"embeddable":true,"href":"https:\/\/www.manquepierda.com\/historiarealbetis\/wp-json\/wp\/v2\/media\/103751"}],"wp:attachment":[{"href":"https:\/\/www.manquepierda.com\/historiarealbetis\/wp-json\/wp\/v2\/media?parent=103750"}],"wp:term":[{"taxonomy":"category","embeddable":true,"href":"https:\/\/www.manquepierda.com\/historiarealbetis\/wp-json\/wp\/v2\/categories?post=103750"},{"taxonomy":"post_tag","embeddable":true,"href":"https:\/\/www.manquepierda.com\/historiarealbetis\/wp-json\/wp\/v2\/tags?post=103750"}],"curies":[{"name":"wp","href":"https:\/\/api.w.org\/{rel}","templated":true}]}}