{"id":103872,"date":"2025-07-23T11:00:00","date_gmt":"2025-07-23T09:00:00","guid":{"rendered":"https:\/\/www.manquepierda.com\/historiarealbetis\/?p=103872"},"modified":"2025-07-16T19:58:18","modified_gmt":"2025-07-16T17:58:18","slug":"los-29-goles-de-jose-patricio","status":"publish","type":"post","link":"https:\/\/www.manquepierda.com\/historiarealbetis\/los-29-goles-de-jose-patricio\/","title":{"rendered":"Los 29 goles de Jos\u00e9 Patricio."},"content":{"rendered":"<div class=\"wp-block-image\">\n<figure class=\"aligncenter size-full\"><img data-recalc-dims=\"1\" loading=\"lazy\" decoding=\"async\" width=\"467\" height=\"323\" src=\"https:\/\/i0.wp.com\/www.manquepierda.com\/historiarealbetis\/files\/2025\/07\/Jose-Patricio.jpg?resize=467%2C323&#038;ssl=1\" alt=\"\" class=\"wp-image-103873\" srcset=\"https:\/\/i0.wp.com\/www.manquepierda.com\/historiarealbetis\/files\/2025\/07\/Jose-Patricio.jpg?w=467&amp;ssl=1 467w, https:\/\/i0.wp.com\/www.manquepierda.com\/historiarealbetis\/files\/2025\/07\/Jose-Patricio.jpg?resize=220%2C152&amp;ssl=1 220w\" sizes=\"auto, (max-width: 467px) 100vw, 467px\" \/><\/figure>\n<\/div>\n\n<p>\u00a0<\/p>\n<p><span style=\"color: #008000\">Jos\u00e9 Patricio jug\u00f3 en el Betis entre 1949 y 1951; lleg\u00f3 procedente de la Ol\u00edmpica Jiennense y fue traspasado al Atl\u00e9tico Tetu\u00e1n, por entonces flamante equipo de la Primera Divisi\u00f3n.<\/span><\/p>\n<p><span style=\"color: #008000\">En los a\u00f1os de la Tercera Divisi\u00f3n este interior, que destacaba por su potente zancada, fue un goleador importante haciendo 29 tantos en 60 partidos, lo que da una media de 0,48 goles por partido.<\/span><\/p>\n<p><span style=\"color: #008000\">Marc\u00f3 21 en Heli\u00f3polis y 8 en terrenos de los equipo rivales; sus goles se marcaron sobre todo en Liga de Tercera Divisi\u00f3n (28) y 1 en la Copa Presidente.<\/span><\/p>\n<p><span style=\"color: #008000\">Marc\u00f3 tantos a 17 equipos distintos, siendo el Recreativo y el Algeciras, con 4 goles a cada uno de ellos, y el Espa\u00f1a de T\u00e1nger, al que hizo 3, los equipos m\u00e1s goleados.<\/span><\/p>\n<p><span style=\"color: #008000\">Los 29 tantos los reparti\u00f3 entre 1 de penalti, 3 desde fuera del \u00e1rea, 1 de cabeza y 24 rematando con el pie en el interior del \u00e1rea.<\/span><\/p>\n<p><span style=\"color: #008000\">Su primer gol con el Betis lo marc\u00f3 el 23 de octubre de 1949 en Heli\u00f3polis al Ceuta en partido de Liga de Tercera Divisi\u00f3n. El \u00faltimo el 8 de julio de 1951, tambi\u00e9n en Heli\u00f3polis, al Recreativo de Huelva, en el encuentro final de la liguilla de ascenso a Segunda Divisi\u00f3n.\u00a0<\/span> \u00a0\u00a0<\/p>","protected":false},"excerpt":{"rendered":"<p>\u00a0 Jos\u00e9 Patricio jug\u00f3 en el Betis entre 1949 y 1951; lleg\u00f3 procedente de la Ol\u00edmpica Jiennense y fue traspasado al Atl\u00e9tico Tetu\u00e1n, por entonces flamante equipo de la Primera Divisi\u00f3n. En los a\u00f1os de la Tercera Divisi\u00f3n este interior, que destacaba por su potente zancada, fue un goleador importante haciendo 29 tantos en 60&#8230;<\/p>\n","protected":false},"author":5,"featured_media":103873,"comment_status":"open","ping_status":"open","sticky":false,"template":"","format":"standard","meta":{"_kad_post_transparent":"","_kad_post_title":"","_kad_post_layout":"","_kad_post_sidebar_id":"","_kad_post_content_style":"","_kad_post_vertical_padding":"","_kad_post_feature":"","_kad_post_feature_position":"","_kad_post_header":false,"_kad_post_footer":false,"_kad_post_classname":"","_jetpack_memberships_contains_paid_content":false,"footnotes":"","jetpack_publicize_message":"","jetpack_publicize_feature_enabled":true,"jetpack_social_post_already_shared":true,"jetpack_social_options":{"image_generator_settings":{"template":"highway","default_image_id":0,"font":"","enabled":false},"version":2}},"categories":[906,893,1],"tags":[17150,3924],"class_list":["post-103872","post","type-post","status-publish","format-standard","has-post-thumbnail","hentry","category-investigacion-temas","category-jugadores-temas","category-portada","tag-goleadores-verdiblancos","tag-jose-patricio"],"jetpack_publicize_connections":[],"jetpack_featured_media_url":"https:\/\/i0.wp.com\/www.manquepierda.com\/historiarealbetis\/files\/2025\/07\/Jose-Patricio.jpg?fit=467%2C323&ssl=1","jetpack_sharing_enabled":true,"jetpack_shortlink":"https:\/\/wp.me\/p1ij08-r1m","jetpack-related-posts":[],"_links":{"self":[{"href":"https:\/\/www.manquepierda.com\/historiarealbetis\/wp-json\/wp\/v2\/posts\/103872","targetHints":{"allow":["GET"]}}],"collection":[{"href":"https:\/\/www.manquepierda.com\/historiarealbetis\/wp-json\/wp\/v2\/posts"}],"about":[{"href":"https:\/\/www.manquepierda.com\/historiarealbetis\/wp-json\/wp\/v2\/types\/post"}],"author":[{"embeddable":true,"href":"https:\/\/www.manquepierda.com\/historiarealbetis\/wp-json\/wp\/v2\/users\/5"}],"replies":[{"embeddable":true,"href":"https:\/\/www.manquepierda.com\/historiarealbetis\/wp-json\/wp\/v2\/comments?post=103872"}],"version-history":[{"count":1,"href":"https:\/\/www.manquepierda.com\/historiarealbetis\/wp-json\/wp\/v2\/posts\/103872\/revisions"}],"predecessor-version":[{"id":103874,"href":"https:\/\/www.manquepierda.com\/historiarealbetis\/wp-json\/wp\/v2\/posts\/103872\/revisions\/103874"}],"wp:featuredmedia":[{"embeddable":true,"href":"https:\/\/www.manquepierda.com\/historiarealbetis\/wp-json\/wp\/v2\/media\/103873"}],"wp:attachment":[{"href":"https:\/\/www.manquepierda.com\/historiarealbetis\/wp-json\/wp\/v2\/media?parent=103872"}],"wp:term":[{"taxonomy":"category","embeddable":true,"href":"https:\/\/www.manquepierda.com\/historiarealbetis\/wp-json\/wp\/v2\/categories?post=103872"},{"taxonomy":"post_tag","embeddable":true,"href":"https:\/\/www.manquepierda.com\/historiarealbetis\/wp-json\/wp\/v2\/tags?post=103872"}],"curies":[{"name":"wp","href":"https:\/\/api.w.org\/{rel}","templated":true}]}}