{"id":103892,"date":"2025-07-22T11:00:00","date_gmt":"2025-07-22T09:00:00","guid":{"rendered":"https:\/\/www.manquepierda.com\/historiarealbetis\/?p=103892"},"modified":"2025-07-18T18:45:58","modified_gmt":"2025-07-18T16:45:58","slug":"antonio-leon","status":"publish","type":"post","link":"https:\/\/www.manquepierda.com\/historiarealbetis\/antonio-leon\/","title":{"rendered":"Antonio Le\u00f3n."},"content":{"rendered":"<div class=\"wp-block-image\">\n<figure class=\"aligncenter size-full is-resized\"><img data-recalc-dims=\"1\" loading=\"lazy\" decoding=\"async\" width=\"132\" height=\"162\" src=\"https:\/\/i0.wp.com\/www.manquepierda.com\/historiarealbetis\/files\/2025\/07\/Leon.jpg?resize=132%2C162&#038;ssl=1\" alt=\"\" class=\"wp-image-103893\" style=\"width:246px;height:auto\" \/><\/figure>\n<\/div>\n\n<p><strong>Antonio Le\u00f3n Blanco<\/strong>, nacido en Madrid el 8 de febrero de 1965.<\/p>\n<p>Defensa lateral.<\/p>\n<p>Formado en la cantera madridista con 20 a\u00f1os lleg\u00f3 al Castilla, el filial del primer equipo. con el Real Madrid disput\u00f3 un partido de Liga contra el Celta en abril de 1988.\u00a0<\/p>\n<p>La falta de oportunidades para consolidarse en el Real Madrid propiciaron su salida de \u00e9ste, firmando por el Betis un contrato por 3 a\u00f1os de duraci\u00f3n el 30 de agosto de 1989. Debut\u00f3 con el Betis el 6 de septiembre en el Villamar\u00edn en partido de Copa frente al Mallorca.\u00a0<\/p>\n<p>Su rendimiento en el equipo verdiblanco fue de m\u00e1s a menos, siendo titular en su primera temporadas, asiduo en las alineaciones en la segunda y casi desaparecido en la tercera.\u00a0<\/p>\n<p>Tras dejar el Betis en 1992 firm\u00f3 por el Sant Andreu, donde jug\u00f3 una temporada antes de su retirada.<\/p>\n<p>Historial<\/p>\n<table width=\"266\">\n<tbody>\n<tr>\n<td width=\"80\">1983-84<\/td>\n<td width=\"106\">Real Madrid Aficionados<\/td>\n<td width=\"80\">Tercera<\/td>\n<\/tr>\n<tr>\n<td>1984-85<\/td>\n<td>Real Madrid Aficionados<\/td>\n<td>Tercera<\/td>\n<\/tr>\n<tr>\n<td>1985-86<\/td>\n<td>Castilla<\/td>\n<td>Segunda<\/td>\n<\/tr>\n<tr>\n<td>1986-87<\/td>\n<td>Castilla<\/td>\n<td>Segunda<\/td>\n<\/tr>\n<tr>\n<td>1987-88<\/td>\n<td>Castilla<\/td>\n<td>Segunda<\/td>\n<\/tr>\n<tr>\n<td>1987-88<\/td>\n<td>Real Madrid<\/td>\n<td>Primera<\/td>\n<\/tr>\n<tr>\n<td>1988-89<\/td>\n<td>Castilla<\/td>\n<td>Segunda<\/td>\n<\/tr>\n<tr>\n<td>1989-90<\/td>\n<td>Betis<\/td>\n<td>Segunda<\/td>\n<\/tr>\n<tr>\n<td>1990-91<\/td>\n<td>Betis<\/td>\n<td>Primera<\/td>\n<\/tr>\n<tr>\n<td>1991-92<\/td>\n<td>Betis<\/td>\n<td>Segunda<\/td>\n<\/tr>\n<tr>\n<td>1992-93<\/td>\n<td>San Andr\u00e9s<\/td>\n<td>Segunda B<\/td>\n<\/tr>\n<\/tbody>\n<\/table>\n<p>En sus 3 temporadas en el Betis Le\u00f3n jug\u00f3 54 partidos de Liga y 8 de Copa.<\/p>","protected":false},"excerpt":{"rendered":"<p>Antonio Le\u00f3n Blanco, nacido en Madrid el 8 de febrero de 1965. Defensa lateral. Formado en la cantera madridista con 20 a\u00f1os lleg\u00f3 al Castilla, el filial del primer equipo. con el Real Madrid disput\u00f3 un partido de Liga contra el Celta en abril de 1988.\u00a0 La falta de oportunidades para consolidarse en el Real&#8230;<\/p>\n","protected":false},"author":5,"featured_media":103893,"comment_status":"open","ping_status":"open","sticky":false,"template":"","format":"standard","meta":{"_kad_post_transparent":"","_kad_post_title":"","_kad_post_layout":"","_kad_post_sidebar_id":"","_kad_post_content_style":"","_kad_post_vertical_padding":"","_kad_post_feature":"","_kad_post_feature_position":"","_kad_post_header":false,"_kad_post_footer":false,"_kad_post_classname":"","_jetpack_memberships_contains_paid_content":false,"footnotes":"","jetpack_publicize_message":"","jetpack_publicize_feature_enabled":true,"jetpack_social_post_already_shared":true,"jetpack_social_options":{"image_generator_settings":{"template":"highway","default_image_id":0,"font":"","enabled":false},"version":2}},"categories":[893,1],"tags":[2689],"class_list":["post-103892","post","type-post","status-publish","format-standard","has-post-thumbnail","hentry","category-jugadores-temas","category-portada","tag-antonio-leon"],"jetpack_publicize_connections":[],"jetpack_featured_media_url":"https:\/\/i0.wp.com\/www.manquepierda.com\/historiarealbetis\/files\/2025\/07\/Leon.jpg?fit=132%2C162&ssl=1","jetpack_sharing_enabled":true,"jetpack_shortlink":"https:\/\/wp.me\/p1ij08-r1G","jetpack-related-posts":[],"_links":{"self":[{"href":"https:\/\/www.manquepierda.com\/historiarealbetis\/wp-json\/wp\/v2\/posts\/103892","targetHints":{"allow":["GET"]}}],"collection":[{"href":"https:\/\/www.manquepierda.com\/historiarealbetis\/wp-json\/wp\/v2\/posts"}],"about":[{"href":"https:\/\/www.manquepierda.com\/historiarealbetis\/wp-json\/wp\/v2\/types\/post"}],"author":[{"embeddable":true,"href":"https:\/\/www.manquepierda.com\/historiarealbetis\/wp-json\/wp\/v2\/users\/5"}],"replies":[{"embeddable":true,"href":"https:\/\/www.manquepierda.com\/historiarealbetis\/wp-json\/wp\/v2\/comments?post=103892"}],"version-history":[{"count":2,"href":"https:\/\/www.manquepierda.com\/historiarealbetis\/wp-json\/wp\/v2\/posts\/103892\/revisions"}],"predecessor-version":[{"id":103896,"href":"https:\/\/www.manquepierda.com\/historiarealbetis\/wp-json\/wp\/v2\/posts\/103892\/revisions\/103896"}],"wp:featuredmedia":[{"embeddable":true,"href":"https:\/\/www.manquepierda.com\/historiarealbetis\/wp-json\/wp\/v2\/media\/103893"}],"wp:attachment":[{"href":"https:\/\/www.manquepierda.com\/historiarealbetis\/wp-json\/wp\/v2\/media?parent=103892"}],"wp:term":[{"taxonomy":"category","embeddable":true,"href":"https:\/\/www.manquepierda.com\/historiarealbetis\/wp-json\/wp\/v2\/categories?post=103892"},{"taxonomy":"post_tag","embeddable":true,"href":"https:\/\/www.manquepierda.com\/historiarealbetis\/wp-json\/wp\/v2\/tags?post=103892"}],"curies":[{"name":"wp","href":"https:\/\/api.w.org\/{rel}","templated":true}]}}