{"id":103897,"date":"2025-08-12T13:00:00","date_gmt":"2025-08-12T11:00:00","guid":{"rendered":"https:\/\/www.manquepierda.com\/historiarealbetis\/?p=103897"},"modified":"2025-08-12T07:46:12","modified_gmt":"2025-08-12T05:46:12","slug":"hoy-hace-50-anos-betis-2-palestino-2","status":"publish","type":"post","link":"https:\/\/www.manquepierda.com\/historiarealbetis\/hoy-hace-50-anos-betis-2-palestino-2\/","title":{"rendered":"Hoy hace 50 a\u00f1os. Betis 2 Palestino 2."},"content":{"rendered":"<div class=\"wp-block-image\">\n<figure class=\"aligncenter size-full is-resized\"><img data-recalc-dims=\"1\" loading=\"lazy\" decoding=\"async\" width=\"240\" height=\"194\" src=\"https:\/\/i0.wp.com\/www.manquepierda.com\/historiarealbetis\/files\/2025\/07\/12-1975-Betis-2-Palestino-2.jpg?resize=240%2C194&#038;ssl=1\" alt=\"\" class=\"wp-image-103898\" style=\"width:280px;height:auto\" srcset=\"https:\/\/i0.wp.com\/www.manquepierda.com\/historiarealbetis\/files\/2025\/07\/12-1975-Betis-2-Palestino-2.jpg?w=240&amp;ssl=1 240w, https:\/\/i0.wp.com\/www.manquepierda.com\/historiarealbetis\/files\/2025\/07\/12-1975-Betis-2-Palestino-2.jpg?resize=220%2C178&amp;ssl=1 220w\" sizes=\"auto, (max-width: 240px) 100vw, 240px\" \/><\/figure>\n<\/div>\n\n<p><span style=\"color: #008000\">El 12 de agosto de 1975 en el Villamar\u00edn Betis y Palestino empatan a 2 en el partido de presentaci\u00f3n del equipo verdiblanco ante su afici\u00f3n. La recaudaci\u00f3n del partido se dedic\u00f3 a la financiaci\u00f3n de la nueva tribuna de Voladizo que se iba a levantar sobre la de Preferencia del recinto heliopolitano.<\/span><\/p>\n<p><span style=\"color: #008000\">Se adelant\u00f3 el equipo chileno en el minuto 13 con un gran disparo desde fuera del \u00e1rea de V\u00e1zquez. En el 15 empat\u00f3 el Betis, con un centro largo de Carde\u00f1osa que remat\u00f3 Garc\u00eda Soriano. En el 76 una jugada de Garc\u00eda Soriano por la banda, con centro al \u00e1rea y dejada de Escalante para que Ladinszky hiciera el 2-1 para el Betis; empat\u00f3 el Palestino en el minuto 86 con un c\u00f3rner peinado por Meissen que Caneo llev\u00f3 a las mallas.<\/span><\/p>\n<p><span style=\"color: #008000\">El Betis, dirigido por Ferenc Szusza, jug\u00f3 con Esnaola; Bizcocho, Sabat\u00e9 (71, Iglesias), Biosca, Cobo; L\u00f3pez (38, Escalante), Alabanda, Carde\u00f1osa (71, Rogelio); Garc\u00eda Soriano, Ladinszky (71, Anzarda), y Ben\u00edtez (46, Mendieta)<\/span><\/p>\n<p><span style=\"color: #008000\">El Palestino, entrenado por Gustavo Costas, form\u00f3 con Araya; Varas (77, Araneda), Caneo, Ib\u00e1\u00f1ez; Pecoraro, Dubo; Hidalgo (70, Gallegos), V\u00e1zquez, Meisen, Rojas (60, Ram\u00edrez) y Pinto.<\/span><\/p>\n<p><span style=\"color: #008000\">El CD Palestino es un equipo chileno fundado en 1920 por miembros de la colonia palestina en Chile, y que mantiene un estrecho v\u00ednculo con la causa palestina desde el exilio. En la d\u00e9cada de los 70 atraves\u00f3 un extraordinario momento deportivo, que explica que fuera el elegido por el Betis para realizar su encuentro de presentaci\u00f3n en 1975.\u00a0\u00a0<\/span><\/p>","protected":false},"excerpt":{"rendered":"<p>El 12 de agosto de 1975 en el Villamar\u00edn Betis y Palestino empatan a 2 en el partido de presentaci\u00f3n del equipo verdiblanco ante su afici\u00f3n. La recaudaci\u00f3n del partido se dedic\u00f3 a la financiaci\u00f3n de la nueva tribuna de Voladizo que se iba a levantar sobre la de Preferencia del recinto heliopolitano. Se adelant\u00f3&#8230;<\/p>\n","protected":false},"author":5,"featured_media":103898,"comment_status":"open","ping_status":"open","sticky":false,"template":"","format":"standard","meta":{"_kad_post_transparent":"","_kad_post_title":"","_kad_post_layout":"","_kad_post_sidebar_id":"","_kad_post_content_style":"","_kad_post_vertical_padding":"","_kad_post_feature":"","_kad_post_feature_position":"","_kad_post_header":false,"_kad_post_footer":false,"_kad_post_classname":"","_jetpack_memberships_contains_paid_content":false,"footnotes":"","jetpack_publicize_message":"","jetpack_publicize_feature_enabled":true,"jetpack_social_post_already_shared":true,"jetpack_social_options":{"image_generator_settings":{"template":"highway","default_image_id":0,"font":"","enabled":false},"version":2}},"categories":[903,14583,1],"tags":[58,7995],"class_list":["post-103897","post","type-post","status-publish","format-standard","has-post-thumbnail","hentry","category-1970-1979","category-efemerides","category-portada","tag-58","tag-cd-palestino"],"jetpack_publicize_connections":[],"jetpack_featured_media_url":"https:\/\/i0.wp.com\/www.manquepierda.com\/historiarealbetis\/files\/2025\/07\/12-1975-Betis-2-Palestino-2.jpg?fit=240%2C194&ssl=1","jetpack_sharing_enabled":true,"jetpack_shortlink":"https:\/\/wp.me\/p1ij08-r1L","jetpack-related-posts":[],"_links":{"self":[{"href":"https:\/\/www.manquepierda.com\/historiarealbetis\/wp-json\/wp\/v2\/posts\/103897","targetHints":{"allow":["GET"]}}],"collection":[{"href":"https:\/\/www.manquepierda.com\/historiarealbetis\/wp-json\/wp\/v2\/posts"}],"about":[{"href":"https:\/\/www.manquepierda.com\/historiarealbetis\/wp-json\/wp\/v2\/types\/post"}],"author":[{"embeddable":true,"href":"https:\/\/www.manquepierda.com\/historiarealbetis\/wp-json\/wp\/v2\/users\/5"}],"replies":[{"embeddable":true,"href":"https:\/\/www.manquepierda.com\/historiarealbetis\/wp-json\/wp\/v2\/comments?post=103897"}],"version-history":[{"count":3,"href":"https:\/\/www.manquepierda.com\/historiarealbetis\/wp-json\/wp\/v2\/posts\/103897\/revisions"}],"predecessor-version":[{"id":104226,"href":"https:\/\/www.manquepierda.com\/historiarealbetis\/wp-json\/wp\/v2\/posts\/103897\/revisions\/104226"}],"wp:featuredmedia":[{"embeddable":true,"href":"https:\/\/www.manquepierda.com\/historiarealbetis\/wp-json\/wp\/v2\/media\/103898"}],"wp:attachment":[{"href":"https:\/\/www.manquepierda.com\/historiarealbetis\/wp-json\/wp\/v2\/media?parent=103897"}],"wp:term":[{"taxonomy":"category","embeddable":true,"href":"https:\/\/www.manquepierda.com\/historiarealbetis\/wp-json\/wp\/v2\/categories?post=103897"},{"taxonomy":"post_tag","embeddable":true,"href":"https:\/\/www.manquepierda.com\/historiarealbetis\/wp-json\/wp\/v2\/tags?post=103897"}],"curies":[{"name":"wp","href":"https:\/\/api.w.org\/{rel}","templated":true}]}}