{"id":104179,"date":"2025-08-13T11:00:00","date_gmt":"2025-08-13T09:00:00","guid":{"rendered":"https:\/\/www.manquepierda.com\/historiarealbetis\/?p=104179"},"modified":"2025-08-09T19:40:34","modified_gmt":"2025-08-09T17:40:34","slug":"la-temporada-1988-89","status":"publish","type":"post","link":"https:\/\/www.manquepierda.com\/historiarealbetis\/la-temporada-1988-89\/","title":{"rendered":"La temporada 1988-89."},"content":{"rendered":"<div class=\"wp-block-image\">\n<figure class=\"aligncenter size-large\"><img data-recalc-dims=\"1\" loading=\"lazy\" decoding=\"async\" width=\"960\" height=\"566\" src=\"https:\/\/i0.wp.com\/www.manquepierda.com\/historiarealbetis\/files\/2025\/08\/Temporada-1988-89.jpg?resize=960%2C566&#038;ssl=1\" alt=\"\" class=\"wp-image-104180\" srcset=\"https:\/\/i0.wp.com\/www.manquepierda.com\/historiarealbetis\/files\/2025\/08\/Temporada-1988-89.jpg?resize=960%2C566&amp;ssl=1 960w, https:\/\/i0.wp.com\/www.manquepierda.com\/historiarealbetis\/files\/2025\/08\/Temporada-1988-89.jpg?resize=680%2C401&amp;ssl=1 680w, https:\/\/i0.wp.com\/www.manquepierda.com\/historiarealbetis\/files\/2025\/08\/Temporada-1988-89.jpg?resize=220%2C130&amp;ssl=1 220w, https:\/\/i0.wp.com\/www.manquepierda.com\/historiarealbetis\/files\/2025\/08\/Temporada-1988-89.jpg?resize=768%2C453&amp;ssl=1 768w, https:\/\/i0.wp.com\/www.manquepierda.com\/historiarealbetis\/files\/2025\/08\/Temporada-1988-89.jpg?w=1085&amp;ssl=1 1085w\" sizes=\"auto, (max-width: 960px) 100vw, 960px\" \/><\/figure>\n<\/div>\n\n<p><span style=\"color: #008000\">El 20 de julio de 1988 se presentaba de forma oficial la plantilla del Real Betis Balompi\u00e9; al d\u00eda siguiente se inici\u00f3 la concentraci\u00f3n de pretemporada en la localidad gallega de Villalba.<\/span><\/p>\n<p><span style=\"color: #008000\">Al frente del equipo Eusebio R\u00edos, de 54 a\u00f1os, y que debutaba en el banquillo verdiblanco. Tras la mala experiencia de la temporada anterior se produjo una profunda renovaci\u00f3n de la plantilla con 11 bajas: Salvador Navarro \u00abSalva (Tenerife), Diego Rodr\u00edguez (Sevilla), Gabino Rodr\u00edguez (Espanyol), Manuel Cervantes (Salamanca), Jos\u00e9 Eugenio Ruiz \u00abQuico\u00bb (Recreativo), Antonio Reyes (Elche), Crist\u00f3bal Mej\u00edas (Salamanca), Jos\u00e9 Antonio Rodr\u00edguez \u00abMelenas\u00bb (cedido al Recreativo), Pedro Medina (Tenerife), Ralph Meade (Dundee United) y Andr\u00e9s Alonso \u00abIto\u00bb (Ceuta).\u00a0<\/span><\/p>\n<p><span style=\"color: #008000\">Tambi\u00e9n fueron numerosas las altas en la plantilla, un total de 13 futbolistas: Nery Alberto Pumpido (River Plate), Jos\u00e9 Mar\u00eda S\u00e1nchez \u00abJob\u00bb (Espanyol), Rub\u00e9n Bilbao (Valladolid), Manuel Hierro (Barcelona), Ram\u00f3n Mar\u00eda Calder\u00e9 (Barcelona), Carmelo Trujillo (Recreativo), Roberto L\u00f3pez Ufarte (Atl\u00e9tico Madrid), Miguel \u00c1ngel Garc\u00eda (Espanyol), Eduardo Rodr\u00edguez (Cantera), Jos\u00e9 Carvajal (Cantera), Juan Carlos P\u00e9rez Rojo (Barcelona) y Jos\u00e9 Ram\u00f3n Nimo (Sevilla). En el mes de noviembre lleg\u00f3 el delantero Jos\u00e9 Luis Puma Rodr\u00edguez (Deportivo Espa\u00f1ol).\u00a0\u00a0<\/span><\/p>\n<p><span style=\"color: #008000\">Durante la concentraci\u00f3n gallega se disputaron 5 amistosos contra equipos de la zona lucense: Racing Villalb\u00e9s (0-5), Berganti\u00f1os (0-2), Viveiro (0-2 y 1-4) y Lugo (0-0). Tras la vuelta a Sevilla partido de presentaci\u00f3n contra la selecci\u00f3n de Paraguay (1-1), varios amistosos cercanos contra el Atl\u00e9tico Sanluque\u00f1o (0-2) y Coria (1-4), participaci\u00f3n en el Trofeo Ciudad de Marbella, con derrota 3-1 ante el M\u00e1laga y empate a 0 contra el Atl\u00e9tico Marbella en la consolaci\u00f3n y cierre de la pretemporada con una victoria en Tomelloso (1-4).\u00a0\u00a0<\/span><\/p>\n<p><span style=\"color: #008000\">Esta temporada el Betis particip\u00f3 en dos competiciones oficiales: el Campeonato de Liga de Primera Divisi\u00f3n y la Copa.<\/span><\/p>\n<p><span style=\"color: #008000\">La Liga se inici\u00f3 el 4 de septiembre en el Villamar\u00edn contra el Sporting y finaliz\u00f3 el 25 de junio, tambi\u00e9n en el Villamar\u00edn, contra el Osasuna. La temporada fue muy mala, finalizando en la posici\u00f3n 18\u00aa, con 29 puntos, 9 victorias, 11 empates y 18 derrotas, 36 goles a favor y 55 en contra. La mala clasificaci\u00f3n llev\u00f3 a jugar una promoci\u00f3n contra el Tenerife, con derrota 4-0 en la ida e insuficiente 1-0 en la vuelta, lo que condenaba al equipo al descenso a Segunda Divisi\u00f3n.<\/span><\/p>\n<p><span style=\"color: #008000\">En la Copa, despu\u00e9s de eliminar al Logro\u00f1\u00e9s, el Betis cay\u00f3 en octavos de final ante el C\u00e1diz.<\/span><\/p>\n<p><span style=\"color: #008000\">La mala campa\u00f1a hizo frecuentes los movimientos en el banquillo verdiblanco. Eusebio R\u00edos fue cesado el 1 de diciembre; Pedro Buenaventura se hizo cargo del equipo hasta la llegada de Cayetano Re el 12 diciembre. El t\u00e9cnico paraguayo no enderez\u00f3 la deriva del equipo, por lo que fue relevado por Pedro Buenaventura el 15 de mayo.<\/span><\/p>\n<p><span style=\"color: #008000\">En resumen, una p\u00e9sima campa\u00f1a del equipo que no respondi\u00f3 para nada con las expectativas de renovaci\u00f3n que se esperaba tras los numerosos cambios respecto a la temporada anterior.<\/span><\/p>\n<p><span style=\"color: #008000\">En los 44 encuentros oficiales jugados en la temporada el Betis utiliz\u00f3 23 futbolistas: Chano (41), Pumpido (40), Job (39), Recha (39), Rinc\u00f3n (35), Julio (34), Calleja (33), L\u00f3pez Ufarte (33), Calder\u00e9 (32), Gail (30), Hierro (28), Y\u00e1\u00f1ez (28), Valent\u00edn (27), Rub\u00e9n Bilbao (25), Miguel \u00c1ngel (23), Puma Rodr\u00edguez (18), Romo (13), Jos\u00e9 Luis (12), Zafra (11), S\u00e1nchez Vall\u00e9s (8), Rodr\u00edguez (8), Trujillo (4) y Carvajal (4).<\/span>\u00a0<\/p>\n<p><span style=\"color: #008000\">Los goles b\u00e9ticos fueron marcados por Rinc\u00f3n (12), Chano (5), Valent\u00edn (5), Puma Rodr\u00edguez (4), L\u00f3pez Ufarte (3), Gail (2), Hierro (2), Recha (2), Rodr\u00edguez (2), Y\u00e1\u00f1ez (2), Calleja (1), Job (1), Julio (1), Calder\u00e9 (1) y Romo (1),\u00a0<\/span><\/p>\n<p><span style=\"color: #008000\">El filial b\u00e9tico, el Betis Deportivo, militaba en el grupo III de la Segunda Divisi\u00f3n B; se clasific\u00f3 en la posici\u00f3n 18\u00aa con 29 puntos, tras 9 victorias, 11 empates y 18 derrotas, 54 goles a favor y 67 en contra, lo que conllev\u00f3 el descenso a la Tercera Divisi\u00f3n. El t\u00e9cnico Julio Vilari\u00f1o dirigi\u00f3 al equipo hasta la jornada 11 en que fue sustituido por Germ\u00e1n Vaya \u00abMani\u00bb.\u00a0<\/span><\/p>\n<p><span style=\"color: #008000\">La \u00fanica alegr\u00eda de la temporada vino de la mano del equipo infantil que se proclam\u00f3 campe\u00f3n de Copa tras derrotar en la final al Espanyol, con un 1-1 en la ida en Barcelona y victoria b\u00e9tica 2-0 en la vuelta.\u00a0 Anteriormente el Betis elimin\u00f3 a Ceuta, M\u00e1laga, Sevilla, Las Palmas y Real Madrid. Germ\u00e1n Vaya \u00abMani\u00bb y Jos\u00e9 Emilio del Pino dirigieron al cuadro infantil a lo largo de la temporada.\u00a0<\/span><\/p>\n<p><span style=\"color: #008000\">El presidente de la entidad era Gerardo Mart\u00ednez Retamero, quien, a sus 46 a\u00f1os, cumpl\u00eda su sexta temporada al frente del club, aunque con un clima de contestaci\u00f3n muy alto que le llev\u00f3 a dejar de acudir al estadio con frecuencia. Como consecuencia del descenso a Segunda Divisi\u00f3n dimiti\u00f3 del cargo, dejando en su lugar a Hugo Galera.<\/span><\/p>\n<p><span style=\"color: #008000\">La asamblea ordinaria de socios se celebr\u00f3 el 1 de septiembre de 1988 en el estadio Benito Villamar\u00edn. En ella se aprob\u00f3 un presupuesto de 647 millones de pesetas para la temporada 1988-89, se dio a conocer un super\u00e1vit de 1 mill\u00f3n de pesetas en la campa\u00f1a anterior y se anunci\u00f3 la convocatoria de elecciones a final de temporada. \u00a0<\/span><\/p>\n<p><span style=\"color: #008000\">A lo largo de la temporada se produjo la fundaci\u00f3n de diversas pe\u00f1as b\u00e9ticas: La Escoba de Macael y la Antonio Hern\u00e1ndez de Lora del R\u00edo.<\/span><\/p>\n<p><span style=\"color: #008000\">Tambi\u00e9n se produjo el fallecimiento de destacados b\u00e9ticos como los presidentes Pascual Aparicio y Avelino Villamar\u00edn o los futbolistas Seraf\u00edn Aedo y Manuel Dom\u00ednguez.\u00a0<\/span><\/p>","protected":false},"excerpt":{"rendered":"<p>El 20 de julio de 1988 se presentaba de forma oficial la plantilla del Real Betis Balompi\u00e9; al d\u00eda siguiente se inici\u00f3 la concentraci\u00f3n de pretemporada en la localidad gallega de Villalba. Al frente del equipo Eusebio R\u00edos, de 54 a\u00f1os, y que debutaba en el banquillo verdiblanco. Tras la mala experiencia de la temporada&#8230;<\/p>\n","protected":false},"author":5,"featured_media":104180,"comment_status":"open","ping_status":"open","sticky":false,"template":"","format":"standard","meta":{"_kad_post_transparent":"","_kad_post_title":"","_kad_post_layout":"","_kad_post_sidebar_id":"","_kad_post_content_style":"","_kad_post_vertical_padding":"","_kad_post_feature":"","_kad_post_feature_position":"","_kad_post_header":false,"_kad_post_footer":false,"_kad_post_classname":"","_jetpack_memberships_contains_paid_content":false,"footnotes":"","jetpack_publicize_message":"","jetpack_publicize_feature_enabled":true,"jetpack_social_post_already_shared":true,"jetpack_social_options":{"image_generator_settings":{"template":"highway","default_image_id":0,"font":"","enabled":false},"version":2}},"categories":[904,906,1],"tags":[4127,17982,18709,17806],"class_list":["post-104179","post","type-post","status-publish","format-standard","has-post-thumbnail","hentry","category-1980-1989","category-investigacion-temas","category-portada","tag-1988-89","tag-copa-1988-89","tag-copa-infantil-1988-89","tag-liga-primera-1988-89"],"jetpack_publicize_connections":[],"jetpack_featured_media_url":"https:\/\/i0.wp.com\/www.manquepierda.com\/historiarealbetis\/files\/2025\/08\/Temporada-1988-89.jpg?fit=1085%2C640&ssl=1","jetpack_sharing_enabled":true,"jetpack_shortlink":"https:\/\/wp.me\/p1ij08-r6j","jetpack-related-posts":[],"_links":{"self":[{"href":"https:\/\/www.manquepierda.com\/historiarealbetis\/wp-json\/wp\/v2\/posts\/104179","targetHints":{"allow":["GET"]}}],"collection":[{"href":"https:\/\/www.manquepierda.com\/historiarealbetis\/wp-json\/wp\/v2\/posts"}],"about":[{"href":"https:\/\/www.manquepierda.com\/historiarealbetis\/wp-json\/wp\/v2\/types\/post"}],"author":[{"embeddable":true,"href":"https:\/\/www.manquepierda.com\/historiarealbetis\/wp-json\/wp\/v2\/users\/5"}],"replies":[{"embeddable":true,"href":"https:\/\/www.manquepierda.com\/historiarealbetis\/wp-json\/wp\/v2\/comments?post=104179"}],"version-history":[{"count":7,"href":"https:\/\/www.manquepierda.com\/historiarealbetis\/wp-json\/wp\/v2\/posts\/104179\/revisions"}],"predecessor-version":[{"id":104190,"href":"https:\/\/www.manquepierda.com\/historiarealbetis\/wp-json\/wp\/v2\/posts\/104179\/revisions\/104190"}],"wp:featuredmedia":[{"embeddable":true,"href":"https:\/\/www.manquepierda.com\/historiarealbetis\/wp-json\/wp\/v2\/media\/104180"}],"wp:attachment":[{"href":"https:\/\/www.manquepierda.com\/historiarealbetis\/wp-json\/wp\/v2\/media?parent=104179"}],"wp:term":[{"taxonomy":"category","embeddable":true,"href":"https:\/\/www.manquepierda.com\/historiarealbetis\/wp-json\/wp\/v2\/categories?post=104179"},{"taxonomy":"post_tag","embeddable":true,"href":"https:\/\/www.manquepierda.com\/historiarealbetis\/wp-json\/wp\/v2\/tags?post=104179"}],"curies":[{"name":"wp","href":"https:\/\/api.w.org\/{rel}","templated":true}]}}