{"id":104286,"date":"2025-09-03T13:00:00","date_gmt":"2025-09-03T11:00:00","guid":{"rendered":"https:\/\/www.manquepierda.com\/historiarealbetis\/?p=104286"},"modified":"2025-08-20T12:38:48","modified_gmt":"2025-08-20T10:38:48","slug":"hoy-hace-30-anos-merida-1-betis-1","status":"publish","type":"post","link":"https:\/\/www.manquepierda.com\/historiarealbetis\/hoy-hace-30-anos-merida-1-betis-1\/","title":{"rendered":"Hoy hace 30 a\u00f1os. M\u00e9rida 1 Betis 1."},"content":{"rendered":"<div class=\"wp-block-image\">\n<figure class=\"aligncenter size-full\"><img data-recalc-dims=\"1\" loading=\"lazy\" decoding=\"async\" width=\"860\" height=\"625\" src=\"https:\/\/i0.wp.com\/www.manquepierda.com\/historiarealbetis\/files\/2025\/08\/3-1995-Merida-1-Betis-1.jpg?resize=860%2C625&#038;ssl=1\" alt=\"\" class=\"wp-image-104287\" srcset=\"https:\/\/i0.wp.com\/www.manquepierda.com\/historiarealbetis\/files\/2025\/08\/3-1995-Merida-1-Betis-1.jpg?w=860&amp;ssl=1 860w, https:\/\/i0.wp.com\/www.manquepierda.com\/historiarealbetis\/files\/2025\/08\/3-1995-Merida-1-Betis-1.jpg?resize=680%2C494&amp;ssl=1 680w, https:\/\/i0.wp.com\/www.manquepierda.com\/historiarealbetis\/files\/2025\/08\/3-1995-Merida-1-Betis-1.jpg?resize=220%2C160&amp;ssl=1 220w, https:\/\/i0.wp.com\/www.manquepierda.com\/historiarealbetis\/files\/2025\/08\/3-1995-Merida-1-Betis-1.jpg?resize=768%2C558&amp;ssl=1 768w\" sizes=\"auto, (max-width: 860px) 100vw, 860px\" \/><\/figure>\n<\/div>\n\n<p><span style=\"color: #008000\">El 3 de septiembre de 1995 en el Municipal M\u00e9rida y Betis empatan a 1 en partido de la jornada 1 del Campeonato de Liga de Primera Divisi\u00f3n.<\/span><\/p>\n<p><span style=\"color: #008000\">Quique Mart\u00edn en el minuto 31 adelant\u00f3 al equipo local, aprovechando un pase en profundidad de Correa. El Betis empat\u00f3 en el 43, con un remate de cabeza de Stosic tras una falta sacada por Alexis.<\/span><\/p>\n<p><span style=\"color: #008000\">El M\u00e9rida, entrenado por Sergio Kresic, aline\u00f3 a Leal; Loren, Dulanto, Luis Sierra, Toribio (77, Urbano), Jos\u00e9 Mar\u00eda; Angel Luis, Correa, Reyes, Lluis (61, Prieto) y Quique Mart\u00edn (89, Pissarev).<\/span><\/p>\n<p><span style=\"color: #008000\">El Betis, dirigido por Lorenzo Serra, jug\u00f3 con Jaro; Merino (46, Jaime), Vidakovic, Ure\u00f1a, Josete; Ca\u00f1as (81, Jos\u00e9 Mari), Alexis, Stosic, Men\u00e9ndez; Alfonso y Kowalczyk (40, Sabas).<\/span><\/p>\n<p><span style=\"color: #008000\">En este partido debutaron en competici\u00f3n oficial con el Betis Alfonso P\u00e9rez y Jos\u00e9 Mari Garc\u00eda.\u00a0<\/span><\/p>","protected":false},"excerpt":{"rendered":"<p>El 3 de septiembre de 1995 en el Municipal M\u00e9rida y Betis empatan a 1 en partido de la jornada 1 del Campeonato de Liga de Primera Divisi\u00f3n. Quique Mart\u00edn en el minuto 31 adelant\u00f3 al equipo local, aprovechando un pase en profundidad de Correa. El Betis empat\u00f3 en el 43, con un remate de&#8230;<\/p>\n","protected":false},"author":5,"featured_media":104287,"comment_status":"open","ping_status":"open","sticky":false,"template":"","format":"standard","meta":{"_kad_post_transparent":"","_kad_post_title":"","_kad_post_layout":"","_kad_post_sidebar_id":"","_kad_post_content_style":"","_kad_post_vertical_padding":"","_kad_post_feature":"","_kad_post_feature_position":"","_kad_post_header":false,"_kad_post_footer":false,"_kad_post_classname":"","_jetpack_memberships_contains_paid_content":false,"footnotes":"","jetpack_publicize_message":"","jetpack_publicize_feature_enabled":true,"jetpack_social_post_already_shared":true,"jetpack_social_options":{"image_generator_settings":{"template":"highway","default_image_id":0,"font":"","enabled":false},"version":2}},"categories":[905,14583,1],"tags":[2459,1441,1445,17879,16862],"class_list":["post-104286","post","type-post","status-publish","format-standard","has-post-thumbnail","hentry","category-1990-1999","category-efemerides","category-portada","tag-2459","tag-alfonso-perez","tag-jose-mari-garcia","tag-liga-primera-1995-96","tag-merida-club-polideportivo"],"jetpack_publicize_connections":[],"jetpack_featured_media_url":"https:\/\/i0.wp.com\/www.manquepierda.com\/historiarealbetis\/files\/2025\/08\/3-1995-Merida-1-Betis-1.jpg?fit=860%2C625&ssl=1","jetpack_sharing_enabled":true,"jetpack_shortlink":"https:\/\/wp.me\/p1ij08-r82","jetpack-related-posts":[],"_links":{"self":[{"href":"https:\/\/www.manquepierda.com\/historiarealbetis\/wp-json\/wp\/v2\/posts\/104286","targetHints":{"allow":["GET"]}}],"collection":[{"href":"https:\/\/www.manquepierda.com\/historiarealbetis\/wp-json\/wp\/v2\/posts"}],"about":[{"href":"https:\/\/www.manquepierda.com\/historiarealbetis\/wp-json\/wp\/v2\/types\/post"}],"author":[{"embeddable":true,"href":"https:\/\/www.manquepierda.com\/historiarealbetis\/wp-json\/wp\/v2\/users\/5"}],"replies":[{"embeddable":true,"href":"https:\/\/www.manquepierda.com\/historiarealbetis\/wp-json\/wp\/v2\/comments?post=104286"}],"version-history":[{"count":3,"href":"https:\/\/www.manquepierda.com\/historiarealbetis\/wp-json\/wp\/v2\/posts\/104286\/revisions"}],"predecessor-version":[{"id":104497,"href":"https:\/\/www.manquepierda.com\/historiarealbetis\/wp-json\/wp\/v2\/posts\/104286\/revisions\/104497"}],"wp:featuredmedia":[{"embeddable":true,"href":"https:\/\/www.manquepierda.com\/historiarealbetis\/wp-json\/wp\/v2\/media\/104287"}],"wp:attachment":[{"href":"https:\/\/www.manquepierda.com\/historiarealbetis\/wp-json\/wp\/v2\/media?parent=104286"}],"wp:term":[{"taxonomy":"category","embeddable":true,"href":"https:\/\/www.manquepierda.com\/historiarealbetis\/wp-json\/wp\/v2\/categories?post=104286"},{"taxonomy":"post_tag","embeddable":true,"href":"https:\/\/www.manquepierda.com\/historiarealbetis\/wp-json\/wp\/v2\/tags?post=104286"}],"curies":[{"name":"wp","href":"https:\/\/api.w.org\/{rel}","templated":true}]}}