{"id":104289,"date":"2025-09-04T13:00:00","date_gmt":"2025-09-04T11:00:00","guid":{"rendered":"https:\/\/www.manquepierda.com\/historiarealbetis\/?p=104289"},"modified":"2025-08-20T16:31:24","modified_gmt":"2025-08-20T14:31:24","slug":"hoy-hace-15-anos-recreativo-1-betis-3","status":"publish","type":"post","link":"https:\/\/www.manquepierda.com\/historiarealbetis\/hoy-hace-15-anos-recreativo-1-betis-3\/","title":{"rendered":"Hoy hace 15 a\u00f1os. Recreativo 1 Betis 3."},"content":{"rendered":"<div class=\"wp-block-image\">\n<figure class=\"aligncenter size-full\"><img data-recalc-dims=\"1\" loading=\"lazy\" decoding=\"async\" width=\"500\" height=\"333\" src=\"https:\/\/i0.wp.com\/www.manquepierda.com\/historiarealbetis\/files\/2025\/08\/4-2010-Recreativo-1-Betis-3.jpg?resize=500%2C333&#038;ssl=1\" alt=\"\" class=\"wp-image-104290\" srcset=\"https:\/\/i0.wp.com\/www.manquepierda.com\/historiarealbetis\/files\/2025\/08\/4-2010-Recreativo-1-Betis-3.jpg?w=500&amp;ssl=1 500w, https:\/\/i0.wp.com\/www.manquepierda.com\/historiarealbetis\/files\/2025\/08\/4-2010-Recreativo-1-Betis-3.jpg?resize=220%2C147&amp;ssl=1 220w\" sizes=\"auto, (max-width: 500px) 100vw, 500px\" \/><\/figure>\n<\/div>\n\n<p><span style=\"color: #008000\">El 4 de septiembre de 2010 en el Nuevo Colombino el Betis se impone 1-3 al Recreativo de Huelva en partido de la jornada 2 del Campeonato de Liga de Segunda Divisi\u00f3n.<\/span><\/p>\n<p><span style=\"color: #008000\">Eman\u00e1 de penalti en el 42 puso por delante al Betis, que ampli\u00f3 su ventaja en el 76 con una falta lanzada por Caffa. Jes\u00fas V\u00e1zquez, tambi\u00e9n de penalti, acerc\u00f3 al Recreativo en el 89, pero Eman\u00e1 en el 90 hizo el 1-3.<\/span><\/p>\n<p><span style=\"color: #008000\">El Recreativo, entrenado por Pablo Alfaro, aline\u00f3 a Fabricio; Aranda (67, C\u00f3rcoles), Mora, Manolo Mart\u00ednez, Cabrera; Juan Villar, Alex Quillo (74, Emilio S\u00e1nchez), Jes\u00fas V\u00e1zquez, Aitor; Acu\u00f1a y Dani (37, Pablo S\u00e1nchez).<\/span><\/p>\n<p><span style=\"color: #008000\">El Betis, dirigido por Pepe Mel, jug\u00f3 con Goitia; Miguel Lopes (68, Vega), Belenguer, Dorado, Nacho; Caffa, Iriney, Salva Sevilla (57, Be\u00f1at), Momo (81, Israel); Eman\u00e1 y Rub\u00e9n Castro.<\/span><\/p>\n<p><span style=\"color: #008000\">En este encuentro debut\u00f3 con el Betis en competici\u00f3n oficial Miguel Lopes.<\/span><\/p>","protected":false},"excerpt":{"rendered":"<p>El 4 de septiembre de 2010 en el Nuevo Colombino el Betis se impone 1-3 al Recreativo de Huelva en partido de la jornada 2 del Campeonato de Liga de Segunda Divisi\u00f3n. Eman\u00e1 de penalti en el 42 puso por delante al Betis, que ampli\u00f3 su ventaja en el 76 con una falta lanzada por&#8230;<\/p>\n","protected":false},"author":5,"featured_media":104290,"comment_status":"open","ping_status":"open","sticky":false,"template":"","format":"standard","meta":{"_kad_post_transparent":"","_kad_post_title":"","_kad_post_layout":"","_kad_post_sidebar_id":"","_kad_post_content_style":"","_kad_post_vertical_padding":"","_kad_post_feature":"","_kad_post_feature_position":"","_kad_post_header":false,"_kad_post_footer":false,"_kad_post_classname":"","_jetpack_memberships_contains_paid_content":false,"footnotes":"","jetpack_publicize_message":"","jetpack_publicize_feature_enabled":true,"jetpack_social_post_already_shared":true,"jetpack_social_options":{"image_generator_settings":{"template":"highway","default_image_id":0,"font":"","enabled":false},"version":2}},"categories":[15447,14583,1],"tags":[12046,18085,583,2038],"class_list":["post-104289","post","type-post","status-publish","format-standard","has-post-thumbnail","hentry","category-2010-2019","category-efemerides","category-portada","tag-12046","tag-liga-segunda-2010-11","tag-miguel-lopes","tag-real-club-recreativo-de-huelva"],"jetpack_publicize_connections":[],"jetpack_featured_media_url":"https:\/\/i0.wp.com\/www.manquepierda.com\/historiarealbetis\/files\/2025\/08\/4-2010-Recreativo-1-Betis-3.jpg?fit=500%2C333&ssl=1","jetpack_sharing_enabled":true,"jetpack_shortlink":"https:\/\/wp.me\/p1ij08-r85","jetpack-related-posts":[],"_links":{"self":[{"href":"https:\/\/www.manquepierda.com\/historiarealbetis\/wp-json\/wp\/v2\/posts\/104289","targetHints":{"allow":["GET"]}}],"collection":[{"href":"https:\/\/www.manquepierda.com\/historiarealbetis\/wp-json\/wp\/v2\/posts"}],"about":[{"href":"https:\/\/www.manquepierda.com\/historiarealbetis\/wp-json\/wp\/v2\/types\/post"}],"author":[{"embeddable":true,"href":"https:\/\/www.manquepierda.com\/historiarealbetis\/wp-json\/wp\/v2\/users\/5"}],"replies":[{"embeddable":true,"href":"https:\/\/www.manquepierda.com\/historiarealbetis\/wp-json\/wp\/v2\/comments?post=104289"}],"version-history":[{"count":2,"href":"https:\/\/www.manquepierda.com\/historiarealbetis\/wp-json\/wp\/v2\/posts\/104289\/revisions"}],"predecessor-version":[{"id":104524,"href":"https:\/\/www.manquepierda.com\/historiarealbetis\/wp-json\/wp\/v2\/posts\/104289\/revisions\/104524"}],"wp:featuredmedia":[{"embeddable":true,"href":"https:\/\/www.manquepierda.com\/historiarealbetis\/wp-json\/wp\/v2\/media\/104290"}],"wp:attachment":[{"href":"https:\/\/www.manquepierda.com\/historiarealbetis\/wp-json\/wp\/v2\/media?parent=104289"}],"wp:term":[{"taxonomy":"category","embeddable":true,"href":"https:\/\/www.manquepierda.com\/historiarealbetis\/wp-json\/wp\/v2\/categories?post=104289"},{"taxonomy":"post_tag","embeddable":true,"href":"https:\/\/www.manquepierda.com\/historiarealbetis\/wp-json\/wp\/v2\/tags?post=104289"}],"curies":[{"name":"wp","href":"https:\/\/api.w.org\/{rel}","templated":true}]}}