{"id":104297,"date":"2025-09-06T13:00:00","date_gmt":"2025-09-06T11:00:00","guid":{"rendered":"https:\/\/www.manquepierda.com\/historiarealbetis\/?p=104297"},"modified":"2025-08-18T08:45:43","modified_gmt":"2025-08-18T06:45:43","slug":"hoy-hace-25-anos-fichaje-de-gaby-amato","status":"publish","type":"post","link":"https:\/\/www.manquepierda.com\/historiarealbetis\/hoy-hace-25-anos-fichaje-de-gaby-amato\/","title":{"rendered":"Hoy hace 25 a\u00f1os. Fichaje de Gaby Amato."},"content":{"rendered":"<div class=\"wp-block-image\">\n<figure class=\"aligncenter size-full\"><img data-recalc-dims=\"1\" loading=\"lazy\" decoding=\"async\" width=\"427\" height=\"443\" src=\"https:\/\/i0.wp.com\/www.manquepierda.com\/historiarealbetis\/files\/2025\/08\/6-2000-Fichaje-de-Gaby-Amato.jpg?resize=427%2C443&#038;ssl=1\" alt=\"\" class=\"wp-image-104298\" srcset=\"https:\/\/i0.wp.com\/www.manquepierda.com\/historiarealbetis\/files\/2025\/08\/6-2000-Fichaje-de-Gaby-Amato.jpg?w=427&amp;ssl=1 427w, https:\/\/i0.wp.com\/www.manquepierda.com\/historiarealbetis\/files\/2025\/08\/6-2000-Fichaje-de-Gaby-Amato.jpg?resize=212%2C220&amp;ssl=1 212w\" sizes=\"auto, (max-width: 427px) 100vw, 427px\" \/><\/figure>\n<\/div>\n\n<p>\u00a0<\/p>\n<p><span style=\"color: #008000\">El 6 de septiembre de 2000 se cierra el fichaje de Gaby Amato por el Real Betis Balompi\u00e9.<\/span><\/p>\n<p><span style=\"color: #008000\">El delantero argentino lleg\u00f3 libre desde las filas del Gremio de Porto Alegre brasile\u00f1o, firmando un contrato por 3 temporadas, despu\u00e9s de unas arduas y complicadas negociaciones.<\/span><\/p>","protected":false},"excerpt":{"rendered":"<p>\u00a0 El 6 de septiembre de 2000 se cierra el fichaje de Gaby Amato por el Real Betis Balompi\u00e9. El delantero argentino lleg\u00f3 libre desde las filas del Gremio de Porto Alegre brasile\u00f1o, firmando un contrato por 3 temporadas, despu\u00e9s de unas arduas y complicadas negociaciones.<\/p>\n","protected":false},"author":5,"featured_media":104298,"comment_status":"open","ping_status":"open","sticky":false,"template":"","format":"standard","meta":{"_kad_post_transparent":"","_kad_post_title":"","_kad_post_layout":"","_kad_post_sidebar_id":"","_kad_post_content_style":"","_kad_post_vertical_padding":"","_kad_post_feature":"","_kad_post_feature_position":"","_kad_post_header":false,"_kad_post_footer":false,"_kad_post_classname":"","_jetpack_memberships_contains_paid_content":false,"footnotes":"","jetpack_publicize_message":"","jetpack_publicize_feature_enabled":true,"jetpack_social_post_already_shared":true,"jetpack_social_options":{"image_generator_settings":{"template":"highway","default_image_id":0,"font":"","enabled":false},"version":2}},"categories":[4823,14583,1],"tags":[6730,3275],"class_list":["post-104297","post","type-post","status-publish","format-standard","has-post-thumbnail","hentry","category-2000-2009","category-efemerides","category-portada","tag-6730","tag-gabriel-amato"],"jetpack_publicize_connections":[],"jetpack_featured_media_url":"https:\/\/i0.wp.com\/www.manquepierda.com\/historiarealbetis\/files\/2025\/08\/6-2000-Fichaje-de-Gaby-Amato.jpg?fit=427%2C443&ssl=1","jetpack_sharing_enabled":true,"jetpack_shortlink":"https:\/\/wp.me\/p1ij08-r8d","jetpack-related-posts":[],"_links":{"self":[{"href":"https:\/\/www.manquepierda.com\/historiarealbetis\/wp-json\/wp\/v2\/posts\/104297","targetHints":{"allow":["GET"]}}],"collection":[{"href":"https:\/\/www.manquepierda.com\/historiarealbetis\/wp-json\/wp\/v2\/posts"}],"about":[{"href":"https:\/\/www.manquepierda.com\/historiarealbetis\/wp-json\/wp\/v2\/types\/post"}],"author":[{"embeddable":true,"href":"https:\/\/www.manquepierda.com\/historiarealbetis\/wp-json\/wp\/v2\/users\/5"}],"replies":[{"embeddable":true,"href":"https:\/\/www.manquepierda.com\/historiarealbetis\/wp-json\/wp\/v2\/comments?post=104297"}],"version-history":[{"count":1,"href":"https:\/\/www.manquepierda.com\/historiarealbetis\/wp-json\/wp\/v2\/posts\/104297\/revisions"}],"predecessor-version":[{"id":104299,"href":"https:\/\/www.manquepierda.com\/historiarealbetis\/wp-json\/wp\/v2\/posts\/104297\/revisions\/104299"}],"wp:featuredmedia":[{"embeddable":true,"href":"https:\/\/www.manquepierda.com\/historiarealbetis\/wp-json\/wp\/v2\/media\/104298"}],"wp:attachment":[{"href":"https:\/\/www.manquepierda.com\/historiarealbetis\/wp-json\/wp\/v2\/media?parent=104297"}],"wp:term":[{"taxonomy":"category","embeddable":true,"href":"https:\/\/www.manquepierda.com\/historiarealbetis\/wp-json\/wp\/v2\/categories?post=104297"},{"taxonomy":"post_tag","embeddable":true,"href":"https:\/\/www.manquepierda.com\/historiarealbetis\/wp-json\/wp\/v2\/tags?post=104297"}],"curies":[{"name":"wp","href":"https:\/\/api.w.org\/{rel}","templated":true}]}}