{"id":104317,"date":"2025-09-12T13:00:00","date_gmt":"2025-09-12T11:00:00","guid":{"rendered":"https:\/\/www.manquepierda.com\/historiarealbetis\/?p=104317"},"modified":"2025-08-18T19:05:23","modified_gmt":"2025-08-18T17:05:23","slug":"hoy-hace-30-anos-fenerbahce-1-betis-2","status":"publish","type":"post","link":"https:\/\/www.manquepierda.com\/historiarealbetis\/hoy-hace-30-anos-fenerbahce-1-betis-2\/","title":{"rendered":"Hoy hace 30 a\u00f1os. Fenerbahce 1 Betis 2 en la Copa de la UEFA."},"content":{"rendered":"<div class=\"wp-block-image\">\n<figure class=\"aligncenter size-full\"><img data-recalc-dims=\"1\" loading=\"lazy\" decoding=\"async\" width=\"497\" height=\"403\" src=\"https:\/\/i0.wp.com\/www.manquepierda.com\/historiarealbetis\/files\/2025\/08\/12-1995-Fenerbahce-1-Betis-2.jpg?resize=497%2C403&#038;ssl=1\" alt=\"\" class=\"wp-image-104318\" srcset=\"https:\/\/i0.wp.com\/www.manquepierda.com\/historiarealbetis\/files\/2025\/08\/12-1995-Fenerbahce-1-Betis-2.jpg?w=497&amp;ssl=1 497w, https:\/\/i0.wp.com\/www.manquepierda.com\/historiarealbetis\/files\/2025\/08\/12-1995-Fenerbahce-1-Betis-2.jpg?resize=220%2C178&amp;ssl=1 220w\" sizes=\"auto, (max-width: 497px) 100vw, 497px\" \/><\/figure>\n<\/div>\n\n<p>\u00a0<\/p>\n<p><span style=\"color: #008000\">El 12 de septiembre de 1995 en el Fenerbahce Stadium de Estambul el Betis gana 1-2 al Fenerbahce en el partido de ida de la primera eliminatoria de la Copa de la UEFA.<\/span><\/p>\n<p><span style=\"color: #008000\">En el minuto 27 un contragolpe b\u00e9tico conducido por Stosic culmin\u00f3 en un pase medido a Pier, que marc\u00f3 con un tiro ajustado. Empat\u00f3 el equipo local en el 75, con una vaselina de Aykut que bati\u00f3 a Jaro. En el 79 Sabas dispar\u00f3 desde el borde del \u00e1rea turca, colocando el bal\u00f3n en la escuadra para hacer el 1-2.<\/span><\/p>\n<p><span style=\"color: #008000\">El Fenerbahce, entrenado por Carlos Alberto Parreira, aline\u00f3 a Rustu; Okechukwu, Hogh, Erol, Ilker (59, Mustaf\u00e1); Kemalettin, Oguz, Tayfun, Bulent (59, Aykut); Bolic y Aygun (72, Ali Nail).<\/span><\/p>\n<p><span style=\"color: #008000\">El Betis, dirigido por Lorenzo Serra, jug\u00f3 con Jaro; Jaime, Ure\u00f1a, Vidakovic, Josete; Ca\u00f1as, Merino, Alexis, Stosic (64, Sabas), Jarni (89, Men\u00e9ndez) y Pier.<\/span><\/p>","protected":false},"excerpt":{"rendered":"<p>\u00a0 El 12 de septiembre de 1995 en el Fenerbahce Stadium de Estambul el Betis gana 1-2 al Fenerbahce en el partido de ida de la primera eliminatoria de la Copa de la UEFA. En el minuto 27 un contragolpe b\u00e9tico conducido por Stosic culmin\u00f3 en un pase medido a Pier, que marc\u00f3 con un&#8230;<\/p>\n","protected":false},"author":5,"featured_media":104318,"comment_status":"open","ping_status":"open","sticky":false,"template":"","format":"standard","meta":{"_kad_post_transparent":"","_kad_post_title":"","_kad_post_layout":"","_kad_post_sidebar_id":"","_kad_post_content_style":"","_kad_post_vertical_padding":"","_kad_post_feature":"","_kad_post_feature_position":"","_kad_post_header":false,"_kad_post_footer":false,"_kad_post_classname":"","_jetpack_memberships_contains_paid_content":false,"footnotes":"","jetpack_publicize_message":"","jetpack_publicize_feature_enabled":true,"jetpack_social_post_already_shared":true,"jetpack_social_options":{"image_generator_settings":{"template":"highway","default_image_id":0,"font":"","enabled":false},"version":2}},"categories":[905,14583,1],"tags":[2459,17882,5020],"class_list":["post-104317","post","type-post","status-publish","format-standard","has-post-thumbnail","hentry","category-1990-1999","category-efemerides","category-portada","tag-2459","tag-copa-uefa-1995-96","tag-fenerbahce"],"jetpack_publicize_connections":[],"jetpack_featured_media_url":"https:\/\/i0.wp.com\/www.manquepierda.com\/historiarealbetis\/files\/2025\/08\/12-1995-Fenerbahce-1-Betis-2.jpg?fit=497%2C403&ssl=1","jetpack_sharing_enabled":true,"jetpack_shortlink":"https:\/\/wp.me\/p1ij08-r8x","jetpack-related-posts":[],"_links":{"self":[{"href":"https:\/\/www.manquepierda.com\/historiarealbetis\/wp-json\/wp\/v2\/posts\/104317","targetHints":{"allow":["GET"]}}],"collection":[{"href":"https:\/\/www.manquepierda.com\/historiarealbetis\/wp-json\/wp\/v2\/posts"}],"about":[{"href":"https:\/\/www.manquepierda.com\/historiarealbetis\/wp-json\/wp\/v2\/types\/post"}],"author":[{"embeddable":true,"href":"https:\/\/www.manquepierda.com\/historiarealbetis\/wp-json\/wp\/v2\/users\/5"}],"replies":[{"embeddable":true,"href":"https:\/\/www.manquepierda.com\/historiarealbetis\/wp-json\/wp\/v2\/comments?post=104317"}],"version-history":[{"count":2,"href":"https:\/\/www.manquepierda.com\/historiarealbetis\/wp-json\/wp\/v2\/posts\/104317\/revisions"}],"predecessor-version":[{"id":104320,"href":"https:\/\/www.manquepierda.com\/historiarealbetis\/wp-json\/wp\/v2\/posts\/104317\/revisions\/104320"}],"wp:featuredmedia":[{"embeddable":true,"href":"https:\/\/www.manquepierda.com\/historiarealbetis\/wp-json\/wp\/v2\/media\/104318"}],"wp:attachment":[{"href":"https:\/\/www.manquepierda.com\/historiarealbetis\/wp-json\/wp\/v2\/media?parent=104317"}],"wp:term":[{"taxonomy":"category","embeddable":true,"href":"https:\/\/www.manquepierda.com\/historiarealbetis\/wp-json\/wp\/v2\/categories?post=104317"},{"taxonomy":"post_tag","embeddable":true,"href":"https:\/\/www.manquepierda.com\/historiarealbetis\/wp-json\/wp\/v2\/tags?post=104317"}],"curies":[{"name":"wp","href":"https:\/\/api.w.org\/{rel}","templated":true}]}}