{"id":104602,"date":"2025-08-31T11:00:00","date_gmt":"2025-08-31T09:00:00","guid":{"rendered":"https:\/\/www.manquepierda.com\/historiarealbetis\/?p=104602"},"modified":"2025-08-27T23:35:00","modified_gmt":"2025-08-27T21:35:00","slug":"el-mago-rogelio","status":"publish","type":"post","link":"https:\/\/www.manquepierda.com\/historiarealbetis\/el-mago-rogelio\/","title":{"rendered":"El mago Rogelio."},"content":{"rendered":"<div class=\"wp-block-image\">\n<figure class=\"aligncenter size-full\"><img data-recalc-dims=\"1\" loading=\"lazy\" decoding=\"async\" width=\"725\" height=\"401\" src=\"https:\/\/i0.wp.com\/www.manquepierda.com\/historiarealbetis\/files\/2025\/08\/El-mago-Rogelio.jpg?resize=725%2C401&#038;ssl=1\" alt=\"\" class=\"wp-image-104603\" srcset=\"https:\/\/i0.wp.com\/www.manquepierda.com\/historiarealbetis\/files\/2025\/08\/El-mago-Rogelio.jpg?w=725&amp;ssl=1 725w, https:\/\/i0.wp.com\/www.manquepierda.com\/historiarealbetis\/files\/2025\/08\/El-mago-Rogelio.jpg?resize=680%2C376&amp;ssl=1 680w, https:\/\/i0.wp.com\/www.manquepierda.com\/historiarealbetis\/files\/2025\/08\/El-mago-Rogelio.jpg?resize=220%2C122&amp;ssl=1 220w\" sizes=\"auto, (max-width: 725px) 100vw, 725px\" \/><\/figure>\n<\/div>\n\n<p>Todas las generaciones de b\u00e9ticos han tenido sus \u00eddolos futbol\u00edsticos, esos jugadores en los que los j\u00f3venes, y no tan j\u00f3venes, proyectan sus ilusiones y de los que siempre se puede esperar la jugada prodigiosa que resuelva un partido o que levante a los aficionados sentados en la grada.<\/p>\n<p>Si a eso se le a\u00f1ade que era de la casa, criado en la cantera b\u00e9tica, y que encima era una persona accesible, en un mundo en que el que los jugadores conviv\u00edan en los mismos lugares en los que lo hac\u00edan los aficionados, tenemos que coincidir en que Rogelio Sora cumpl\u00eda perfectamente todos esos condicionantes para ser el \u00eddolo de una generaci\u00f3n, la que se crio y creci\u00f3 con el Betis de los 60 y los 70.<\/p>\n<p>Todo ello se refleja en este art\u00edculo de Manolo Boh\u00f3rquez en las p\u00e1ginas de El Correo de Andaluc\u00eda de marzo de 2019, al d\u00eda siguiente de que falleciera El Mago de Coria.\u00a0<\/p>\n<p><span style=\"color: #008000\"><em>No s\u00e9 si sabr\u00e9 expresar lo que sent\u00eda por Rogelio Sosa Ram\u00edrez, m\u00e1s all\u00e1 del beticismo que me pueda quedar, que no ser\u00e1 una gran cosa porque no soy de los de amar para toda la vida y menos a un equipo de f\u00fatbol. <\/em><\/span><\/p>\n<p><span style=\"color: #008000\"><em>Rogelio fue un h\u00e9roe de mi infancia, primero en Palomares y despu\u00e9s, cuando me vine a vivir a Sevilla, en 1973, lo fue de mi adolescencia. M\u00e1s a\u00fan si cabe, porque iba a verlo jugar al campo, sobre todo cuando el partido era de noche, porque me gustaba ver brillar el bal\u00f3n por las luces cuando \u00e9l le daba aquel efecto \u00fanico, de rosca, que hac\u00eda que la visi\u00f3n fuera un verdadero espect\u00e1culo nocturno en el Benito Villamar\u00edn y fuera del estadio. Era como ver volar un tiovivo por el espacio. Luego, aquella manera de controlar el bal\u00f3n y de mirar de frente mientras pensaba en el destinatario de su asistencia, con aquellos desplazamientos del bal\u00f3n tan medidos que no parec\u00edan de este mundo, ni del otro tampoco. Rogelio era un futbolista de una clase y un talento sobrenaturales, con una zurda prodigiosa, pero era algo m\u00e1s que un futbolista, ten\u00eda esa la luz de los genios, de los elegidos, que hac\u00eda que fuera del campo tambi\u00e9n constituyera un espect\u00e1culo.<\/em><\/span><\/p>\n<p><span style=\"color: #008000\"><em> Mi vinculaci\u00f3n a Coria del R\u00edo, estudiando en el Colegio de El Cerro y trabajando de panadero al lado de su casa, me permit\u00eda verlo andar por las calles o tomarse unas cervezas con los amigos, y donde lo viera me paraba a mirarlo porque era como ver a Dios de paisano. <\/em><\/span><\/p>\n<p><span style=\"color: #008000\"><em>En Palomares del R\u00edo se paraba todo cuando El Portugu\u00e9s pon\u00eda la radio en su huerta y medio pueblo iba a escuchar la retransmisi\u00f3n de los partidos. Hab\u00eda siempre mucho jaleo, pero cuando el locutor nombraba a Rogelio se quedaba todo en silencio, porque casi siempre ocurr\u00eda algo digno de ser contado y escuchado. En los grandes encuentros con el Real Madrid o el Barcelona, el coriano nunca defraudaba. <\/em><\/span><\/p>\n<p><span style=\"color: #008000\"><em>Recuerdo un partido contra el Atl\u00e9tico de Bilbao, en el que no hizo nada rese\u00f1able y la grada le mostr\u00f3 sus quejas. Al genio se le subi\u00f3 el amor propio a la cabeza, y al recibir un bal\u00f3n cerca de la banda izquierda, le hizo frente el gran defensa Madariaga y se lo meti\u00f3 tres veces por debajo de las cachas, para luego darle un pase de oro a no recuerdo bien qui\u00e9n y marcar el Betis en el \u00faltimo minuto. <\/em><em style=\"font-size: revert\">El mago de Coria la liaba cada vez que le daba la gana.<\/em><\/span><\/p>\n<p><span style=\"color: #008000\"><em style=\"font-size: revert\"> Ten\u00eda, adem\u00e1s, encanto personal, ese don de gente que hac\u00eda que lo quisieran tanto b\u00e9ticos como sevillistas. Una ma\u00f1ana fui a ver los entrenamientos del Betis en el Benito Villamar\u00edn y lo vi tirando faltas a puerta vac\u00eda. Me coloqu\u00e9 cerca de la porter\u00eda para que me viera, porque le llevaba el pan a casa, y me dijo: \u201cPonte ah\u00ed, panadero\u201d. No me lo pod\u00eda creer, pero me puse debajo de los mismos palos donde vi colocarse a Ir\u00edbar y Esnaola. Me iba a tirar un penalti y como sab\u00eda c\u00f3mo los resolv\u00eda, con su famosa paradi\u00f1a en uno, dos y hasta tres tiempos, aguant\u00e9 el tir\u00f3n y se lo detuve haciendo el parad\u00f3n de mi vida. No olvidar\u00e9 jam\u00e1s su sonrisa y la cara de asombro de Esnaola en aquella soleada ma\u00f1ana.<\/em><\/span><\/p>\n<p><span style=\"color: #008000\"><em style=\"font-size: revert\"> Tampoco olvidar\u00e9 nunca a Rogelio, el mago del f\u00fatbol sevillano, su anchurosa sonrisa y lo bien que le sentaban las gafas de sol y los chalecos de pico cuando iba por Palomares.<\/em><\/span><\/p>","protected":false},"excerpt":{"rendered":"<p>Todas las generaciones de b\u00e9ticos han tenido sus \u00eddolos futbol\u00edsticos, esos jugadores en los que los j\u00f3venes, y no tan j\u00f3venes, proyectan sus ilusiones y de los que siempre se puede esperar la jugada prodigiosa que resuelva un partido o que levante a los aficionados sentados en la grada. Si a eso se le a\u00f1ade&#8230;<\/p>\n","protected":false},"author":5,"featured_media":104603,"comment_status":"open","ping_status":"open","sticky":false,"template":"","format":"standard","meta":{"_kad_post_transparent":"","_kad_post_title":"","_kad_post_layout":"","_kad_post_sidebar_id":"","_kad_post_content_style":"","_kad_post_vertical_padding":"","_kad_post_feature":"","_kad_post_feature_position":"","_kad_post_header":false,"_kad_post_footer":false,"_kad_post_classname":"","_jetpack_memberships_contains_paid_content":false,"footnotes":"","jetpack_publicize_message":"","jetpack_publicize_feature_enabled":true,"jetpack_social_post_already_shared":true,"jetpack_social_options":{"image_generator_settings":{"template":"highway","default_image_id":0,"font":"","enabled":false},"version":2}},"categories":[1,1176],"tags":[18739,1396],"class_list":["post-104602","post","type-post","status-publish","format-standard","has-post-thumbnail","hentry","category-portada","category-relatos-de-futbol","tag-manolo-bohorquez","tag-rogelio-sosa"],"jetpack_publicize_connections":[],"jetpack_featured_media_url":"https:\/\/i0.wp.com\/www.manquepierda.com\/historiarealbetis\/files\/2025\/08\/El-mago-Rogelio.jpg?fit=725%2C401&ssl=1","jetpack_sharing_enabled":true,"jetpack_shortlink":"https:\/\/wp.me\/p1ij08-rd8","jetpack-related-posts":[],"_links":{"self":[{"href":"https:\/\/www.manquepierda.com\/historiarealbetis\/wp-json\/wp\/v2\/posts\/104602","targetHints":{"allow":["GET"]}}],"collection":[{"href":"https:\/\/www.manquepierda.com\/historiarealbetis\/wp-json\/wp\/v2\/posts"}],"about":[{"href":"https:\/\/www.manquepierda.com\/historiarealbetis\/wp-json\/wp\/v2\/types\/post"}],"author":[{"embeddable":true,"href":"https:\/\/www.manquepierda.com\/historiarealbetis\/wp-json\/wp\/v2\/users\/5"}],"replies":[{"embeddable":true,"href":"https:\/\/www.manquepierda.com\/historiarealbetis\/wp-json\/wp\/v2\/comments?post=104602"}],"version-history":[{"count":3,"href":"https:\/\/www.manquepierda.com\/historiarealbetis\/wp-json\/wp\/v2\/posts\/104602\/revisions"}],"predecessor-version":[{"id":104711,"href":"https:\/\/www.manquepierda.com\/historiarealbetis\/wp-json\/wp\/v2\/posts\/104602\/revisions\/104711"}],"wp:featuredmedia":[{"embeddable":true,"href":"https:\/\/www.manquepierda.com\/historiarealbetis\/wp-json\/wp\/v2\/media\/104603"}],"wp:attachment":[{"href":"https:\/\/www.manquepierda.com\/historiarealbetis\/wp-json\/wp\/v2\/media?parent=104602"}],"wp:term":[{"taxonomy":"category","embeddable":true,"href":"https:\/\/www.manquepierda.com\/historiarealbetis\/wp-json\/wp\/v2\/categories?post=104602"},{"taxonomy":"post_tag","embeddable":true,"href":"https:\/\/www.manquepierda.com\/historiarealbetis\/wp-json\/wp\/v2\/tags?post=104602"}],"curies":[{"name":"wp","href":"https:\/\/api.w.org\/{rel}","templated":true}]}}