{"id":10465,"date":"2011-04-15T06:59:03","date_gmt":"2011-04-15T05:59:03","guid":{"rendered":"http:\/\/www.manquepierda.com\/historiarealbetis\/?p=10465"},"modified":"2024-09-10T22:59:29","modified_gmt":"2024-09-10T20:59:29","slug":"nos-visita-el-fc-cartagena","status":"publish","type":"post","link":"https:\/\/www.manquepierda.com\/historiarealbetis\/nos-visita-el-fc-cartagena\/","title":{"rendered":"Nos visita el FC Cartagena"},"content":{"rendered":"<p><a class=\"lightbox\" title=\"plantilla_oficial\" href=\"https:\/\/i0.wp.com\/www.manquepierda.com\/historiarealbetis\/files\/2011\/04\/plantilla_oficial.jpg?ssl=1\"><img data-recalc-dims=\"1\" loading=\"lazy\" decoding=\"async\" class=\"aligncenter size-full wp-image-10470\" src=\"https:\/\/i0.wp.com\/www.manquepierda.com\/historiarealbetis\/files\/2011\/04\/plantilla_oficial.jpg?resize=450%2C250&#038;ssl=1\" alt=\"\" width=\"450\" height=\"250\" srcset=\"https:\/\/i0.wp.com\/www.manquepierda.com\/historiarealbetis\/files\/2011\/04\/plantilla_oficial.jpg?w=450&amp;ssl=1 450w, https:\/\/i0.wp.com\/www.manquepierda.com\/historiarealbetis\/files\/2011\/04\/plantilla_oficial.jpg?resize=300%2C166&amp;ssl=1 300w\" sizes=\"auto, (max-width: 450px) 100vw, 450px\" \/><\/a><\/p>\n<p>Este s\u00e1bado a las 18 horas recibiremos por segunda vez en nuestra historia la visita del FC Cartagena, un club fundado en 1995 y que ha disputado 2 temporadas en Segunda Divisi\u00f3n, 11 en Segunda B y 2 en Tercera.<\/p>\n<p>La \u00fanica ocasi\u00f3n que ha jugado en el Benito Villamar\u00edn fue el pasado 27 de Septiembre de 2009, cuando se produjo un empate a 0 en la quinta jornada del Campeonato de Liga de Segunda Divisi\u00f3n.<\/p>\n<p>S\u00ed hemos jugado en bastantes m\u00e1s ocasiones con el otro conjunto cartagenero: el hist\u00f3rico Cartagena F\u00fatbol Club, con el que entre 1926 y 1941 nos enfrentamos en Sevilla en 6 ocasiones: 2 partidos de Copa (victorias b\u00e9ticas), 2 partidos de Liga de Segunda (victorias b\u00e9ticas) y 2 amistosos, tambi\u00e9n con victoria local.<\/p>\n<p>Como jugadores que han militado en Betis y FC Cartagena podemos mencionar a Francisco Jos\u00e9 Maldonado y a Rodrigo Su\u00e1rez \u00abRodri\u00bb, actualmente cedido en el conjunto blanquinegro.<\/p>\n<p>Felipe Mesones es el \u00fanico entrenador que ha militado en ambos conjuntos.<\/p>\n","protected":false},"excerpt":{"rendered":"<p>Este s\u00e1bado a las 18 horas recibiremos por segunda vez en nuestra historia la visita del FC Cartagena, un club fundado en 1995 y que ha disputado 2 temporadas en Segunda Divisi\u00f3n, 11 en Segunda B y 2 en Tercera. La \u00fanica ocasi\u00f3n que ha jugado en el Benito Villamar\u00edn fue el pasado 27 de&#8230;<\/p>\n","protected":false},"author":5,"featured_media":10470,"comment_status":"open","ping_status":"open","sticky":false,"template":"","format":"standard","meta":{"_kad_post_transparent":"","_kad_post_title":"","_kad_post_layout":"","_kad_post_sidebar_id":"","_kad_post_content_style":"","_kad_post_vertical_padding":"","_kad_post_feature":"","_kad_post_feature_position":"","_kad_post_header":false,"_kad_post_footer":false,"_kad_post_classname":"","_jetpack_memberships_contains_paid_content":false,"footnotes":"","jetpack_publicize_message":"","jetpack_publicize_feature_enabled":true,"jetpack_social_post_already_shared":false,"jetpack_social_options":{"image_generator_settings":{"template":"highway","default_image_id":0,"font":"","enabled":false},"version":2}},"categories":[895],"tags":[1186,1152,1187,1626],"class_list":["post-10465","post","type-post","status-publish","format-standard","has-post-thumbnail","hentry","category-los-rivales","tag-fc-cartagena","tag-felipe-mesones","tag-francisco-jose-maldonado","tag-rodrigo-suarez-rodri"],"jetpack_publicize_connections":[],"jetpack_featured_media_url":"https:\/\/i0.wp.com\/www.manquepierda.com\/historiarealbetis\/files\/2011\/04\/plantilla_oficial.jpg?fit=450%2C250&ssl=1","jetpack_sharing_enabled":true,"jetpack_shortlink":"https:\/\/wp.me\/p1ij08-2IN","jetpack-related-posts":[],"_links":{"self":[{"href":"https:\/\/www.manquepierda.com\/historiarealbetis\/wp-json\/wp\/v2\/posts\/10465","targetHints":{"allow":["GET"]}}],"collection":[{"href":"https:\/\/www.manquepierda.com\/historiarealbetis\/wp-json\/wp\/v2\/posts"}],"about":[{"href":"https:\/\/www.manquepierda.com\/historiarealbetis\/wp-json\/wp\/v2\/types\/post"}],"author":[{"embeddable":true,"href":"https:\/\/www.manquepierda.com\/historiarealbetis\/wp-json\/wp\/v2\/users\/5"}],"replies":[{"embeddable":true,"href":"https:\/\/www.manquepierda.com\/historiarealbetis\/wp-json\/wp\/v2\/comments?post=10465"}],"version-history":[{"count":2,"href":"https:\/\/www.manquepierda.com\/historiarealbetis\/wp-json\/wp\/v2\/posts\/10465\/revisions"}],"predecessor-version":[{"id":99044,"href":"https:\/\/www.manquepierda.com\/historiarealbetis\/wp-json\/wp\/v2\/posts\/10465\/revisions\/99044"}],"wp:featuredmedia":[{"embeddable":true,"href":"https:\/\/www.manquepierda.com\/historiarealbetis\/wp-json\/wp\/v2\/media\/10470"}],"wp:attachment":[{"href":"https:\/\/www.manquepierda.com\/historiarealbetis\/wp-json\/wp\/v2\/media?parent=10465"}],"wp:term":[{"taxonomy":"category","embeddable":true,"href":"https:\/\/www.manquepierda.com\/historiarealbetis\/wp-json\/wp\/v2\/categories?post=10465"},{"taxonomy":"post_tag","embeddable":true,"href":"https:\/\/www.manquepierda.com\/historiarealbetis\/wp-json\/wp\/v2\/tags?post=10465"}],"curies":[{"name":"wp","href":"https:\/\/api.w.org\/{rel}","templated":true}]}}