{"id":104688,"date":"2025-09-04T11:00:00","date_gmt":"2025-09-04T09:00:00","guid":{"rendered":"https:\/\/www.manquepierda.com\/historiarealbetis\/?p=104688"},"modified":"2025-08-27T12:32:21","modified_gmt":"2025-08-27T10:32:21","slug":"la-temporada-1989-90","status":"publish","type":"post","link":"https:\/\/www.manquepierda.com\/historiarealbetis\/la-temporada-1989-90\/","title":{"rendered":"La temporada 1989-90."},"content":{"rendered":"<div class=\"wp-block-image\">\n<figure class=\"aligncenter size-large\"><img data-recalc-dims=\"1\" loading=\"lazy\" decoding=\"async\" width=\"960\" height=\"361\" src=\"https:\/\/i0.wp.com\/www.manquepierda.com\/historiarealbetis\/files\/2025\/08\/Temporada-1989-90.jpg?resize=960%2C361&#038;ssl=1\" alt=\"\" class=\"wp-image-104689\" srcset=\"https:\/\/i0.wp.com\/www.manquepierda.com\/historiarealbetis\/files\/2025\/08\/Temporada-1989-90.jpg?resize=960%2C361&amp;ssl=1 960w, https:\/\/i0.wp.com\/www.manquepierda.com\/historiarealbetis\/files\/2025\/08\/Temporada-1989-90.jpg?resize=680%2C255&amp;ssl=1 680w, https:\/\/i0.wp.com\/www.manquepierda.com\/historiarealbetis\/files\/2025\/08\/Temporada-1989-90.jpg?resize=220%2C83&amp;ssl=1 220w, https:\/\/i0.wp.com\/www.manquepierda.com\/historiarealbetis\/files\/2025\/08\/Temporada-1989-90.jpg?resize=768%2C288&amp;ssl=1 768w, https:\/\/i0.wp.com\/www.manquepierda.com\/historiarealbetis\/files\/2025\/08\/Temporada-1989-90.jpg?w=1113&amp;ssl=1 1113w\" sizes=\"auto, (max-width: 960px) 100vw, 960px\" \/><\/figure>\n<\/div>\n\n<p><span style=\"color: #008000\">El 26 de julio de 1989 se presentaba la primera plantilla del Real Betis Balompi\u00e9 en el estadio Benito Villamar\u00edn ante unos mil aficionados, y todav\u00eda bajo la convulsi\u00f3n del descenso ante el Tenerife en la promoci\u00f3n s\u00f3lo 3 semanas antes.<\/span><\/p>\n<p><span style=\"color: #008000\">Tres d\u00edas despu\u00e9s, y hasta el 13 de agosto, se iniciaba la concentraci\u00f3n en la localidad gallega de Villalba, donde se jugaron amistosos contra el Racing Villalb\u00e9s (0-3), Pontevedra (0-5), Monforte (0-4), Lugo (0-2) y Viveiro (1-5).<\/span><\/p>\n<p><span style=\"color: #008000\">Al frente del equipo estaba Juan Corbacho (47 a\u00f1os), contratado en principio para dirigir al Betis Deportivo, pero que se hizo cargo del primer equipo ante la falta de acuerdo con los t\u00e9cnicos pretendidos.<\/span><\/p>\n<p><span style=\"color: #008000\">Las bajas en el equipo respecto a la temporada anterior fueron 5: Manuel Hierro (Tenerife), Jos\u00e9 Calleja (Sporting), Jos\u00e9 Ram\u00f3n Romo (C\u00e1diz), Juan Carlos Rojo (Palam\u00f3s) y Jos\u00e9 Ram\u00f3n Nimo (retirado). A lo largo de la temporada se produjeron nuevas bajas como las de L\u00f3pez Ufarte (retirado), S\u00e1nchez Vall\u00e9s (retirado) Y\u00e1\u00f1ez (Universidad de Chile) y Rinc\u00f3n (retirado).<\/span><\/p>\n<p><span style=\"color: #008000\">Causaron alta Antonio Le\u00f3n (Castilla) y Pepe Mel (Castell\u00f3n), volviendo de cesiones Miguel \u00c1ngel Mart\u00ednez (Recreativo) y Jos\u00e9 Antonio Rodr\u00edguez\u00a0 \u00abMelenas\u00bb (Recreativo). A lo largo de la temporada se fich\u00f3 a Manuel Oliveira (Marino) y Sergei Neimann (Dinamo Mosc\u00fa), y ascendieron desde la cantera Abel Carmona, Luis M\u00e1rquez y Jos\u00e9 Manuel Monsalvete.<\/span><\/p>\n<p><span style=\"color: #008000\">Tras la vuelta a Sevilla el Betis disput\u00f3 el Trofeo Colombino con sendos empates a 1 ante el Real Madrid en semifinales, y contra el Recreativo en la consolaci\u00f3n, quedando en tercera posici\u00f3n. La pretemporada se cerr\u00f3 con la presentaci\u00f3n en el Villamar\u00edn ante el Palmeiras (0-1) y un empate a 2 en Lebrija.<\/span><\/p>\n<p><span style=\"color: #008000\">El Betis jug\u00f3 esta temporada 2 competiciones oficiales: el Campeonato de Liga de Segunda Divisi\u00f3n y la Copa.<\/span><\/p>\n<p><span style=\"color: #008000\">La Liga se inici\u00f3 el 2 de septiembre en el Insular frente a Las Palmas y finaliz\u00f3 el 27 de mayo en El Nuevo Sardinero contra el Racing. El Betis finaliz\u00f3 en segunda posici\u00f3n, con 47 puntos, tras 16 victorias, 15 empates y 7 derrotas, con 44 goles a favor y 29 en contra, lo que signific\u00f3 el ascenso a la Primera Divisi\u00f3n.\u00a0<\/span><\/p>\n<p><span style=\"color: #008000\">El t\u00e9cnico Juan\u00a0 Corbacho fue destituido tras la jornada 32 y sustituido por Julio Carde\u00f1osa, que logr\u00f3 en los 6 partidos finales asegurar el ascenso.<\/span><\/p>\n<p><span style=\"color: #008000\">En el torneo de Copa el Betis elimin\u00f3 a Mallorca y Castell\u00f3n, para caer ante el C\u00e1diz en octavos de final.<\/span><\/p>\n<p><span style=\"color: #008000\">En los 44 encuentros de competici\u00f3n oficial el Betis utiliz\u00f3 a 23 futbolistas:\u00a0 Chano (43), Mel (43), Miguel \u00c1ngel II (39), Pumpido (38), Julio (38), Le\u00f3n (36), Zafra (36), Ure\u00f1a (32), Jos\u00e9 Luis (31), Puma Rodr\u00edguez (31), Valent\u00edn (24), Miguel \u00c1ngel I (22), Rub\u00e9n Bilbao (21), Job (20), Monsalvete (20), Melenas (17), Recha (16), Oliveira (13), Gail (12), Neimann (7), Trujillo (6), M\u00e1rquez (4) y Abel (1).<\/span><\/p>\n<p><span style=\"color: #008000\">Los goles del Betis los marcaron Mel (26), Chano (6), Zafra (5), Puma Rodr\u00edguez (4), Monsalvete (3), Julio (1), Oliveira (1), Recha (1) y Valent\u00edn (1).<\/span><\/p>\n<p><span style=\"color: #008000\">Pepe Mel, con 22 tantos, gan\u00f3 el Pichichi al m\u00e1ximo goleador de la categor\u00eda. M\u00e1rquez y Monsalvete fueron internacionales con la selecci\u00f3n juvenil.\u00a0<\/span><\/p>\n<p><span style=\"color: #008000\">En resumen, una campa\u00f1a dif\u00edcil y comprometida, pero en la que el equipo logr\u00f3 al objetivo del retorno a la Primera Divisi\u00f3n.\u00a0 \u00a0<\/span><\/p>\n<p><span style=\"color: #008000\">El Betis Deportivo, entrenado por Julio Carde\u00f1osa hasta su pase al primer equipo y luego por Jos\u00e9 Ram\u00f3n Esnaola, militaba en el grupo X de Tercera Divisi\u00f3n, en el que finaliz\u00f3 el primero con 57 puntos, tras 21 victorias, 15 empates y 2 derrotas, con\u00a0 64 goles a favor y 26 en contra, logrando as\u00ed el ascenso a Segunda B.\u00a0<\/span><\/p>\n<p><span style=\"color: #008000\">Otro gran \u00e9xito de la cantera fue la conquista de la Copa juvenil, tras derrotar 4-2 al Barcelona en la final jugada en Albacete. Dirigido por Jos\u00e9 Emilio del Pino, el equipo formado por Jos\u00e9 Luis; Enrique, Juanlu, Alberto,\u00a0 Ponferrada; Ca\u00f1as, Merino, M\u00e1rquez (Justo), Noria; Loreto y Cu\u00e9llar (Manolo) se impuso de forma brillante en el torneo copero, despu\u00e9s de haber sido subcampe\u00f3n de Liga.<\/span><\/p>\n<p><span style=\"color: #008000\">En la presidencia de la entidad estaba Hugo Galera (51 a\u00f1os), quien hab\u00eda accedido al cargo el 11 de julio de 1989, tras ser nombrado vicepresidente por Gerardo Mart\u00ednez Retamero, quien a continuaci\u00f3n present\u00f3 la dimisi\u00f3n. El 23 de agosto se celebr\u00f3 en el Villamar\u00edn la asamblea anual de socios, en la que se reconoci\u00f3 un d\u00e9ficit de 222 millones de pesetas en la temporada anterior y se aprob\u00f3 un presupuesto de 646 millones para la entrante. La pol\u00e9mica venta del Villamar\u00edn impulsada por la directiva anterior fue una de los grandes asuntos de la asamblea, poni\u00e9ndose tambi\u00e9n en duda el balance econ\u00f3mico presentado por la directiva saliente.\u00a0<\/span><\/p>\n<p><span style=\"color: #008000\">El 6 de junio de 1990 se celebr\u00f3 la asamblea en el Villamar\u00edn con la que se cerraba la temporada, en la que se reconoci\u00f3 un d\u00e9ficit econ\u00f3mico de 520 millones, adem\u00e1s de una deuda global cercana a los dos mil quinientos millones de pesetas. Se aprob\u00f3 tambi\u00e9n un presupuesto de 913 millones de pesetas y una subida del 20% en los abonos para la siguiente campa\u00f1a, y se inform\u00f3 que en la finalizada el club cont\u00f3 con 16.843 socios.\u00a0 <\/span><\/p>\n<p><span style=\"color: #008000\">A lo largo de la temporada se fundaron nuevas pe\u00f1as b\u00e9ticas:\u00a0 la de Jos\u00e9 Gal\u00e1n en Villaverde del R\u00edo, Gironda en Villalba del Alcor y \u00c1ngel Cu\u00e9llar en Madrid.\u00a0\u00a0<\/span><\/p>\n<p><span style=\"color: #008000\">Otros actos rese\u00f1ables fueron el D\u00eda Mundial del Beticismo en octubre o la celebraci\u00f3n de encuentros amistosos internacionales contra la selecci\u00f3n de Corea del Sur en febrero y contra el Stuttgart en mayo. \u00a0<\/span><\/p>","protected":false},"excerpt":{"rendered":"<p>El 26 de julio de 1989 se presentaba la primera plantilla del Real Betis Balompi\u00e9 en el estadio Benito Villamar\u00edn ante unos mil aficionados, y todav\u00eda bajo la convulsi\u00f3n del descenso ante el Tenerife en la promoci\u00f3n s\u00f3lo 3 semanas antes. Tres d\u00edas despu\u00e9s, y hasta el 13 de agosto, se iniciaba la concentraci\u00f3n en&#8230;<\/p>\n","protected":false},"author":5,"featured_media":104689,"comment_status":"open","ping_status":"open","sticky":false,"template":"","format":"standard","meta":{"_kad_post_transparent":"","_kad_post_title":"","_kad_post_layout":"","_kad_post_sidebar_id":"","_kad_post_content_style":"","_kad_post_vertical_padding":"","_kad_post_feature":"","_kad_post_feature_position":"","_kad_post_header":false,"_kad_post_footer":false,"_kad_post_classname":"","_jetpack_memberships_contains_paid_content":false,"footnotes":"","jetpack_publicize_message":"","jetpack_publicize_feature_enabled":true,"jetpack_social_post_already_shared":true,"jetpack_social_options":{"image_generator_settings":{"template":"highway","default_image_id":0,"font":"","enabled":false},"version":2}},"categories":[904,906,1],"tags":[2228,17914,18748,17870,17981],"class_list":["post-104688","post","type-post","status-publish","format-standard","has-post-thumbnail","hentry","category-1980-1989","category-investigacion-temas","category-portada","tag-1989-90","tag-copa-1989-90","tag-copa-juvenil-1990","tag-liga-segunda-1989-90","tag-liga-tercera-1989-90"],"jetpack_publicize_connections":[],"jetpack_featured_media_url":"https:\/\/i0.wp.com\/www.manquepierda.com\/historiarealbetis\/files\/2025\/08\/Temporada-1989-90.jpg?fit=1113%2C418&ssl=1","jetpack_sharing_enabled":true,"jetpack_shortlink":"https:\/\/wp.me\/p1ij08-rew","jetpack-related-posts":[],"_links":{"self":[{"href":"https:\/\/www.manquepierda.com\/historiarealbetis\/wp-json\/wp\/v2\/posts\/104688","targetHints":{"allow":["GET"]}}],"collection":[{"href":"https:\/\/www.manquepierda.com\/historiarealbetis\/wp-json\/wp\/v2\/posts"}],"about":[{"href":"https:\/\/www.manquepierda.com\/historiarealbetis\/wp-json\/wp\/v2\/types\/post"}],"author":[{"embeddable":true,"href":"https:\/\/www.manquepierda.com\/historiarealbetis\/wp-json\/wp\/v2\/users\/5"}],"replies":[{"embeddable":true,"href":"https:\/\/www.manquepierda.com\/historiarealbetis\/wp-json\/wp\/v2\/comments?post=104688"}],"version-history":[{"count":10,"href":"https:\/\/www.manquepierda.com\/historiarealbetis\/wp-json\/wp\/v2\/posts\/104688\/revisions"}],"predecessor-version":[{"id":104708,"href":"https:\/\/www.manquepierda.com\/historiarealbetis\/wp-json\/wp\/v2\/posts\/104688\/revisions\/104708"}],"wp:featuredmedia":[{"embeddable":true,"href":"https:\/\/www.manquepierda.com\/historiarealbetis\/wp-json\/wp\/v2\/media\/104689"}],"wp:attachment":[{"href":"https:\/\/www.manquepierda.com\/historiarealbetis\/wp-json\/wp\/v2\/media?parent=104688"}],"wp:term":[{"taxonomy":"category","embeddable":true,"href":"https:\/\/www.manquepierda.com\/historiarealbetis\/wp-json\/wp\/v2\/categories?post=104688"},{"taxonomy":"post_tag","embeddable":true,"href":"https:\/\/www.manquepierda.com\/historiarealbetis\/wp-json\/wp\/v2\/tags?post=104688"}],"curies":[{"name":"wp","href":"https:\/\/api.w.org\/{rel}","templated":true}]}}