{"id":104793,"date":"2025-09-05T11:00:00","date_gmt":"2025-09-05T09:00:00","guid":{"rendered":"https:\/\/www.manquepierda.com\/historiarealbetis\/?p=104793"},"modified":"2025-08-30T10:59:57","modified_gmt":"2025-08-30T08:59:57","slug":"los-27-goles-de-jose-vergara","status":"publish","type":"post","link":"https:\/\/www.manquepierda.com\/historiarealbetis\/los-27-goles-de-jose-vergara\/","title":{"rendered":"Los 27 goles de Jos\u00e9 Vergara."},"content":{"rendered":"<div class=\"wp-block-image\">\n<figure class=\"aligncenter size-full\"><img data-recalc-dims=\"1\" loading=\"lazy\" decoding=\"async\" width=\"837\" height=\"541\" src=\"https:\/\/i0.wp.com\/www.manquepierda.com\/historiarealbetis\/files\/2025\/08\/Jose-Vergara.jpg?resize=837%2C541&#038;ssl=1\" alt=\"\" class=\"wp-image-104794\" srcset=\"https:\/\/i0.wp.com\/www.manquepierda.com\/historiarealbetis\/files\/2025\/08\/Jose-Vergara.jpg?w=837&amp;ssl=1 837w, https:\/\/i0.wp.com\/www.manquepierda.com\/historiarealbetis\/files\/2025\/08\/Jose-Vergara.jpg?resize=680%2C440&amp;ssl=1 680w, https:\/\/i0.wp.com\/www.manquepierda.com\/historiarealbetis\/files\/2025\/08\/Jose-Vergara.jpg?resize=220%2C142&amp;ssl=1 220w, https:\/\/i0.wp.com\/www.manquepierda.com\/historiarealbetis\/files\/2025\/08\/Jose-Vergara.jpg?resize=768%2C496&amp;ssl=1 768w\" sizes=\"auto, (max-width: 837px) 100vw, 837px\" \/><\/figure>\n<\/div>\n\n<p>\u00a0<\/p>\n<p><span style=\"color: #008000\">Jos\u00e9 Vergara jug\u00f3 en el Betis entre 1950 y 1953. Un delantero centro cl\u00e1sico, de los de fuerza, empuje y furia, en contraposici\u00f3n, por ejemplo, a Dom\u00ednguez, que era un jugador con una superior definici\u00f3n t\u00e9cnica.<\/span><\/p>\n<p><span style=\"color: #008000\">Vergara marc\u00f3 27 goles en competici\u00f3n oficial con el el Betis, en 36 partidos, lo que da una media de 0,75 goles por partido.<\/span><\/p>\n<p><span style=\"color: #008000\">Marc\u00f3 18 goles en Heli\u00f3polis y 9 en terrenos rivales. Sus tantos se repartieron entre 15 obtenidos en la Liga de Tercera Divisi\u00f3n y 12 en la Copa Andaluc\u00eda.<\/span><\/p>\n<p><span style=\"color: #008000\">Hizo 3 tantos de cabeza, 1 de penalti, 1 desde fuera del \u00e1rea, 1 en lanzamiento de falta y 21 con remates con el pie en el interior del \u00e1rea.<\/span><\/p>\n<p><span style=\"color: #008000\">Marc\u00f3 goles a 12 equipos distintos, siendo el San Fernando, al que hizo 4 goles, su principal diana, seguido de Utrera, Xerez, C\u00e1diz y Balomp\u00e9dica Linense, a los que hizo 3.<\/span><\/p>\n<p><span style=\"color: #008000\">Su primer gol con el Betis lo marc\u00f3 en Heli\u00f3polis el 14 de enero de 1951 al Utrera en partido de Liga; el \u00faltimo el 31 de mayo de 1953 en Heli\u00f3polis frente al Xerez en la Copa Andaluc\u00eda.\u00a0\u00a0<\/span><\/p>","protected":false},"excerpt":{"rendered":"<p>\u00a0 Jos\u00e9 Vergara jug\u00f3 en el Betis entre 1950 y 1953. Un delantero centro cl\u00e1sico, de los de fuerza, empuje y furia, en contraposici\u00f3n, por ejemplo, a Dom\u00ednguez, que era un jugador con una superior definici\u00f3n t\u00e9cnica. Vergara marc\u00f3 27 goles en competici\u00f3n oficial con el el Betis, en 36 partidos, lo que da una&#8230;<\/p>\n","protected":false},"author":5,"featured_media":104794,"comment_status":"open","ping_status":"open","sticky":false,"template":"","format":"standard","meta":{"_kad_post_transparent":"","_kad_post_title":"","_kad_post_layout":"","_kad_post_sidebar_id":"","_kad_post_content_style":"","_kad_post_vertical_padding":"","_kad_post_feature":"","_kad_post_feature_position":"","_kad_post_header":false,"_kad_post_footer":false,"_kad_post_classname":"","_jetpack_memberships_contains_paid_content":false,"footnotes":"","jetpack_publicize_message":"","jetpack_publicize_feature_enabled":true,"jetpack_social_post_already_shared":true,"jetpack_social_options":{"image_generator_settings":{"template":"highway","default_image_id":0,"font":"","enabled":false},"version":2}},"categories":[906,893,1],"tags":[17150,4662],"class_list":["post-104793","post","type-post","status-publish","format-standard","has-post-thumbnail","hentry","category-investigacion-temas","category-jugadores-temas","category-portada","tag-goleadores-verdiblancos","tag-jose-vergara"],"jetpack_publicize_connections":[],"jetpack_featured_media_url":"https:\/\/i0.wp.com\/www.manquepierda.com\/historiarealbetis\/files\/2025\/08\/Jose-Vergara.jpg?fit=837%2C541&ssl=1","jetpack_sharing_enabled":true,"jetpack_shortlink":"https:\/\/wp.me\/p1ij08-rgd","jetpack-related-posts":[],"_links":{"self":[{"href":"https:\/\/www.manquepierda.com\/historiarealbetis\/wp-json\/wp\/v2\/posts\/104793","targetHints":{"allow":["GET"]}}],"collection":[{"href":"https:\/\/www.manquepierda.com\/historiarealbetis\/wp-json\/wp\/v2\/posts"}],"about":[{"href":"https:\/\/www.manquepierda.com\/historiarealbetis\/wp-json\/wp\/v2\/types\/post"}],"author":[{"embeddable":true,"href":"https:\/\/www.manquepierda.com\/historiarealbetis\/wp-json\/wp\/v2\/users\/5"}],"replies":[{"embeddable":true,"href":"https:\/\/www.manquepierda.com\/historiarealbetis\/wp-json\/wp\/v2\/comments?post=104793"}],"version-history":[{"count":3,"href":"https:\/\/www.manquepierda.com\/historiarealbetis\/wp-json\/wp\/v2\/posts\/104793\/revisions"}],"predecessor-version":[{"id":104797,"href":"https:\/\/www.manquepierda.com\/historiarealbetis\/wp-json\/wp\/v2\/posts\/104793\/revisions\/104797"}],"wp:featuredmedia":[{"embeddable":true,"href":"https:\/\/www.manquepierda.com\/historiarealbetis\/wp-json\/wp\/v2\/media\/104794"}],"wp:attachment":[{"href":"https:\/\/www.manquepierda.com\/historiarealbetis\/wp-json\/wp\/v2\/media?parent=104793"}],"wp:term":[{"taxonomy":"category","embeddable":true,"href":"https:\/\/www.manquepierda.com\/historiarealbetis\/wp-json\/wp\/v2\/categories?post=104793"},{"taxonomy":"post_tag","embeddable":true,"href":"https:\/\/www.manquepierda.com\/historiarealbetis\/wp-json\/wp\/v2\/tags?post=104793"}],"curies":[{"name":"wp","href":"https:\/\/api.w.org\/{rel}","templated":true}]}}