{"id":104854,"date":"2025-09-08T11:00:00","date_gmt":"2025-09-08T09:00:00","guid":{"rendered":"https:\/\/www.manquepierda.com\/historiarealbetis\/?p=104854"},"modified":"2025-09-05T20:18:45","modified_gmt":"2025-09-05T18:18:45","slug":"entrevista-leo-baptistao-2014","status":"publish","type":"post","link":"https:\/\/www.manquepierda.com\/historiarealbetis\/entrevista-leo-baptistao-2014\/","title":{"rendered":"Entrevista Leo Baptistao 2014."},"content":{"rendered":"<div class=\"wp-block-image\">\n<figure class=\"aligncenter size-full\"><img data-recalc-dims=\"1\" loading=\"lazy\" decoding=\"async\" width=\"357\" height=\"626\" src=\"https:\/\/i0.wp.com\/www.manquepierda.com\/historiarealbetis\/files\/2025\/09\/Entrevista-Leo-Baptistao-2014-NMP-Marca-18-01-2014.jpg?resize=357%2C626&#038;ssl=1\" alt=\"\" class=\"wp-image-104855\" srcset=\"https:\/\/i0.wp.com\/www.manquepierda.com\/historiarealbetis\/files\/2025\/09\/Entrevista-Leo-Baptistao-2014-NMP-Marca-18-01-2014.jpg?w=357&amp;ssl=1 357w, https:\/\/i0.wp.com\/www.manquepierda.com\/historiarealbetis\/files\/2025\/09\/Entrevista-Leo-Baptistao-2014-NMP-Marca-18-01-2014.jpg?resize=342%2C600&amp;ssl=1 342w\" sizes=\"auto, (max-width: 357px) 100vw, 357px\" \/><\/figure>\n<\/div>\n\n<p>El futbolista brasile\u00f1o Leo Baptistao fue uno de los refuerzos del mercado de invierno en la temporada 2013-14, llegando cedido del Atl\u00e9tico de Madrid.<\/p>\n<p>El joven delantero, de 22 a\u00f1os, era la apuesta para reforzar el eje del ataque verdiblanco, aunque su prestaci\u00f3n fue muy d\u00e9bil: 2 goles en 22 partidos oficiales disputados. En esta entrevista, publicada en el diario deportivo Marca, y a cargo del periodista Miguel \u00c1ngel Mor\u00e1n, la v\u00edspera de jugar en el Villamar\u00edn contra el Real Madrid el 18 de enero, sin embargo reflejaba un gran optimismo sobre las posibilidades de salvaci\u00f3n del equipo, algo que la realidad desminti\u00f3 totalmente a lo largo de la temporada.<\/p>\n<p><span style=\"color: #008000\"><em>Su f\u00fatbol, su ilusi\u00f3n y su car\u00e1cter humilde, amable y repleto de simpat\u00eda han conquistado a la afici\u00f3n b\u00e9tica en apenas siete d\u00edas. Leo Baptistao, la nueva estrella del Benito Villamar\u00edn, habla para MARCA a pocas horas de que su nuevo equipo se vea las caras con el todopoderoso Real Madrid.<\/em><\/span><\/p>\n<ul>\n<li><span style=\"color: #008000\"><em>\u00bfC\u00f3mo han sido estas primeras semanas en el Betis y en la ciudad?<\/em><\/span><\/li>\n<li><span style=\"color: #008000\"><em>Mis primeros d\u00edas aqu\u00ed est\u00e1n siendo muy felices. Estoy muy bien aqu\u00ed en el Betis, en Sevilla, me estoy adaptando muy bien y ahora s\u00f3lo falta que consigamos ganar partidos. Estamos jugando cada vez mejor, el equipo est\u00e1 muy unido y creo que podemos sacar adelante<\/em><\/span><\/li>\n<li><span style=\"color: #008000\"><em>\u00bfQu\u00e9 ambiente se ha encontrado en el vestuario?<\/em><\/span><\/li>\n<li><span style=\"color: #008000\"><em>El ambiente es el que esperaba. Ya conoc\u00eda a Jordi Figueras, coincid\u00ed con \u00e9l en el Rayo Vallecano, y a Cedric, y antes de venir ya les pregunt\u00e9 c\u00f3mo estaba el vestuario. Me dijeron que estaba muy tranquilo y muy unido, que todos quer\u00edan sacar esto adelante y es lo que me he encontrado<\/em><\/span><\/li>\n<li><span style=\"color: #008000\"><em>Con ofertas del Rayo Vallecano, Granada, Almer\u00eda\u2026 \u00bfPor qu\u00e9 eligi\u00f3 el Betis?<\/em><\/span><\/li>\n<li><span style=\"color: #008000\"><em>Mi familia, mis agentes y yo pensamos que deportivamente el Betis me iba a aportar m\u00e1s cosas. Que iba a jugar m\u00e1s y a aprender m\u00e1s, as\u00ed que fue una buena apuesta de la que no nos arrepentimos.<\/em><\/span><\/li>\n<li><span style=\"color: #008000\"><em>En la situaci\u00f3n en que se encuentra el Betis en la Liga. \u00bfestos cinco meses aqu\u00ed son un reto personal para usted?<\/em><\/span><\/li>\n<li><span style=\"color: #008000\"><em>Son un reto para m\u00ed y para el equipo. Creo que junto a mis compa\u00f1eros vamos a trabajar duro para sacar esto adelante. Sabemos que no va a ser f\u00e1cil, pero estamos convencidos de hacer una buena segunda vuelta<\/em><\/span><\/li>\n<li><span style=\"color: #008000\"><em>\u00bfEn qu\u00e9 cree que est\u00e1 fallando el equipo?<\/em><\/span><\/li>\n<li><span style=\"color: #008000\"><em>El problema es que nos falta suerte. Creamos bastantes ocasiones, pero siempre pasa algo y no marcamos. Siempre, por alg\u00fan detalle, alg\u00fan peque\u00f1o fallo que cometemos, encajamos gol. Y esto nos est\u00e1 costando los partidos<\/em><\/span><\/li>\n<li><span style=\"color: #008000\"><em>Pero el mi\u00e9rcoles pasado en Copa, en San Mam\u00e9s, ni siquiera chutaron a puerta\u2026<\/em><\/span><\/li>\n<li><span style=\"color: #008000\"><em>No fue el partido que esper\u00e1bamos, y adem\u00e1s no era como un partido normal de Liga porque \u00edbamos con ventaja. Intentamos pasar, pero no fue posible <\/em><\/span><\/li>\n<li><span style=\"color: #008000\"><em>\u00bfLa actitud del equipo es distinta a la que ve\u00eda en sus ex compa\u00f1eros del Atl\u00e9tico de Madrid?<\/em><\/span><\/li>\n<li><span style=\"color: #008000\"><em>No, no hay diferencia porque todos los jugadores, tanto en el Betis como en el Atl\u00e9tico, quieren ganar los partidos y son agresivos. Todos tienen mucha ambici\u00f3n, as\u00ed que no veo mucha diferencia<\/em><\/span><\/li>\n<li><span style=\"color: #008000\"><em>\u00bfC\u00f3mo puede salvarse el Betis del descenso?<\/em><\/span><\/li>\n<li><span style=\"color: #008000\"><em>Lo que falta es seguir unidos, estar convencidos de que podemos superar esta situaci\u00f3n, y que juguemos con intensidad, con agresividad y apoy\u00e1ndonos entre nosotros. Creo que el equipo tiene muy buenos jugadores, para m\u00ed es una sorpresa que el Betis est\u00e9 tan abajo<\/em><\/span><\/li>\n<li><span style=\"color: #008000\"><em>Ning\u00fan equipo en la historia reciente de la Liga se ha salvado con 11 puntos en la primera vuelta\u2026<\/em><\/span><\/li>\n<li><span style=\"color: #008000\"><em>Pues nosotros seremos los primeros en conseguirlo<\/em><\/span><\/li>\n<li><span style=\"color: #008000\"><em>\u00bfPuede el Betis actual ganarle a este Real Madrid?<\/em><\/span><\/li>\n<li><span style=\"color: #008000\"><em>El partido es dif\u00edcil, ellos tienen muy buenos jugadores, pero no tenemos que tener miedo. Hay que tener fe en que podemos llevarnos los tres puntos<\/em><\/span><\/li>\n<li><span style=\"color: #008000\"><em>\u00bfLos tres puntos? \u00bfHabla usted en serio?<\/em><\/span><\/li>\n<li><span style=\"color: #008000\"><em>Pensamos de verdad que podemos empezar a remontar hoy. Tenemos el apoyo de la afici\u00f3n, que es un jugador m\u00e1s para nosotros, y creo que podemos hacer un gran partido y salir del campo con buenas sensaciones<\/em><\/span><\/li>\n<li><span style=\"color: #008000\"><em>Si fuera as\u00ed, le har\u00eda adem\u00e1s un favor a su otro equipo, el Atl\u00e9tico de Madrid<\/em><\/span><\/li>\n<li><span style=\"color: #008000\"><em>S\u00ed, estar\u00eda muy contento si lo consigui\u00e9ramos. Quiere ganar por el Betis, por el Atl\u00e9tico y por m\u00ed<\/em><\/span><\/li>\n<li><span style=\"color: #008000\"><em>\u00bfLe han llamado sus amigos del Atl\u00e9tico para que afine la punter\u00eda esta tarde?<\/em><\/span><\/li>\n<li><span style=\"color: #008000\"><em>Ellos no est\u00e1n muy preocupados por el resto de los equipos. Piensan s\u00f3lo en s\u00ed mismos, en ir partido a partido y seguir sumando puntos. S\u00ed me han llamado para felicitarme por los partidos que he hecho y para desearme buena suerte. Tengo muy buena relaci\u00f3n con ellos<\/em><\/span><\/li>\n<li><span style=\"color: #008000\"><em>Rub\u00e9n Castro dijo que la eliminaci\u00f3n en Copa les vendr\u00eda bien. \u00bfEst\u00e1 de acuerdo?<\/em><\/span><\/li>\n<li><span style=\"color: #008000\"><em>S\u00ed, todos pensamos como \u00e9l. Todos tenemos la misma idea; ahora podemos centrarnos s\u00f3lo en la Liga, que es lo m\u00e1s importante ahora<\/em><\/span><\/li>\n<li><span style=\"color: #008000\"><em>Y para terminar, \u00bfqu\u00e9 es lo que m\u00e1s le ha sorprendido en estos primeros d\u00edas como b\u00e9tico?<\/em><\/span><\/li>\n<li><span style=\"color: #008000\"><em>Me ha sorprendido la pasi\u00f3n, el sentimiento que hay por el Betis, lo unida que est\u00e1 la afici\u00f3n\u2026 Es incre\u00edble <\/em><\/span><\/li>\n<\/ul>","protected":false},"excerpt":{"rendered":"<p>El futbolista brasile\u00f1o Leo Baptistao fue uno de los refuerzos del mercado de invierno en la temporada 2013-14, llegando cedido del Atl\u00e9tico de Madrid. El joven delantero, de 22 a\u00f1os, era la apuesta para reforzar el eje del ataque verdiblanco, aunque su prestaci\u00f3n fue muy d\u00e9bil: 2 goles en 22 partidos oficiales disputados. En esta&#8230;<\/p>\n","protected":false},"author":5,"featured_media":104855,"comment_status":"open","ping_status":"open","sticky":false,"template":"","format":"standard","meta":{"_kad_post_transparent":"","_kad_post_title":"","_kad_post_layout":"","_kad_post_sidebar_id":"","_kad_post_content_style":"","_kad_post_vertical_padding":"","_kad_post_feature":"","_kad_post_feature_position":"","_kad_post_header":false,"_kad_post_footer":false,"_kad_post_classname":"","_jetpack_memberships_contains_paid_content":false,"footnotes":"","jetpack_publicize_message":"","jetpack_publicize_feature_enabled":true,"jetpack_social_post_already_shared":true,"jetpack_social_options":{"image_generator_settings":{"template":"highway","default_image_id":0,"font":"","enabled":false},"version":2}},"categories":[15447,893,1],"tags":[17224,16752,10037,18708],"class_list":["post-104854","post","type-post","status-publish","format-standard","has-post-thumbnail","hentry","category-2010-2019","category-jugadores-temas","category-portada","tag-2013-14","tag-16752","tag-leo-baptistao","tag-miguel-angel-moran"],"jetpack_publicize_connections":[],"jetpack_featured_media_url":"https:\/\/i0.wp.com\/www.manquepierda.com\/historiarealbetis\/files\/2025\/09\/Entrevista-Leo-Baptistao-2014-NMP-Marca-18-01-2014.jpg?fit=357%2C626&ssl=1","jetpack_sharing_enabled":true,"jetpack_shortlink":"https:\/\/wp.me\/p1ij08-rhc","jetpack-related-posts":[],"_links":{"self":[{"href":"https:\/\/www.manquepierda.com\/historiarealbetis\/wp-json\/wp\/v2\/posts\/104854","targetHints":{"allow":["GET"]}}],"collection":[{"href":"https:\/\/www.manquepierda.com\/historiarealbetis\/wp-json\/wp\/v2\/posts"}],"about":[{"href":"https:\/\/www.manquepierda.com\/historiarealbetis\/wp-json\/wp\/v2\/types\/post"}],"author":[{"embeddable":true,"href":"https:\/\/www.manquepierda.com\/historiarealbetis\/wp-json\/wp\/v2\/users\/5"}],"replies":[{"embeddable":true,"href":"https:\/\/www.manquepierda.com\/historiarealbetis\/wp-json\/wp\/v2\/comments?post=104854"}],"version-history":[{"count":3,"href":"https:\/\/www.manquepierda.com\/historiarealbetis\/wp-json\/wp\/v2\/posts\/104854\/revisions"}],"predecessor-version":[{"id":104859,"href":"https:\/\/www.manquepierda.com\/historiarealbetis\/wp-json\/wp\/v2\/posts\/104854\/revisions\/104859"}],"wp:featuredmedia":[{"embeddable":true,"href":"https:\/\/www.manquepierda.com\/historiarealbetis\/wp-json\/wp\/v2\/media\/104855"}],"wp:attachment":[{"href":"https:\/\/www.manquepierda.com\/historiarealbetis\/wp-json\/wp\/v2\/media?parent=104854"}],"wp:term":[{"taxonomy":"category","embeddable":true,"href":"https:\/\/www.manquepierda.com\/historiarealbetis\/wp-json\/wp\/v2\/categories?post=104854"},{"taxonomy":"post_tag","embeddable":true,"href":"https:\/\/www.manquepierda.com\/historiarealbetis\/wp-json\/wp\/v2\/tags?post=104854"}],"curies":[{"name":"wp","href":"https:\/\/api.w.org\/{rel}","templated":true}]}}