{"id":104868,"date":"2025-09-09T11:00:00","date_gmt":"2025-09-09T09:00:00","guid":{"rendered":"https:\/\/www.manquepierda.com\/historiarealbetis\/?p=104868"},"modified":"2025-10-08T08:29:34","modified_gmt":"2025-10-08T06:29:34","slug":"isidro-reguera","status":"publish","type":"post","link":"https:\/\/www.manquepierda.com\/historiarealbetis\/isidro-reguera\/","title":{"rendered":"Isidro Reguera."},"content":{"rendered":"<div class=\"wp-block-image\">\n<figure class=\"aligncenter size-medium\"><img data-recalc-dims=\"1\" loading=\"lazy\" decoding=\"async\" width=\"367\" height=\"600\" src=\"https:\/\/i0.wp.com\/www.manquepierda.com\/historiarealbetis\/files\/2025\/09\/Isidro-Reguera-1.jpg?resize=367%2C600&#038;ssl=1\" alt=\"\" class=\"wp-image-104869\" srcset=\"https:\/\/i0.wp.com\/www.manquepierda.com\/historiarealbetis\/files\/2025\/09\/Isidro-Reguera-1-scaled.jpg?resize=367%2C600&amp;ssl=1 367w, https:\/\/i0.wp.com\/www.manquepierda.com\/historiarealbetis\/files\/2025\/09\/Isidro-Reguera-1-scaled.jpg?resize=563%2C920&amp;ssl=1 563w, https:\/\/i0.wp.com\/www.manquepierda.com\/historiarealbetis\/files\/2025\/09\/Isidro-Reguera-1-scaled.jpg?resize=768%2C1255&amp;ssl=1 768w, https:\/\/i0.wp.com\/www.manquepierda.com\/historiarealbetis\/files\/2025\/09\/Isidro-Reguera-1-scaled.jpg?resize=940%2C1536&amp;ssl=1 940w, https:\/\/i0.wp.com\/www.manquepierda.com\/historiarealbetis\/files\/2025\/09\/Isidro-Reguera-1-scaled.jpg?resize=1254%2C2048&amp;ssl=1 1254w, https:\/\/i0.wp.com\/www.manquepierda.com\/historiarealbetis\/files\/2025\/09\/Isidro-Reguera-1-scaled.jpg?w=1567&amp;ssl=1 1567w\" sizes=\"auto, (max-width: 367px) 100vw, 367px\" \/><\/figure>\n<\/div>\n\n<p><strong>Isidro Reguera Sivianes,<\/strong> nacido el 22 de febrero de 1922 en Camas (Sevilla) y fallecido el 18 de enero de 2002.<\/p>\n<p>Defensa.<\/p>\n<p>Tras empezar a jugar en el club de su localidad natal, pas\u00f3 por el Triana y el Calavera, filial b\u00e9tico de la \u00e9poca, El 12 de marzo de 1944 se estren\u00f3 en partido oficial con el primer equipo b\u00e9tico, en el campo de Torrero, con motivo de un Zaragoza-Betis de la jornada 22 del Campeonato de Liga de Segunda Divisi\u00f3n. Esa temporada se aline\u00f3 en 3 encuentros ligueros, as\u00ed como en 6 de la competici\u00f3n regional de la Copa Presidente.<\/p>\n<p>Desde la temporada siguiente, la 1944-45, Isidro ya permaneci\u00f3 en la primera plantilla del Betis, hasta su retirada en 1949, a\u00f1o en el que se integr\u00f3 en el equipo de su pueblo, el Camas CF, al que entren\u00f3 en numerosas ocasiones y al que dedic\u00f3 gran parte de su vida. En su recuerdo el campo municipal de Camas lleva su nombre.<\/p>\n<p>Historial.<\/p>\n<table style=\"border-collapse: collapse;width: 180pt\" border=\"0\" width=\"240\" cellspacing=\"0\" cellpadding=\"0\">\n<tbody>\n<tr style=\"height: 12.75pt\">\n<td class=\"xl67\" style=\"height: 12.75pt;width: 60pt\" width=\"80\" height=\"17\">1940-41<\/td>\n<td class=\"xl67\" style=\"border-left: none;width: 60pt\" width=\"80\">Camas<\/td>\n<td class=\"xl67\" style=\"border-left: none;width: 60pt\" width=\"80\">Regional<\/td>\n<\/tr>\n<tr style=\"height: 12.75pt\">\n<td class=\"xl67\" style=\"height: 12.75pt;border-top: none\" height=\"17\">1941-42<\/td>\n<td class=\"xl67\" style=\"border-top: none;border-left: none\">Triana<\/td>\n<td class=\"xl67\" style=\"border-top: none;border-left: none\">Regional<\/td>\n<\/tr>\n<tr style=\"height: 12.75pt\">\n<td class=\"xl70\" style=\"height: 12.75pt;border-top: none\" height=\"17\">1942-43<\/td>\n<td class=\"xl70\" style=\"border-top: none;border-left: none\">Calavera<\/td>\n<td class=\"xl67\" style=\"border-top: none;border-left: none\">Regional<\/td>\n<\/tr>\n<tr style=\"height: 12.75pt\">\n<td class=\"xl69\" style=\"height: 12.75pt;border-top: none\" height=\"17\">1943-44<\/td>\n<td class=\"xl69\" style=\"border-top: none;border-left: none\">Betis<\/td>\n<td class=\"xl67\" style=\"border-top: none;border-left: none\">Segunda<\/td>\n<\/tr>\n<tr style=\"height: 12.75pt\">\n<td class=\"xl69\" style=\"height: 12.75pt;border-top: none\" height=\"17\">1944-45<\/td>\n<td class=\"xl69\" style=\"border-top: none;border-left: none\">Betis<\/td>\n<td class=\"xl67\" style=\"border-top: none;border-left: none\">Segunda<\/td>\n<\/tr>\n<tr style=\"height: 12.75pt\">\n<td class=\"xl69\" style=\"height: 12.75pt;border-top: none\" height=\"17\">1945-46<\/td>\n<td class=\"xl69\" style=\"border-top: none;border-left: none\">Betis<\/td>\n<td class=\"xl67\" style=\"border-top: none;border-left: none\">Segunda<\/td>\n<\/tr>\n<tr style=\"height: 12.75pt\">\n<td class=\"xl69\" style=\"height: 12.75pt;border-top: none\" height=\"17\">1946-47<\/td>\n<td class=\"xl69\" style=\"border-top: none;border-left: none\">Betis<\/td>\n<td class=\"xl67\" style=\"border-top: none;border-left: none\">Segunda<\/td>\n<\/tr>\n<tr style=\"height: 12.75pt\">\n<td class=\"xl68\" style=\"height: 12.75pt;border-top: none\" height=\"17\">1947-48<\/td>\n<td class=\"xl68\" style=\"border-top: none;border-left: none\">Betis<\/td>\n<td class=\"xl67\" style=\"border-top: none;border-left: none\">Tercera<\/td>\n<\/tr>\n<tr style=\"height: 12.75pt\">\n<td class=\"xl68\" style=\"height: 12.75pt;border-top: none\" height=\"17\">1948-49<\/td>\n<td class=\"xl68\" style=\"border-top: none;border-left: none\">Betis<\/td>\n<td class=\"xl67\" style=\"border-top: none;border-left: none\">Tercera<\/td>\n<\/tr>\n<\/tbody>\n<\/table>\n<p>En sus 6 temporadas en el Betis Isidro jug\u00f3 49 partidos de Liga, 2 de Copa y 12 de competiciones regionales, en los que marc\u00f3 2 goles, as\u00ed como 30 partidos amistosos.\u00a0<\/p>","protected":false},"excerpt":{"rendered":"<p>Isidro Reguera Sivianes, nacido el 22 de febrero de 1922 en Camas (Sevilla) y fallecido el 18 de enero de 2002. Defensa. Tras empezar a jugar en el club de su localidad natal, pas\u00f3 por el Triana y el Calavera, filial b\u00e9tico de la \u00e9poca, El 12 de marzo de 1944 se estren\u00f3 en partido&#8230;<\/p>\n","protected":false},"author":5,"featured_media":104869,"comment_status":"open","ping_status":"open","sticky":false,"template":"","format":"standard","meta":{"_kad_post_transparent":"","_kad_post_title":"","_kad_post_layout":"","_kad_post_sidebar_id":"","_kad_post_content_style":"","_kad_post_vertical_padding":"","_kad_post_feature":"","_kad_post_feature_position":"","_kad_post_header":false,"_kad_post_footer":false,"_kad_post_classname":"","_jetpack_memberships_contains_paid_content":false,"footnotes":"","jetpack_publicize_message":"","jetpack_publicize_feature_enabled":true,"jetpack_social_post_already_shared":true,"jetpack_social_options":{"image_generator_settings":{"template":"highway","default_image_id":0,"font":"","enabled":false},"version":2}},"categories":[893,1],"tags":[2625],"class_list":["post-104868","post","type-post","status-publish","format-standard","has-post-thumbnail","hentry","category-jugadores-temas","category-portada","tag-isidro-reguera"],"jetpack_publicize_connections":[],"jetpack_featured_media_url":"https:\/\/i0.wp.com\/www.manquepierda.com\/historiarealbetis\/files\/2025\/09\/Isidro-Reguera-1-scaled.jpg?fit=1567%2C2560&ssl=1","jetpack_sharing_enabled":true,"jetpack_shortlink":"https:\/\/wp.me\/p1ij08-rhq","jetpack-related-posts":[],"_links":{"self":[{"href":"https:\/\/www.manquepierda.com\/historiarealbetis\/wp-json\/wp\/v2\/posts\/104868","targetHints":{"allow":["GET"]}}],"collection":[{"href":"https:\/\/www.manquepierda.com\/historiarealbetis\/wp-json\/wp\/v2\/posts"}],"about":[{"href":"https:\/\/www.manquepierda.com\/historiarealbetis\/wp-json\/wp\/v2\/types\/post"}],"author":[{"embeddable":true,"href":"https:\/\/www.manquepierda.com\/historiarealbetis\/wp-json\/wp\/v2\/users\/5"}],"replies":[{"embeddable":true,"href":"https:\/\/www.manquepierda.com\/historiarealbetis\/wp-json\/wp\/v2\/comments?post=104868"}],"version-history":[{"count":3,"href":"https:\/\/www.manquepierda.com\/historiarealbetis\/wp-json\/wp\/v2\/posts\/104868\/revisions"}],"predecessor-version":[{"id":105158,"href":"https:\/\/www.manquepierda.com\/historiarealbetis\/wp-json\/wp\/v2\/posts\/104868\/revisions\/105158"}],"wp:featuredmedia":[{"embeddable":true,"href":"https:\/\/www.manquepierda.com\/historiarealbetis\/wp-json\/wp\/v2\/media\/104869"}],"wp:attachment":[{"href":"https:\/\/www.manquepierda.com\/historiarealbetis\/wp-json\/wp\/v2\/media?parent=104868"}],"wp:term":[{"taxonomy":"category","embeddable":true,"href":"https:\/\/www.manquepierda.com\/historiarealbetis\/wp-json\/wp\/v2\/categories?post=104868"},{"taxonomy":"post_tag","embeddable":true,"href":"https:\/\/www.manquepierda.com\/historiarealbetis\/wp-json\/wp\/v2\/tags?post=104868"}],"curies":[{"name":"wp","href":"https:\/\/api.w.org\/{rel}","templated":true}]}}