{"id":104873,"date":"2025-09-13T11:00:00","date_gmt":"2025-09-13T09:00:00","guid":{"rendered":"https:\/\/www.manquepierda.com\/historiarealbetis\/?p=104873"},"modified":"2025-09-07T10:37:52","modified_gmt":"2025-09-07T08:37:52","slug":"visitamos-al-levante-ud-5","status":"publish","type":"post","link":"https:\/\/www.manquepierda.com\/historiarealbetis\/visitamos-al-levante-ud-5\/","title":{"rendered":"Visitamos al Levante UD."},"content":{"rendered":"<div class=\"wp-block-image\">\n<figure class=\"aligncenter size-full\"><img data-recalc-dims=\"1\" loading=\"lazy\" decoding=\"async\" width=\"728\" height=\"345\" src=\"https:\/\/i0.wp.com\/www.manquepierda.com\/historiarealbetis\/files\/2025\/09\/Ciutat-de-Valencia.jpg?resize=728%2C345&#038;ssl=1\" alt=\"\" class=\"wp-image-104874\" srcset=\"https:\/\/i0.wp.com\/www.manquepierda.com\/historiarealbetis\/files\/2025\/09\/Ciutat-de-Valencia.jpg?w=728&amp;ssl=1 728w, https:\/\/i0.wp.com\/www.manquepierda.com\/historiarealbetis\/files\/2025\/09\/Ciutat-de-Valencia.jpg?resize=600%2C284&amp;ssl=1 600w\" sizes=\"auto, (max-width: 728px) 100vw, 728px\" \/><\/figure>\n<\/div>\n\n<p>\u00a0<\/p>\n<p>Ma\u00f1ana a las 16,15 horas visitaremos en el Ciutat de Valencia al Levante Uni\u00f3n Deportiva, club fundado en 1909 y que ha militado 17 temporadas en Primera Divisi\u00f3n, 42 en Segunda, 12 en Segunda B y 22 en Tercera.<\/p>\n<p>La primera visita b\u00e9tica a terreno levantinista fue el\u00a011 de marzo de 1928 en un partido de Copa (fase clasificatoria por liguilla) y en el que el Betis venci\u00f3 0-1 con gol obra de Germ\u00e1n.<\/p>\n<p>Han sido un total de 27 las visitas oficiales del Betis a terreno levantinista, repartidas as\u00ed: 14 partidos en Liga de Primera (6 victorias del Levante, 2 empates y 6 victorias del Betis), 10 partidos en Segunda (6 victorias levantinistas, 1 empate y 3 victorias b\u00e9ticas), 2 partidos de Copa con sendas victorias del Betis y 1 partido del Campeonato Mancomunado Levante-Sur con victoria local.<\/p>\n<p>De estos 27 partidos 1 se jug\u00f3 en el campo de La Cruz, 1 en Mestalla, 1 en el Camilo Cano, 9 en Vallejo y 15 en el actual Ciutat de Valencia, donde reside el Levante desde 1969.<\/p>\n<p>Son 236 los futbolistas b\u00e9ticos los que han intervenido en partido de competici\u00f3n oficial en terreno del Levante. A la cabeza de ellos Joaqu\u00edn S\u00e1nchez y Cristi\u00e1n Tello, con 5 encuentros, seguidos por Marc Bartra, Andr\u00e9s Guardado, Diego Lainez, Le\u00f3n Lasa, David Rivas y Rub\u00e9n Castro con 4.<\/p>\n<p>32 son los jugadores b\u00e9ticos que han marcado en terreno levantinista, siendo Sergio Canales y Jorge Molina, con 3 tantos, los m\u00e1ximos goleadores. \u00a0<\/p>\n<p>Respecto al banquillo b\u00e9ticos, son 19 los entrenadores que han dirigido al Betis contra el Levante en Valencia. Patrick O\u00b4Connell es quien m\u00e1s lo ha hecho, en 4 ocasiones, seguido de Pepe Mel en 3.<\/p>\n<p>El entrenador del Levante, Juli\u00e1n Calero, se estrena en este partido frente al Betis, pues nunca se ha enfrentado al equipo verdiblanco con los equipos que ha dirigido.<\/p>\n<p>Entre los jugadores que han militado en los dos clubs podemos mencionar a Alex Alegr\u00eda, Gabriel Amato, Benito Romero, Bruno Gonz\u00e1lez, V\u00edctor Camarasa, Juan Casasas, Francisco Javier Casta\u00f1o, C\u00e9sar de Loma, Luis Cobos, Angel Cu\u00e9llar, \u00a0Antonio Del Pino, Manuel Dom\u00ednguez, Ram\u00f3n P\u00e9rez \u201cEspej\u00edn\u201d, Jos\u00e9 Antonio Eulate, Zouahir Feddal, Juan Antonio Garc\u00eda Soriano, Juli\u00e1n Gonell, Tom\u00e1s Guerrero, Francisco Herencia, Manuel Herrera, Jenaro Roig, Jefferson Montero, Juan Luis Amigo \u201cJuanito\u201d, Juan Luis G\u00f3mez \u201cJuanlu\u201d, Juan Manuel G\u00f3mez \u201cJuanma\u201d, Rafael Juli\u00e1, Jos\u00e9 L\u00f3pez Hidalgo, Iker Losada, Miguel Angel Lozano, Francisco Jos\u00e9 Molinero, \u00a0Jos\u00e9 Montalvo, Vicente Morera, Charles Musonda, Ignacio P\u00e9rez \u201cNacho\u201d, Victoriano Rivas \u201cNano\u201d, Tom\u00e1s Ol\u00edas, Manuel Ordaz, Jos\u00e9 Mar\u00eda Alvarez \u201cRecha\u201d, Mariano Retamar, Alberto Rivera, H\u00e9ctor Rodas, Sergio Garc\u00eda, Sergio Le\u00f3n, Xavier Torres, Joan Verd\u00fa, Francisco Javier Mu\u00f1oz \u201cXisco\u201d y Alberto Fern\u00e1ndez \u201cYurrita\u201d.<\/p>\n<p>Entre los entrenadores Fernando Daucik, Antal Dunai, Carlos Iturraspe, Juande Ramos y Joan Francesc Ferrer \u201cRubi\u201d.<\/p>","protected":false},"excerpt":{"rendered":"<p>\u00a0 Ma\u00f1ana a las 16,15 horas visitaremos en el Ciutat de Valencia al Levante Uni\u00f3n Deportiva, club fundado en 1909 y que ha militado 17 temporadas en Primera Divisi\u00f3n, 42 en Segunda, 12 en Segunda B y 22 en Tercera. La primera visita b\u00e9tica a terreno levantinista fue el\u00a011 de marzo de 1928 en un&#8230;<\/p>\n","protected":false},"author":5,"featured_media":104874,"comment_status":"open","ping_status":"open","sticky":false,"template":"","format":"standard","meta":{"_kad_post_transparent":"","_kad_post_title":"","_kad_post_layout":"","_kad_post_sidebar_id":"","_kad_post_content_style":"","_kad_post_vertical_padding":"","_kad_post_feature":"","_kad_post_feature_position":"","_kad_post_header":false,"_kad_post_footer":false,"_kad_post_classname":"","_jetpack_memberships_contains_paid_content":false,"footnotes":"","jetpack_publicize_message":"","jetpack_publicize_feature_enabled":true,"jetpack_social_post_already_shared":true,"jetpack_social_options":{"image_generator_settings":{"template":"highway","default_image_id":0,"font":"","enabled":false},"version":2}},"categories":[895,1],"tags":[16416,3584,16413,1309,1150,3581,3580,11903,3586,1343,17375,15226,16876,1489,3585,11700,3275,12973,1487,18601,4003,3280,16931,9372,1301,2354,1145,2628,1505,2318,6658,1350,2426,1213,2506,9616,13898,1125,15318,1421,1082,1395,1416,3582,1048,11681,1131,1335,1447,16414,1371,9544,16415],"class_list":["post-104873","post","type-post","status-publish","format-standard","has-post-thumbnail","hentry","category-los-rivales","category-portada","tag-alberto-fernandez-yurrita","tag-alberto-rivera","tag-alex-alegria","tag-angel-cuellar","tag-antal-dunai","tag-antonio-del-pino","tag-benito-romero","tag-bruno-gonzalez","tag-carlos-iturraspe","tag-cesar-de-loma","tag-charles-musonda","tag-fernando-daucik","tag-francisco-herencia","tag-francisco-javier-castano","tag-francisco-javier-munoz-xisco","tag-francisco-jose-molinero","tag-gabriel-amato","tag-hector-rodas","tag-ignacio-perez-nacho","tag-iker-losada","tag-jefferson-montero","tag-jenaro-roig","tag-joan-francesc-ferrer-rubi","tag-joan-verdu","tag-jose-antonio-eulate","tag-jose-lopez-hidalgo","tag-jose-maria-alvarez-recha","tag-jose-montalvo","tag-juan-antonio-garcia-soriano","tag-juan-casasas","tag-juan-luis-amigo-juanito","tag-juan-luis-gomez-juanlu","tag-juan-manuel-gomez-juanma","tag-juande-ramos","tag-julian-gonell","tag-levante-ud","tag-luis-cobos","tag-manuel-dominguez","tag-manuel-herrera","tag-manuel-ordaz","tag-mariano-retamar","tag-miguel-angel-lozano","tag-rafael-julia","tag-ramon-perez-espejin","tag-sergio-garcia","tag-sergio-leon","tag-tomas-guerrero","tag-tomas-olias","tag-vicente-morera","tag-victor-camarasa","tag-victoriano-rivas-nano","tag-xavi-torres","tag-zouahir-feddal"],"jetpack_publicize_connections":[],"jetpack_featured_media_url":"https:\/\/i0.wp.com\/www.manquepierda.com\/historiarealbetis\/files\/2025\/09\/Ciutat-de-Valencia.jpg?fit=728%2C345&ssl=1","jetpack_sharing_enabled":true,"jetpack_shortlink":"https:\/\/wp.me\/p1ij08-rhv","jetpack-related-posts":[],"_links":{"self":[{"href":"https:\/\/www.manquepierda.com\/historiarealbetis\/wp-json\/wp\/v2\/posts\/104873","targetHints":{"allow":["GET"]}}],"collection":[{"href":"https:\/\/www.manquepierda.com\/historiarealbetis\/wp-json\/wp\/v2\/posts"}],"about":[{"href":"https:\/\/www.manquepierda.com\/historiarealbetis\/wp-json\/wp\/v2\/types\/post"}],"author":[{"embeddable":true,"href":"https:\/\/www.manquepierda.com\/historiarealbetis\/wp-json\/wp\/v2\/users\/5"}],"replies":[{"embeddable":true,"href":"https:\/\/www.manquepierda.com\/historiarealbetis\/wp-json\/wp\/v2\/comments?post=104873"}],"version-history":[{"count":3,"href":"https:\/\/www.manquepierda.com\/historiarealbetis\/wp-json\/wp\/v2\/posts\/104873\/revisions"}],"predecessor-version":[{"id":104877,"href":"https:\/\/www.manquepierda.com\/historiarealbetis\/wp-json\/wp\/v2\/posts\/104873\/revisions\/104877"}],"wp:featuredmedia":[{"embeddable":true,"href":"https:\/\/www.manquepierda.com\/historiarealbetis\/wp-json\/wp\/v2\/media\/104874"}],"wp:attachment":[{"href":"https:\/\/www.manquepierda.com\/historiarealbetis\/wp-json\/wp\/v2\/media?parent=104873"}],"wp:term":[{"taxonomy":"category","embeddable":true,"href":"https:\/\/www.manquepierda.com\/historiarealbetis\/wp-json\/wp\/v2\/categories?post=104873"},{"taxonomy":"post_tag","embeddable":true,"href":"https:\/\/www.manquepierda.com\/historiarealbetis\/wp-json\/wp\/v2\/tags?post=104873"}],"curies":[{"name":"wp","href":"https:\/\/api.w.org\/{rel}","templated":true}]}}