{"id":105103,"date":"2025-10-26T13:00:00","date_gmt":"2025-10-26T12:00:00","guid":{"rendered":"https:\/\/www.manquepierda.com\/historiarealbetis\/?p=105103"},"modified":"2025-09-28T09:53:24","modified_gmt":"2025-09-28T07:53:24","slug":"hoy-hace-45-anos-barcelona-1-betis-3","status":"publish","type":"post","link":"https:\/\/www.manquepierda.com\/historiarealbetis\/hoy-hace-45-anos-barcelona-1-betis-3\/","title":{"rendered":"Hoy hace 45 a\u00f1os. Barcelona 1 Betis 3."},"content":{"rendered":"<div class=\"wp-block-image\">\n<figure class=\"aligncenter size-full\"><img data-recalc-dims=\"1\" loading=\"lazy\" decoding=\"async\" width=\"509\" height=\"378\" src=\"https:\/\/i0.wp.com\/www.manquepierda.com\/historiarealbetis\/files\/2025\/09\/26-1980-Barcelona-1-Betis-3.jpg?resize=509%2C378&#038;ssl=1\" alt=\"\" class=\"wp-image-105104\" \/><\/figure>\n<\/div>\n\n<p><span style=\"color: #008000\">El 26 de octubre de 1980 en el Nou Camp el Betis vence 1-3 al Barcelona en partido de la jornada 8 del Campeonato de Liga de Primera Divisi\u00f3n.<\/span><\/p>\n<p><span style=\"color: #008000\">En el minuto 23 un rechace de cabeza de Olmo lo empalm\u00f3 de volea Ben\u00edtez haciendo el 0-1; en el 30 empat\u00f3 el Bar\u00e7a tras una pared de Krankl con S\u00e1nchez, que remat\u00f3 de forma cruzada el ariete austriaco. En el 41 una jugada individual de Mor\u00e1n fue cortada en el \u00e1rea con un derribo de Alesanco; el propio Mor\u00e1n transform\u00f3 el penalti correspondiente, poniendo el 1-2 en el marcador. Y en el 51 un pase adelantado de Diarte sobre Carde\u00f1osa, para que \u00e9ste batiese a Artola en su salida.<\/span><\/p>\n<p><span style=\"color: #008000\">El Barcelona, entrenado por Ladislao Kubala, jug\u00f3 con Artola; Ramos, Migueli, Alesanco, Olmo; S\u00e1nchez, Canito (46, Rexach), Asensi; Quini, Krankl y Simonsen.<\/span><\/p>\n<p><span style=\"color: #008000\">El Betis, dirigido por Luis Carriega, aline\u00f3 a Esnaola; Bizcocho, Biosca, Peruena, Gordillo; L\u00f3pez, Ortega, Carde\u00f1osa (77, Alex); Mor\u00e1n, Diarte (86, Segundo) y Ben\u00edtez.<\/span><\/p>\n<p>\u00a0<\/p>\n\n\n<p><\/p>\n","protected":false},"excerpt":{"rendered":"<p>El 26 de octubre de 1980 en el Nou Camp el Betis vence 1-3 al Barcelona en partido de la jornada 8 del Campeonato de Liga de Primera Divisi\u00f3n. En el minuto 23 un rechace de cabeza de Olmo lo empalm\u00f3 de volea Ben\u00edtez haciendo el 0-1; en el 30 empat\u00f3 el Bar\u00e7a tras una&#8230;<\/p>\n","protected":false},"author":5,"featured_media":105104,"comment_status":"open","ping_status":"open","sticky":false,"template":"","format":"standard","meta":{"_kad_post_transparent":"","_kad_post_title":"","_kad_post_layout":"","_kad_post_sidebar_id":"","_kad_post_content_style":"","_kad_post_vertical_padding":"","_kad_post_feature":"","_kad_post_feature_position":"","_kad_post_header":false,"_kad_post_footer":false,"_kad_post_classname":"","_jetpack_memberships_contains_paid_content":false,"footnotes":"","jetpack_publicize_message":"","jetpack_publicize_feature_enabled":true,"jetpack_social_post_already_shared":true,"jetpack_social_options":{"image_generator_settings":{"template":"highway","default_image_id":0,"font":"","enabled":false},"version":2}},"categories":[904,14583,1],"tags":[1093,1154,17860],"class_list":["post-105103","post","type-post","status-publish","format-standard","has-post-thumbnail","hentry","category-1980-1989","category-efemerides","category-portada","tag-1093","tag-fc-barcelona","tag-liga-primera-1980-81"],"jetpack_publicize_connections":[],"jetpack_featured_media_url":"https:\/\/i0.wp.com\/www.manquepierda.com\/historiarealbetis\/files\/2025\/09\/26-1980-Barcelona-1-Betis-3.jpg?fit=509%2C378&ssl=1","jetpack_sharing_enabled":true,"jetpack_shortlink":"https:\/\/wp.me\/p1ij08-rld","jetpack-related-posts":[],"_links":{"self":[{"href":"https:\/\/www.manquepierda.com\/historiarealbetis\/wp-json\/wp\/v2\/posts\/105103","targetHints":{"allow":["GET"]}}],"collection":[{"href":"https:\/\/www.manquepierda.com\/historiarealbetis\/wp-json\/wp\/v2\/posts"}],"about":[{"href":"https:\/\/www.manquepierda.com\/historiarealbetis\/wp-json\/wp\/v2\/types\/post"}],"author":[{"embeddable":true,"href":"https:\/\/www.manquepierda.com\/historiarealbetis\/wp-json\/wp\/v2\/users\/5"}],"replies":[{"embeddable":true,"href":"https:\/\/www.manquepierda.com\/historiarealbetis\/wp-json\/wp\/v2\/comments?post=105103"}],"version-history":[{"count":1,"href":"https:\/\/www.manquepierda.com\/historiarealbetis\/wp-json\/wp\/v2\/posts\/105103\/revisions"}],"predecessor-version":[{"id":105105,"href":"https:\/\/www.manquepierda.com\/historiarealbetis\/wp-json\/wp\/v2\/posts\/105103\/revisions\/105105"}],"wp:featuredmedia":[{"embeddable":true,"href":"https:\/\/www.manquepierda.com\/historiarealbetis\/wp-json\/wp\/v2\/media\/105104"}],"wp:attachment":[{"href":"https:\/\/www.manquepierda.com\/historiarealbetis\/wp-json\/wp\/v2\/media?parent=105103"}],"wp:term":[{"taxonomy":"category","embeddable":true,"href":"https:\/\/www.manquepierda.com\/historiarealbetis\/wp-json\/wp\/v2\/categories?post=105103"},{"taxonomy":"post_tag","embeddable":true,"href":"https:\/\/www.manquepierda.com\/historiarealbetis\/wp-json\/wp\/v2\/tags?post=105103"}],"curies":[{"name":"wp","href":"https:\/\/api.w.org\/{rel}","templated":true}]}}