{"id":105138,"date":"2025-10-08T11:00:00","date_gmt":"2025-10-08T09:00:00","guid":{"rendered":"https:\/\/www.manquepierda.com\/historiarealbetis\/?p=105138"},"modified":"2025-10-04T11:12:51","modified_gmt":"2025-10-04T09:12:51","slug":"cristiano-piccini","status":"publish","type":"post","link":"https:\/\/www.manquepierda.com\/historiarealbetis\/cristiano-piccini\/","title":{"rendered":"Cristiano Piccini."},"content":{"rendered":"<div class=\"wp-block-image\">\n<figure class=\"aligncenter size-thumbnail\"><img data-recalc-dims=\"1\" loading=\"lazy\" decoding=\"async\" width=\"250\" height=\"250\" src=\"https:\/\/i0.wp.com\/www.manquepierda.com\/historiarealbetis\/files\/2025\/10\/Piccini-2.jpg?resize=250%2C250&#038;ssl=1\" alt=\"\" class=\"wp-image-105139\" srcset=\"https:\/\/i0.wp.com\/www.manquepierda.com\/historiarealbetis\/files\/2025\/10\/Piccini-2.jpg?resize=250%2C250&amp;ssl=1 250w, https:\/\/i0.wp.com\/www.manquepierda.com\/historiarealbetis\/files\/2025\/10\/Piccini-2.jpg?resize=600%2C600&amp;ssl=1 600w, https:\/\/i0.wp.com\/www.manquepierda.com\/historiarealbetis\/files\/2025\/10\/Piccini-2.jpg?resize=920%2C920&amp;ssl=1 920w, https:\/\/i0.wp.com\/www.manquepierda.com\/historiarealbetis\/files\/2025\/10\/Piccini-2.jpg?resize=768%2C768&amp;ssl=1 768w, https:\/\/i0.wp.com\/www.manquepierda.com\/historiarealbetis\/files\/2025\/10\/Piccini-2.jpg?w=999&amp;ssl=1 999w\" sizes=\"auto, (max-width: 250px) 100vw, 250px\" \/><\/figure>\n<\/div>\n\n<p><strong>Cristiano Piccini<\/strong>, nacido en Florencia (Italia) el 26 de septiembre de 1992.<\/p>\n<p>Defensa.\u00a0<\/p>\n<p>Formado en las categor\u00edas inferiores de la Fiorentina, debut\u00f3 con el primer equipo en diciembre de 2010. Posteriormente jug\u00f3 cedido en diversos equipos italianos (Carrarese, La Spezia y Livorno), para ser cedido en el verano de 2014 al Betis.<\/p>\n<p>Debut\u00f3 en partido oficial el 7 de septiembre de 2014 en El Toral\u00edn en encuentro de Liga de Segunda Divisi\u00f3n contra la Ponferradina.\u00a0<\/p>\n<p>En julio de 2015 el Betis compr\u00f3 su pase desde la Fiorentina, con un contrato por 4 temporadas.<\/p>\n<p>En las dos campa\u00f1as siguientes Piccini jug\u00f3 en el equipo verdiblanco, aunque de forma irregular debido a diversas lesiones. Al finalizar la temporada 2016-17 fue traspasado al Sporting de Portugal.<\/p>\n<p>Al a\u00f1o siguiente fich\u00f3 por el Valencia, donde estuvo 4 temporadas, con una cesi\u00f3n intermedia en el Atalanta italiano.<\/p>\n<p>En 2022 dej\u00f3 el club ch\u00e9, iniciando una carrera sucesiva por Serbia, Alemania, M\u00e9xico, Italia y Suiza, donde colg\u00f3 las botas en 2025.\u00a0<\/p>\n<p>Historial<\/p>\n<table width=\"257\">\n<tbody>\n<tr>\n<td width=\"80\">2010-11<\/td>\n<td width=\"97\">Fiorentina<\/td>\n<td width=\"80\">Primera<\/td>\n<\/tr>\n<tr>\n<td>2011-12<\/td>\n<td>Carrarese<\/td>\n<td>Segunda<\/td>\n<\/tr>\n<tr>\n<td>2012-13<\/td>\n<td>Spezia<\/td>\n<td>Segunda<\/td>\n<\/tr>\n<tr>\n<td>2013-14<\/td>\n<td>Livorno<\/td>\n<td>Primera<\/td>\n<\/tr>\n<tr>\n<td>2014-15<\/td>\n<td>Betis<\/td>\n<td>Segunda<\/td>\n<\/tr>\n<tr>\n<td>2015-16<\/td>\n<td>Betis<\/td>\n<td>Primera<\/td>\n<\/tr>\n<tr>\n<td>2016-17<\/td>\n<td>Betis<\/td>\n<td>Primera<\/td>\n<\/tr>\n<tr>\n<td>2017-18<\/td>\n<td>Sporting Lisboa<\/td>\n<td>Primera<\/td>\n<\/tr>\n<tr>\n<td>2018-19<\/td>\n<td>Valencia<\/td>\n<td>Primera<\/td>\n<\/tr>\n<tr>\n<td>2019-20<\/td>\n<td>Valencia<\/td>\n<td>Primera<\/td>\n<\/tr>\n<tr>\n<td>2020-21<\/td>\n<td>Atalanta<\/td>\n<td>Primera<\/td>\n<\/tr>\n<tr>\n<td>2020-21<\/td>\n<td>Valencia<\/td>\n<td>Primera<\/td>\n<\/tr>\n<tr>\n<td>2021-22<\/td>\n<td>Valencia<\/td>\n<td>Primera<\/td>\n<\/tr>\n<tr>\n<td>2021-22<\/td>\n<td>Estrella Roja<\/td>\n<td>Primera<\/td>\n<\/tr>\n<tr>\n<td>2022-23<\/td>\n<td>Magdeburgo<\/td>\n<td>Segunda<\/td>\n<\/tr>\n<tr>\n<td>2023-24<\/td>\n<td>Sampdoria<\/td>\n<td>Segunda<\/td>\n<\/tr>\n<tr>\n<td>2024-25<\/td>\n<td>Atl. San Luis<\/td>\n<td>Primera<\/td>\n<\/tr>\n<tr>\n<td>2024-25<\/td>\n<td>Yverdon Sport<\/td>\n<td>Segunda<\/td>\n<\/tr>\n<\/tbody>\n<\/table>\n<p>En sus 3 temporadas en el Betis Piccini jug\u00f3 51 partidos de Liga, marcando 2 goles, 7 de Copa, en los que hizo un gol, y 17 amistosos, en los que marc\u00f3 un tanto.<\/p>","protected":false},"excerpt":{"rendered":"<p>Cristiano Piccini, nacido en Florencia (Italia) el 26 de septiembre de 1992. Defensa.\u00a0 Formado en las categor\u00edas inferiores de la Fiorentina, debut\u00f3 con el primer equipo en diciembre de 2010. Posteriormente jug\u00f3 cedido en diversos equipos italianos (Carrarese, La Spezia y Livorno), para ser cedido en el verano de 2014 al Betis. Debut\u00f3 en partido&#8230;<\/p>\n","protected":false},"author":5,"featured_media":105139,"comment_status":"open","ping_status":"open","sticky":false,"template":"","format":"standard","meta":{"_kad_post_transparent":"","_kad_post_title":"","_kad_post_layout":"","_kad_post_sidebar_id":"","_kad_post_content_style":"","_kad_post_vertical_padding":"","_kad_post_feature":"","_kad_post_feature_position":"","_kad_post_header":false,"_kad_post_footer":false,"_kad_post_classname":"","_jetpack_memberships_contains_paid_content":false,"footnotes":"","jetpack_publicize_message":"","jetpack_publicize_feature_enabled":true,"jetpack_social_post_already_shared":true,"jetpack_social_options":{"image_generator_settings":{"template":"highway","default_image_id":0,"font":"","enabled":false},"version":2}},"categories":[893,1],"tags":[17557],"class_list":["post-105138","post","type-post","status-publish","format-standard","has-post-thumbnail","hentry","category-jugadores-temas","category-portada","tag-cristiano-piccini"],"jetpack_publicize_connections":[],"jetpack_featured_media_url":"https:\/\/i0.wp.com\/www.manquepierda.com\/historiarealbetis\/files\/2025\/10\/Piccini-2.jpg?fit=999%2C999&ssl=1","jetpack_sharing_enabled":true,"jetpack_shortlink":"https:\/\/wp.me\/p1ij08-rlM","jetpack-related-posts":[],"_links":{"self":[{"href":"https:\/\/www.manquepierda.com\/historiarealbetis\/wp-json\/wp\/v2\/posts\/105138","targetHints":{"allow":["GET"]}}],"collection":[{"href":"https:\/\/www.manquepierda.com\/historiarealbetis\/wp-json\/wp\/v2\/posts"}],"about":[{"href":"https:\/\/www.manquepierda.com\/historiarealbetis\/wp-json\/wp\/v2\/types\/post"}],"author":[{"embeddable":true,"href":"https:\/\/www.manquepierda.com\/historiarealbetis\/wp-json\/wp\/v2\/users\/5"}],"replies":[{"embeddable":true,"href":"https:\/\/www.manquepierda.com\/historiarealbetis\/wp-json\/wp\/v2\/comments?post=105138"}],"version-history":[{"count":2,"href":"https:\/\/www.manquepierda.com\/historiarealbetis\/wp-json\/wp\/v2\/posts\/105138\/revisions"}],"predecessor-version":[{"id":105142,"href":"https:\/\/www.manquepierda.com\/historiarealbetis\/wp-json\/wp\/v2\/posts\/105138\/revisions\/105142"}],"wp:featuredmedia":[{"embeddable":true,"href":"https:\/\/www.manquepierda.com\/historiarealbetis\/wp-json\/wp\/v2\/media\/105139"}],"wp:attachment":[{"href":"https:\/\/www.manquepierda.com\/historiarealbetis\/wp-json\/wp\/v2\/media?parent=105138"}],"wp:term":[{"taxonomy":"category","embeddable":true,"href":"https:\/\/www.manquepierda.com\/historiarealbetis\/wp-json\/wp\/v2\/categories?post=105138"},{"taxonomy":"post_tag","embeddable":true,"href":"https:\/\/www.manquepierda.com\/historiarealbetis\/wp-json\/wp\/v2\/tags?post=105138"}],"curies":[{"name":"wp","href":"https:\/\/api.w.org\/{rel}","templated":true}]}}