{"id":105342,"date":"2025-10-26T11:00:00","date_gmt":"2025-10-26T10:00:00","guid":{"rendered":"https:\/\/www.manquepierda.com\/historiarealbetis\/?p=105342"},"modified":"2025-10-18T14:21:22","modified_gmt":"2025-10-18T12:21:22","slug":"con-serra-de-toledo-a-kaiserlautern","status":"publish","type":"post","link":"https:\/\/www.manquepierda.com\/historiarealbetis\/con-serra-de-toledo-a-kaiserlautern\/","title":{"rendered":"Con Serra, de Toledo a Kaiserlautern."},"content":{"rendered":"<div class=\"wp-block-image\">\n<figure class=\"aligncenter size-large\"><img data-recalc-dims=\"1\" loading=\"lazy\" decoding=\"async\" width=\"552\" height=\"920\" src=\"https:\/\/i0.wp.com\/www.manquepierda.com\/historiarealbetis\/files\/2025\/10\/19-Kaiserlautern-Betis-imagen-1.jpg?resize=552%2C920&#038;ssl=1\" alt=\"\" class=\"wp-image-105343\" srcset=\"https:\/\/i0.wp.com\/www.manquepierda.com\/historiarealbetis\/files\/2025\/10\/19-Kaiserlautern-Betis-imagen-1-scaled.jpg?resize=552%2C920&amp;ssl=1 552w, https:\/\/i0.wp.com\/www.manquepierda.com\/historiarealbetis\/files\/2025\/10\/19-Kaiserlautern-Betis-imagen-1-scaled.jpg?resize=360%2C600&amp;ssl=1 360w, https:\/\/i0.wp.com\/www.manquepierda.com\/historiarealbetis\/files\/2025\/10\/19-Kaiserlautern-Betis-imagen-1-scaled.jpg?resize=768%2C1280&amp;ssl=1 768w, https:\/\/i0.wp.com\/www.manquepierda.com\/historiarealbetis\/files\/2025\/10\/19-Kaiserlautern-Betis-imagen-1-scaled.jpg?resize=922%2C1536&amp;ssl=1 922w, https:\/\/i0.wp.com\/www.manquepierda.com\/historiarealbetis\/files\/2025\/10\/19-Kaiserlautern-Betis-imagen-1-scaled.jpg?resize=1229%2C2048&amp;ssl=1 1229w, https:\/\/i0.wp.com\/www.manquepierda.com\/historiarealbetis\/files\/2025\/10\/19-Kaiserlautern-Betis-imagen-1-scaled.jpg?w=1536&amp;ssl=1 1536w\" sizes=\"auto, (max-width: 552px) 100vw, 552px\" \/><\/figure>\n<\/div>\n\n<p>Como vimos <a href=\"https:\/\/www.manquepierda.com\/historiarealbetis\/hoy-25-anos\/\"><strong>aqu\u00ed<\/strong> <\/a>recientemente se cumplieron 30 a\u00f1os de la victoria b\u00e9tica en el campo del Kaiserlautern, en el partido de ida de los dieciseisavos de fina de la Copa de la Uefa.<\/p>\n<p>Un triunfo importante, con 2 goles de Alfonso y 1 de Alexis, que pon\u00eda al Betis pr\u00e1cticamente ya en la siguiente eliminatoria, y que el art\u00edculo que hoy traemos de Luis Carlos Peris en Diario 16 Andaluc\u00eda sirve para ponernos en el contexto hist\u00f3rico de ese triunfo continental.<\/p>\n<p>En el art\u00edculo el periodista carga gran parte de las tintas de esa victoria en el trabajo de Lorenzo Serra, quien, desde su llegada al club en febrero de 1994, fue capaz de darle la vuelta completamente al equipo b\u00e9tico, con un trabajo constante y persistente, dedicado al cien por cien a conseguir los objetivos marcados.\u00a0 De Toledo a Kaiserlautern.<\/p>\n<p><span style=\"color: #008000\"><em>La dimensi\u00f3n ofrecida por el Betis en Alemania, multiplicada por la televisi\u00f3n, puede considerarse como su ceremonia de alternativa en el f\u00fatbol continental, pero ser\u00eda conveniente desmenuzar algunos aspectos importantes en la g\u00e9nesis de esta fulgurante ascensi\u00f3n.<\/em><\/span><\/p>\n<p><span style=\"color: #008000\"><em>Aspectos de todo tipo, pero con el denominador com\u00fan de un hombre que ha resultado trascendental en el proyecto que emprendi\u00f3 Manuel Ruiz de Lopera el 30 de junio del 92, y que no encontr\u00f3 el rumbo hasta la llegada a Heli\u00f3polis del t\u00e9cnico balear, el 28 de febrero de 1994.<\/em><\/span><\/p>\n<p><span style=\"color: #008000\"><em>En menos de veinte meses, el Betis ha pasado de ser humillado en toda regla por el Toledo en el Salto del Caballo a tomar la alternativa europea. Si el triunfo de Turqu\u00eda empez\u00f3 a darle al Betis un prestigio olvidado, su disertaci\u00f3n del mi\u00e9rcoles en la l\u00f3brega atardecida del Palatinado le ha hecho acercarse a la \u00e9lite del f\u00fatbol continental, pues nadie hab\u00eda ganado en copa europea por 3-1 en el Betzenberg Stadion.<\/em><\/span><\/p>\n<p><span style=\"color: #008000\"><em>No cabe la menor duda de que el Betis era como un pollo sin cabeza que corr\u00eda sin rumbo a ninguna parte, y que tocaba fondo la tarde del 27 de febrero de 1994 en Toledo. Entre el \u00e1rbitro Contador Crespo y el presidente toledano, Emiliano Carballo, le montaron al Betis un l\u00edo fenomenal a cuento de las camisetas. Un l\u00edo ante el que s\u00f3lo se mantuvo erguido Ruiz de Lopera, pero \u00e9ste no ten\u00eda qui\u00e9n le siguiese en el terreno deportivo y hubo de perder el Betis en Toledo para encontrar la soluci\u00f3n.<\/em><\/span><\/p>\n<p><span style=\"color: #008000\"><em>Es impresionante ver c\u00f3mo se toma Lorenzo Serra un d\u00eda de trabajo cualquiera, lo que se acent\u00faa, de cara al p\u00fablico, en los d\u00edas de concentraci\u00f3n. Esos d\u00edas lo primero que hace es prohibirles a sus futbolistas que anden haraganeando por el hall del hotel. Si el partido es fuera de Sevilla, cuando el equipo arriba al lugar de concentraci\u00f3n recibe la orden de recluirse en las habitaciones hasta la hora de ir al comedor, lo que servir\u00e1 para que la atenci\u00f3n no se disperse con cazadores de aut\u00f3grafos y similares.<\/em><\/span><\/p>\n<p><span style=\"color: #008000\"><em>Tras la cena de v\u00edsperas, un paseo de diez minutos por los alrededores del hotel sin que uno solo de los futbolistas falte. Luego, a la habitaci\u00f3n y a esperar que llegue el d\u00eda del partido. Desayuno en las habitaciones\u2014en Alemania cogi\u00f3 un fort\u00edsimo enfado Serra porque no es costumbre all\u00ed tal comodidad\u2014para ir a la terapia individual, a pasar de uno en uno para recibir las consignas del jefe.<\/em><\/span><\/p>\n<p><span style=\"color: #008000\"><em>Y el jefe, que ya tiene decidida la alineaci\u00f3n, le dir\u00e1 a cada uno hasta qu\u00e9 n\u00famero de botas calza su rival m\u00e1s cercano. Sin embargo, las charlas de Serra a sus futbolistas suelen ir encaminadas m\u00e1s a c\u00f3mo usar el armamento propio que el potencial del enemigo \u201cporque conviene tomar la iniciativa y no ir a remolque del rival\u201d, suele comentar el t\u00e9cnico mallorqu\u00edn.<\/em><\/span><\/p>\n<p><span style=\"color: #008000\"><em>En las grandes solemnidades lo adoba todo con sistemas m\u00e1s o menos sofisticados. En Alemania combin\u00f3 el video con las monedas de veinte duros para dise\u00f1ar algunas cuestiones estrat\u00e9gicas. Luego, cuando iban a montar en el autocar que los llevar\u00eda a Kaiserlautern, a Serra se le encender\u00eda la bombilla y orden\u00f3 que nadie subiese al autob\u00fas y que volviesen al hotel para una nueva terapia. Esta \u00faltima ser\u00eda de grupo, y no cabe duda de que dio un magn\u00edfico resultado.<\/em><\/span><\/p>","protected":false},"excerpt":{"rendered":"<p>Como vimos aqu\u00ed recientemente se cumplieron 30 a\u00f1os de la victoria b\u00e9tica en el campo del Kaiserlautern, en el partido de ida de los dieciseisavos de fina de la Copa de la Uefa. Un triunfo importante, con 2 goles de Alfonso y 1 de Alexis, que pon\u00eda al Betis pr\u00e1cticamente ya en la siguiente eliminatoria,&#8230;<\/p>\n","protected":false},"author":5,"featured_media":105343,"comment_status":"open","ping_status":"open","sticky":false,"template":"","format":"standard","meta":{"_kad_post_transparent":"","_kad_post_title":"","_kad_post_layout":"","_kad_post_sidebar_id":"","_kad_post_content_style":"","_kad_post_vertical_padding":"","_kad_post_feature":"","_kad_post_feature_position":"","_kad_post_header":false,"_kad_post_footer":false,"_kad_post_classname":"","_jetpack_memberships_contains_paid_content":false,"footnotes":"","jetpack_publicize_message":"","jetpack_publicize_feature_enabled":true,"jetpack_social_post_already_shared":true,"jetpack_social_options":{"image_generator_settings":{"template":"highway","default_image_id":0,"font":"","enabled":false},"version":2}},"categories":[1,1176],"tags":[2459,17882,4972,1457,3220],"class_list":["post-105342","post","type-post","status-publish","format-standard","has-post-thumbnail","hentry","category-portada","category-relatos-de-futbol","tag-2459","tag-copa-uefa-1995-96","tag-kaiserlautern","tag-lorenzo-serra","tag-luis-carlos-peris"],"jetpack_publicize_connections":[],"jetpack_featured_media_url":"https:\/\/i0.wp.com\/www.manquepierda.com\/historiarealbetis\/files\/2025\/10\/19-Kaiserlautern-Betis-imagen-1-scaled.jpg?fit=1536%2C2560&ssl=1","jetpack_sharing_enabled":true,"jetpack_shortlink":"https:\/\/wp.me\/p1ij08-rp4","jetpack-related-posts":[],"_links":{"self":[{"href":"https:\/\/www.manquepierda.com\/historiarealbetis\/wp-json\/wp\/v2\/posts\/105342","targetHints":{"allow":["GET"]}}],"collection":[{"href":"https:\/\/www.manquepierda.com\/historiarealbetis\/wp-json\/wp\/v2\/posts"}],"about":[{"href":"https:\/\/www.manquepierda.com\/historiarealbetis\/wp-json\/wp\/v2\/types\/post"}],"author":[{"embeddable":true,"href":"https:\/\/www.manquepierda.com\/historiarealbetis\/wp-json\/wp\/v2\/users\/5"}],"replies":[{"embeddable":true,"href":"https:\/\/www.manquepierda.com\/historiarealbetis\/wp-json\/wp\/v2\/comments?post=105342"}],"version-history":[{"count":3,"href":"https:\/\/www.manquepierda.com\/historiarealbetis\/wp-json\/wp\/v2\/posts\/105342\/revisions"}],"predecessor-version":[{"id":105347,"href":"https:\/\/www.manquepierda.com\/historiarealbetis\/wp-json\/wp\/v2\/posts\/105342\/revisions\/105347"}],"wp:featuredmedia":[{"embeddable":true,"href":"https:\/\/www.manquepierda.com\/historiarealbetis\/wp-json\/wp\/v2\/media\/105343"}],"wp:attachment":[{"href":"https:\/\/www.manquepierda.com\/historiarealbetis\/wp-json\/wp\/v2\/media?parent=105342"}],"wp:term":[{"taxonomy":"category","embeddable":true,"href":"https:\/\/www.manquepierda.com\/historiarealbetis\/wp-json\/wp\/v2\/categories?post=105342"},{"taxonomy":"post_tag","embeddable":true,"href":"https:\/\/www.manquepierda.com\/historiarealbetis\/wp-json\/wp\/v2\/tags?post=105342"}],"curies":[{"name":"wp","href":"https:\/\/api.w.org\/{rel}","templated":true}]}}